{"id":64409,"date":"2015-12-02T15:28:29","date_gmt":"2015-12-02T18:28:29","guid":{"rendered":"http:\/\/www.eltrabajo.cl\/portal\/?p=64409"},"modified":"2015-12-02T15:29:49","modified_gmt":"2015-12-02T18:29:49","slug":"64409-2","status":"publish","type":"post","link":"https:\/\/eltrabajo.cl\/portal\/64409-2\/","title":{"rendered":"Certifican a emprendedoras de programas de Capacitaci\u00f3n y Formaci\u00f3n de Mujeres Campesinas\u00a0"},"content":{"rendered":"<figure id=\"attachment_64410\" aria-describedby=\"caption-attachment-64410\" style=\"width: 300px\" class=\"wp-caption alignleft\"><a href=\"https:\/\/i0.wp.com\/www.eltrabajo.cl\/portal\/wp-content\/uploads\/2015\/12\/Certificacion-mujeres-campesinas.jpg\"><img data-recalc-dims=\"1\" loading=\"lazy\" decoding=\"async\" class=\"wp-image-64410 size-medium\" src=\"https:\/\/i0.wp.com\/www.eltrabajo.cl\/portal\/wp-content\/uploads\/2015\/12\/Certificacion-mujeres-campesinas-300x198.jpg?resize=300%2C198\" alt=\"Autoridades provinciales certificaron a 24 usuarias del Valle de Aconcagua gracias a programas de Capacitaci\u00f3n y Formaci\u00f3n de Mujeres Campesinas.\" width=\"300\" height=\"198\" srcset=\"https:\/\/i0.wp.com\/eltrabajo.cl\/portal\/wp-content\/uploads\/2015\/12\/Certificacion-mujeres-campesinas.jpg?resize=300%2C198&amp;ssl=1 300w, https:\/\/i0.wp.com\/eltrabajo.cl\/portal\/wp-content\/uploads\/2015\/12\/Certificacion-mujeres-campesinas.jpg?resize=200%2C132&amp;ssl=1 200w, https:\/\/i0.wp.com\/eltrabajo.cl\/portal\/wp-content\/uploads\/2015\/12\/Certificacion-mujeres-campesinas.jpg?resize=227%2C150&amp;ssl=1 227w, https:\/\/i0.wp.com\/eltrabajo.cl\/portal\/wp-content\/uploads\/2015\/12\/Certificacion-mujeres-campesinas.jpg?resize=400%2C264&amp;ssl=1 400w, https:\/\/i0.wp.com\/eltrabajo.cl\/portal\/wp-content\/uploads\/2015\/12\/Certificacion-mujeres-campesinas.jpg?w=530&amp;ssl=1 530w\" sizes=\"auto, (max-width: 300px) 100vw, 300px\" \/><\/a><figcaption id=\"caption-attachment-64410\" class=\"wp-caption-text\">Autoridades provinciales certificaron a 24 usuarias del Valle de Aconcagua gracias a programas de Capacitaci\u00f3n y Formaci\u00f3n de Mujeres Campesinas.<\/figcaption><\/figure>\n<p>Durante este martes, Prodemu junto a la Gobernaci\u00f3n de San Felipe certific\u00f3 a m\u00e1s de 20 emprendedoras de todo el Valle de Aconcagua, que participaron del programa de capacitaci\u00f3n y formaci\u00f3n de mujeres campesinas del convenio suscrito entre la fundaci\u00f3n e Indap, que les entrega nuevas herramientas para desenvolverse tanto en el plano personal como econ\u00f3mico.<br \/>\nSe trata de agrupaciones de San Felipe, San Esteban, Llay Llay y Putaendo que se dedicaban a diversas labores, entre ellas, productoras de huevos de campo, humus, entre otros.<br \/>\nEn la oportunidad, el Gobernador Eduardo Le\u00f3n sostuvo que \u201ccuando hay apoyo, las mujeres demuestran una gran capacidad. Los chilenos requerimos alimentaci\u00f3n de calidad, y quienes producen esta alimentaci\u00f3n son nuestros campesinos y campesinas. Las mujeres tienen muchas potencialidades, ha demostrado la constancia en el trabajo que ellas tienen. Es por eso que la Presidenta Bachelet, ha impulsado el programa + Capaz donde hemos visto a mujeres poniendo cer\u00e1mico, soldando, entre otras labores, que la realizan de manera perfecta\u201d, sostuvo la autoridad provincial.<br \/>\nAsimismo, Le\u00f3n aprovech\u00f3 de saludar a la fundaci\u00f3n Prodemu que el pasado 28 de noviembre cumpli\u00f3 25 a\u00f1os de arduo servicio con las mujeres de norte a sur.<br \/>\nPor su parte, Mar\u00eda Ang\u00e9lica Gonz\u00e1lez, directora Provincial de Prodemu, inform\u00f3 que esta certificaci\u00f3n se desarroll\u00f3 para mujeres que finalizan el tercer a\u00f1o dentro de capacitaci\u00f3n que entrega orientaci\u00f3n en lo t\u00e9cnico, en lo social y lo comercial. \u201cEstamos contentos como fundaci\u00f3n de poder entregarle herramientas a las mujeres campesinas del mundo rural para que ellas realmente aporten al crecimiento del pa\u00eds, Adem\u00e1s, para que logren su autonom\u00eda econ\u00f3mica y tambi\u00e9n esto da rebote en la familia y la comunidad\u201d, inform\u00f3.<br \/>\nLa intenci\u00f3n, para un futuro, es extender la duraci\u00f3n de estas capacitaciones a un cuarto a\u00f1o, que les permitir\u00eda a las usuarias obtener mayores herramientas en cuanto a comercializaci\u00f3n.<\/p>\n<p>&nbsp;<\/p>\n","protected":false},"excerpt":{"rendered":"<p>Durante este martes, Prodemu junto a la Gobernaci\u00f3n de San Felipe certific\u00f3 a m\u00e1s de 20 emprendedoras de todo el Valle de Aconcagua, que participaron del programa de capacitaci\u00f3n y formaci\u00f3n de&#8230;<\/p>\n","protected":false},"author":482,"featured_media":64410,"comment_status":"open","ping_status":"open","sticky":false,"template":"","format":"standard","meta":{"advanced_seo_description":"","jetpack_seo_html_title":"","jetpack_seo_noindex":false,"_jetpack_memberships_contains_paid_content":false,"footnotes":""},"categories":[1],"tags":[],"class_list":["post-64409","post","type-post","status-publish","format-standard","has-post-thumbnail","hentry","category-cronica"],"jetpack_featured_media_url":"https:\/\/i0.wp.com\/eltrabajo.cl\/portal\/wp-content\/uploads\/2015\/12\/Certificacion-mujeres-campesinas.jpg?fit=530%2C350&ssl=1","jetpack_sharing_enabled":true,"jetpack_likes_enabled":true,"jetpack-related-posts":[],"_links":{"self":[{"href":"https:\/\/eltrabajo.cl\/portal\/wp-json\/wp\/v2\/posts\/64409","targetHints":{"allow":["GET"]}}],"collection":[{"href":"https:\/\/eltrabajo.cl\/portal\/wp-json\/wp\/v2\/posts"}],"about":[{"href":"https:\/\/eltrabajo.cl\/portal\/wp-json\/wp\/v2\/types\/post"}],"author":[{"embeddable":true,"href":"https:\/\/eltrabajo.cl\/portal\/wp-json\/wp\/v2\/users\/482"}],"replies":[{"embeddable":true,"href":"https:\/\/eltrabajo.cl\/portal\/wp-json\/wp\/v2\/comments?post=64409"}],"version-history":[{"count":0,"href":"https:\/\/eltrabajo.cl\/portal\/wp-json\/wp\/v2\/posts\/64409\/revisions"}],"wp:featuredmedia":[{"embeddable":true,"href":"https:\/\/eltrabajo.cl\/portal\/wp-json\/wp\/v2\/media\/64410"}],"wp:attachment":[{"href":"https:\/\/eltrabajo.cl\/portal\/wp-json\/wp\/v2\/media?parent=64409"}],"wp:term":[{"taxonomy":"category","embeddable":true,"href":"https:\/\/eltrabajo.cl\/portal\/wp-json\/wp\/v2\/categories?post=64409"},{"taxonomy":"post_tag","embeddable":true,"href":"https:\/\/eltrabajo.cl\/portal\/wp-json\/wp\/v2\/tags?post=64409"}],"curies":[{"name":"wp","href":"https:\/\/api.w.org\/{rel}","templated":true}]}}