{"id":64419,"date":"2015-12-02T15:36:20","date_gmt":"2015-12-02T18:36:20","guid":{"rendered":"http:\/\/www.eltrabajo.cl\/portal\/?p=64419"},"modified":"2015-12-02T15:36:20","modified_gmt":"2015-12-02T18:36:20","slug":"dos-viviendas-resultaron-danadas-tras-incendio-en-poblacion-yungay","status":"publish","type":"post","link":"https:\/\/eltrabajo.cl\/portal\/dos-viviendas-resultaron-danadas-tras-incendio-en-poblacion-yungay\/","title":{"rendered":"Dos viviendas resultaron da\u00f1adas tras incendio en poblaci\u00f3n Yungay"},"content":{"rendered":"<figure id=\"attachment_64420\" aria-describedby=\"caption-attachment-64420\" style=\"width: 300px\" class=\"wp-caption alignleft\"><a href=\"https:\/\/i0.wp.com\/www.eltrabajo.cl\/portal\/wp-content\/uploads\/2015\/12\/incendio-1.jpg\"><img data-recalc-dims=\"1\" loading=\"lazy\" decoding=\"async\" class=\"wp-image-64420 size-medium\" src=\"https:\/\/i0.wp.com\/www.eltrabajo.cl\/portal\/wp-content\/uploads\/2015\/12\/incendio-1-300x198.jpg?resize=300%2C198\" alt=\"El fuego afect\u00f3 a dos viviendas ubicadas en calle El Molino de la poblaci\u00f3n Yungay de San Felipe. (Fotograf\u00eda @igorcarrascog).\" width=\"300\" height=\"198\" srcset=\"https:\/\/i0.wp.com\/eltrabajo.cl\/portal\/wp-content\/uploads\/2015\/12\/incendio-1.jpg?resize=300%2C198&amp;ssl=1 300w, https:\/\/i0.wp.com\/eltrabajo.cl\/portal\/wp-content\/uploads\/2015\/12\/incendio-1.jpg?resize=200%2C132&amp;ssl=1 200w, https:\/\/i0.wp.com\/eltrabajo.cl\/portal\/wp-content\/uploads\/2015\/12\/incendio-1.jpg?resize=228%2C150&amp;ssl=1 228w, https:\/\/i0.wp.com\/eltrabajo.cl\/portal\/wp-content\/uploads\/2015\/12\/incendio-1.jpg?resize=400%2C263&amp;ssl=1 400w, https:\/\/i0.wp.com\/eltrabajo.cl\/portal\/wp-content\/uploads\/2015\/12\/incendio-1.jpg?w=530&amp;ssl=1 530w\" sizes=\"auto, (max-width: 300px) 100vw, 300px\" \/><\/a><figcaption id=\"caption-attachment-64420\" class=\"wp-caption-text\">El fuego afect\u00f3 a dos viviendas ubicadas en calle El Molino de la poblaci\u00f3n Yungay de San Felipe. (Fotograf\u00eda @igorcarrascog).<\/figcaption><\/figure>\n<p>Pasado de las 15:00 horas de ayer martes, un incendio afect\u00f3 a dos viviendas pareadas ubicadas en calle El Molino 267 y 268 pertenecientes a la poblaci\u00f3n Yungay de San Felipe. El fuego se habr\u00eda originado en una cocina de las viviendas en circunstancias que no hab\u00edan moradores en el lugar.<br \/>\nLa acci\u00f3n del fuego comenz\u00f3 a calcinar la estructura de la vivienda, propag\u00e1ndose de inmediato hacia el entretecho de la propiedad colindante, provocando da\u00f1os consistentes en un 70% entre ambas residencias.<br \/>\nGracias a la oportuna intervenci\u00f3n de 20 voluntarios de distintas unidades de Bomberos, se comenz\u00f3 a trabajar para aplacar las llamas y de esta manera reducir la propagaci\u00f3n hacia otras viviendas que se encontraban amenazadas por este incendio.<br \/>\nAfortunadamente, la cr\u00edtica situaci\u00f3n logr\u00f3 ser controlada por los efectivos de Bomberos a los pocos minutos, sin que se registraran personas lesionadas por esta emergencia. En cuanto al origen del fuego, el segundo Comandante de esta instituci\u00f3n, Patricio Lobos, se\u00f1al\u00f3 a Diario El Trabajo que el departamento t\u00e9cnico de Bomberos deber\u00e1 investigar las causas para la elaboraci\u00f3n de un informe.<br \/>\n\u201cTras la alarma de incendio, se constituyeron r\u00e1pidamente dos unidades de Bomberos que comenzaron su trabajo y as\u00ed evitar que las llamas afectaran a otras viviendas porque todas est\u00e1n pareadas y podr\u00eda haber sido mayor el n\u00famero de casas afectadas. Sin embargo se logr\u00f3 controlar la emergencia a los pocos minutos\u201d, precis\u00f3 el Comandante de Bomberos.<br \/>\n<strong>Pablo Salinas Sald\u00edas<\/strong><\/p>\n","protected":false},"excerpt":{"rendered":"<p>Pasado de las 15:00 horas de ayer martes, un incendio afect\u00f3 a dos viviendas pareadas ubicadas en calle El Molino 267 y 268 pertenecientes a la poblaci\u00f3n Yungay de San Felipe. El&#8230;<\/p>\n","protected":false},"author":482,"featured_media":64420,"comment_status":"open","ping_status":"open","sticky":false,"template":"","format":"standard","meta":{"advanced_seo_description":"","jetpack_seo_html_title":"","jetpack_seo_noindex":false,"_jetpack_memberships_contains_paid_content":false,"footnotes":""},"categories":[1],"tags":[],"class_list":["post-64419","post","type-post","status-publish","format-standard","has-post-thumbnail","hentry","category-cronica"],"jetpack_featured_media_url":"https:\/\/i0.wp.com\/eltrabajo.cl\/portal\/wp-content\/uploads\/2015\/12\/incendio-1.jpg?fit=530%2C349&ssl=1","jetpack_sharing_enabled":true,"jetpack_likes_enabled":true,"jetpack-related-posts":[],"_links":{"self":[{"href":"https:\/\/eltrabajo.cl\/portal\/wp-json\/wp\/v2\/posts\/64419","targetHints":{"allow":["GET"]}}],"collection":[{"href":"https:\/\/eltrabajo.cl\/portal\/wp-json\/wp\/v2\/posts"}],"about":[{"href":"https:\/\/eltrabajo.cl\/portal\/wp-json\/wp\/v2\/types\/post"}],"author":[{"embeddable":true,"href":"https:\/\/eltrabajo.cl\/portal\/wp-json\/wp\/v2\/users\/482"}],"replies":[{"embeddable":true,"href":"https:\/\/eltrabajo.cl\/portal\/wp-json\/wp\/v2\/comments?post=64419"}],"version-history":[{"count":0,"href":"https:\/\/eltrabajo.cl\/portal\/wp-json\/wp\/v2\/posts\/64419\/revisions"}],"wp:featuredmedia":[{"embeddable":true,"href":"https:\/\/eltrabajo.cl\/portal\/wp-json\/wp\/v2\/media\/64420"}],"wp:attachment":[{"href":"https:\/\/eltrabajo.cl\/portal\/wp-json\/wp\/v2\/media?parent=64419"}],"wp:term":[{"taxonomy":"category","embeddable":true,"href":"https:\/\/eltrabajo.cl\/portal\/wp-json\/wp\/v2\/categories?post=64419"},{"taxonomy":"post_tag","embeddable":true,"href":"https:\/\/eltrabajo.cl\/portal\/wp-json\/wp\/v2\/tags?post=64419"}],"curies":[{"name":"wp","href":"https:\/\/api.w.org\/{rel}","templated":true}]}}