{"id":64432,"date":"2015-12-02T15:46:38","date_gmt":"2015-12-02T18:46:38","guid":{"rendered":"http:\/\/www.eltrabajo.cl\/portal\/?p=64432"},"modified":"2015-12-02T15:46:38","modified_gmt":"2015-12-02T18:46:38","slug":"hondo-pesar-por-muerte-de-fernando-silva-emblematico-ex-director-de-la-escuela-industrial","status":"publish","type":"post","link":"https:\/\/eltrabajo.cl\/portal\/hondo-pesar-por-muerte-de-fernando-silva-emblematico-ex-director-de-la-escuela-industrial\/","title":{"rendered":"Hondo pesar por muerte de Fernando Silva, emblem\u00e1tico ex Director de la Escuela Industrial"},"content":{"rendered":"<figure id=\"attachment_64433\" aria-describedby=\"caption-attachment-64433\" style=\"width: 300px\" class=\"wp-caption alignleft\"><a href=\"https:\/\/i0.wp.com\/www.eltrabajo.cl\/portal\/wp-content\/uploads\/2015\/12\/Fernando-Silva.jpg\"><img data-recalc-dims=\"1\" loading=\"lazy\" decoding=\"async\" class=\"wp-image-64433 size-medium\" src=\"https:\/\/i0.wp.com\/www.eltrabajo.cl\/portal\/wp-content\/uploads\/2015\/12\/Fernando-Silva-300x198.jpg?resize=300%2C198\" alt=\"MUCHOS PREMIOS.- Fernando Silva Castell\u00f3n, director del Liceo Chagres, en 2013 recibi\u00f3 el premio como Mejor profesor de la Educaci\u00f3n T\u00e9cnica Profesional de toda la V Regi\u00f3n.\" width=\"300\" height=\"198\" srcset=\"https:\/\/i0.wp.com\/eltrabajo.cl\/portal\/wp-content\/uploads\/2015\/12\/Fernando-Silva.jpg?resize=300%2C198&amp;ssl=1 300w, https:\/\/i0.wp.com\/eltrabajo.cl\/portal\/wp-content\/uploads\/2015\/12\/Fernando-Silva.jpg?resize=200%2C132&amp;ssl=1 200w, https:\/\/i0.wp.com\/eltrabajo.cl\/portal\/wp-content\/uploads\/2015\/12\/Fernando-Silva.jpg?resize=227%2C150&amp;ssl=1 227w, https:\/\/i0.wp.com\/eltrabajo.cl\/portal\/wp-content\/uploads\/2015\/12\/Fernando-Silva.jpg?resize=400%2C264&amp;ssl=1 400w, https:\/\/i0.wp.com\/eltrabajo.cl\/portal\/wp-content\/uploads\/2015\/12\/Fernando-Silva.jpg?w=530&amp;ssl=1 530w\" sizes=\"auto, (max-width: 300px) 100vw, 300px\" \/><\/a><figcaption id=\"caption-attachment-64433\" class=\"wp-caption-text\">MUCHOS PREMIOS.- Fernando Silva Castell\u00f3n, director del Liceo Chagres, en 2013 recibi\u00f3 el premio como Mejor profesor de la Educaci\u00f3n T\u00e9cnica Profesional de toda la V Regi\u00f3n.<\/figcaption><\/figure>\n<p>Todas las comunidades educativas que fueron alcanzadas por \u2018la voz del Maestro\u2019 y por su trabajo transformador en el campo pedag\u00f3gico en el Valle de Aconcagua, desde ayer en la tarde lloran la muerte de Fernando Silva Castell\u00f3n, el emblem\u00e1tico ex Director de la Escuela Industrial Guillermo Richard Cuevas de San Felipe, quien actualmente se desempe\u00f1aba como Director del Liceo Polivalente de Chagres.<br \/>\nFernando Silva, de 82 a\u00f1os de edad, estaba internado en el Hospital San Camilo debido a un infarto al coraz\u00f3n sufrido hace unos diez d\u00edas. Desde ah\u00ed fue trasladado hasta la cl\u00ednica privada Tabancura, en Santiago.<\/p>\n<figure id=\"attachment_64434\" aria-describedby=\"caption-attachment-64434\" style=\"width: 300px\" class=\"wp-caption alignright\"><a href=\"https:\/\/i0.wp.com\/www.eltrabajo.cl\/portal\/wp-content\/uploads\/2015\/12\/Andres-Vargas.jpg\"><img data-recalc-dims=\"1\" loading=\"lazy\" decoding=\"async\" class=\"wp-image-64434 size-medium\" src=\"https:\/\/i0.wp.com\/www.eltrabajo.cl\/portal\/wp-content\/uploads\/2015\/12\/Andres-Vargas-300x197.jpg?resize=300%2C197\" alt=\"Andr\u00e9s Vargas Munita, actual director de la Industrial y amigo cercano de Fernando Silva.\" width=\"300\" height=\"197\" srcset=\"https:\/\/i0.wp.com\/eltrabajo.cl\/portal\/wp-content\/uploads\/2015\/12\/Andres-Vargas.jpg?resize=300%2C197&amp;ssl=1 300w, https:\/\/i0.wp.com\/eltrabajo.cl\/portal\/wp-content\/uploads\/2015\/12\/Andres-Vargas.jpg?resize=200%2C131&amp;ssl=1 200w, https:\/\/i0.wp.com\/eltrabajo.cl\/portal\/wp-content\/uploads\/2015\/12\/Andres-Vargas.jpg?resize=228%2C150&amp;ssl=1 228w, https:\/\/i0.wp.com\/eltrabajo.cl\/portal\/wp-content\/uploads\/2015\/12\/Andres-Vargas.jpg?resize=400%2C263&amp;ssl=1 400w, https:\/\/i0.wp.com\/eltrabajo.cl\/portal\/wp-content\/uploads\/2015\/12\/Andres-Vargas.jpg?w=530&amp;ssl=1 530w\" sizes=\"auto, (max-width: 300px) 100vw, 300px\" \/><\/a><figcaption id=\"caption-attachment-64434\" class=\"wp-caption-text\">Andr\u00e9s Vargas Munita, actual director de la Industrial y amigo cercano de Fernando Silva.<\/figcaption><\/figure>\n<p>Lamentablemente su estado de salud, lejos de mejorar, se resinti\u00f3 al punto que la ma\u00f1ana de este martes, alrededor de las 8:00 horas, falleci\u00f3 en la UCI de la Cl\u00ednica Tabancura, tras fallas multi-org\u00e1nicas que sufri\u00f3 al final.<br \/>\nAs\u00ed lo confirm\u00f3 a Diario El Trabajo el actual director de la Escuela Industrial, Andr\u00e9s Vargas Munita, quien destac\u00f3 que en cuanto se supo de manera oficial el fallecimiento de este insigne profesional, todo el personal de la Escuela Industrial fue convocado a una reuni\u00f3n, en donde se hizo una oraci\u00f3n por el eterno descanso de su ex Director.<\/p>\n<p><strong>S\u00d3LIDO PRESTIGIO<\/strong><br \/>\nPara todos era conocido que la matr\u00edcula del Liceo Chagres de Catemu hab\u00eda crecido como la espuma desde 92 alumnos en 2012, a 454 en 2015. Este extraordinario repunte en lo relacionado a las inscripciones en ense\u00f1anza media es el que se vino registrando desde que Fernando Silva Castell\u00f3n asumi\u00f3 la jefatura de ese establecimiento en 2012.<br \/>\nSe trata del \u00e9xito comprobado que los 34 profesores del liceo han desarrollado en las 16 salas de clases durante tres a\u00f1os en materias human\u00edsticas y t\u00e9cnica-profesional que cursa el alumnado.<\/p>\n<p><strong>\u00daLTIMA ENTREVISTA<\/strong><br \/>\nDiario El Trabajo realiz\u00f3 en abril de este a\u00f1o, una visita a dicha casa de estudios con la finalidad de conocer a los estudiantes que en ese liceo forjan las bases de su futuro como profesionales.<br \/>\n\u00abNuestro liceo es 100% municipalizado, contamos con laboratorios para que los alumnos aprendan todo lo referente a qu\u00edmica y construcci\u00f3n en estructuras met\u00e1licas, de ellos s\u00f3lo los t\u00e9cnico-profesionales deben llevar 450 horas de pr\u00e1ctica en terreno y en empresas, para poder terminar sus estudios\u00bb, coment\u00f3 en su momento a nuestro medio Fernando Silva, director del Liceo Chagres.<\/p>\n<p><strong>UNA LEYENDA<\/strong><br \/>\nFernando Silva Castell\u00f3n, apodado el &#8216;Choro Silva&#8217; por su fuerte car\u00e1cter, fue un prestigioso hombre del mundo acad\u00e9mico regional. Durante varios a\u00f1os labor\u00f3 en diferentes cargos de la \u2018Escuela de Artesanos de San Felipe\u2019 (actual Escuela Industrial), donde se desempe\u00f1\u00f3 durante a\u00f1os como Director emblem\u00e1tico del establecimiento, implantando lo que algunos llamaron la &#8216;Matriz Fernando Silva&#8217;, aquella por la cual los estudiantes que egresan de la escuela eran y siguen siendo altamente valorados en el mundo empresarial, no solo por la s\u00f3lida formaci\u00f3n t\u00e9cnico profesional que recibieron, sino por los elevados grados de responsabilidad, compromiso y respeto que exhib\u00edan. Esa formaci\u00f3n estaba basada en una estricta y f\u00e9rrea disciplina que impon\u00eda el &#8216;Choro Silva&#8217; y que se convirti\u00f3 con los a\u00f1os en el sello del establecimiento.<br \/>\nFue tambi\u00e9n director provincial de Educaci\u00f3n y desde el 1\u00ba de marzo de 2012 dirigi\u00f3 con nota 7 el Liceo Chagres. Asimismo fue nombrado hijos Ilustre de San Felipe el a\u00f1o 1999. En 2013 recibi\u00f3 el premio como Mejor profesor de la Educaci\u00f3n T\u00e9cnica Profesional de toda la V Regi\u00f3n.<br \/>\nSeg\u00fan se ha podido conocer, los restos de Fernando Silva Castell\u00f3n est\u00e1n siendo velados en la iglesia Catedral, mienras sus funerales se efectuar\u00e1n el pr\u00f3ximo jueves en un horario que se avisar\u00e1 oportunamente.<br \/>\nTodos quienes laboramos en Diario El Trabajo hoy hacemos p\u00fablico nuestro m\u00e1s Sentido P\u00e9same a los familiares de don Fernando Silva, quien diera forma y fuerza a tantas personas de nuestro Valle de Aconcagua. Descanse en paz don Fernando.<\/p>\n","protected":false},"excerpt":{"rendered":"<p>Todas las comunidades educativas que fueron alcanzadas por \u2018la voz del Maestro\u2019 y por su trabajo transformador en el campo pedag\u00f3gico en el Valle de Aconcagua, desde ayer en la tarde lloran&#8230;<\/p>\n","protected":false},"author":482,"featured_media":64433,"comment_status":"open","ping_status":"open","sticky":false,"template":"","format":"standard","meta":{"advanced_seo_description":"","jetpack_seo_html_title":"","jetpack_seo_noindex":false,"_jetpack_memberships_contains_paid_content":false,"footnotes":""},"categories":[15],"tags":[],"class_list":["post-64432","post","type-post","status-publish","format-standard","has-post-thumbnail","hentry","category-comunidad"],"jetpack_featured_media_url":"https:\/\/i0.wp.com\/eltrabajo.cl\/portal\/wp-content\/uploads\/2015\/12\/Fernando-Silva.jpg?fit=530%2C350&ssl=1","jetpack_sharing_enabled":true,"jetpack_likes_enabled":true,"jetpack-related-posts":[],"_links":{"self":[{"href":"https:\/\/eltrabajo.cl\/portal\/wp-json\/wp\/v2\/posts\/64432","targetHints":{"allow":["GET"]}}],"collection":[{"href":"https:\/\/eltrabajo.cl\/portal\/wp-json\/wp\/v2\/posts"}],"about":[{"href":"https:\/\/eltrabajo.cl\/portal\/wp-json\/wp\/v2\/types\/post"}],"author":[{"embeddable":true,"href":"https:\/\/eltrabajo.cl\/portal\/wp-json\/wp\/v2\/users\/482"}],"replies":[{"embeddable":true,"href":"https:\/\/eltrabajo.cl\/portal\/wp-json\/wp\/v2\/comments?post=64432"}],"version-history":[{"count":0,"href":"https:\/\/eltrabajo.cl\/portal\/wp-json\/wp\/v2\/posts\/64432\/revisions"}],"wp:featuredmedia":[{"embeddable":true,"href":"https:\/\/eltrabajo.cl\/portal\/wp-json\/wp\/v2\/media\/64433"}],"wp:attachment":[{"href":"https:\/\/eltrabajo.cl\/portal\/wp-json\/wp\/v2\/media?parent=64432"}],"wp:term":[{"taxonomy":"category","embeddable":true,"href":"https:\/\/eltrabajo.cl\/portal\/wp-json\/wp\/v2\/categories?post=64432"},{"taxonomy":"post_tag","embeddable":true,"href":"https:\/\/eltrabajo.cl\/portal\/wp-json\/wp\/v2\/tags?post=64432"}],"curies":[{"name":"wp","href":"https:\/\/api.w.org\/{rel}","templated":true}]}}