{"id":64440,"date":"2015-12-03T15:34:37","date_gmt":"2015-12-03T18:34:37","guid":{"rendered":"http:\/\/www.eltrabajo.cl\/portal\/?p=64440"},"modified":"2015-12-03T15:34:37","modified_gmt":"2015-12-03T18:34:37","slug":"el-prat-integrara-el-grupo-de-la-muerte-en-el-campioni-del-domani","status":"publish","type":"post","link":"https:\/\/eltrabajo.cl\/portal\/el-prat-integrara-el-grupo-de-la-muerte-en-el-campioni-del-domani\/","title":{"rendered":"El Prat integrar\u00e1 el grupo de la muerte en el Campioni del Domani"},"content":{"rendered":"<figure id=\"attachment_64441\" aria-describedby=\"caption-attachment-64441\" style=\"width: 300px\" class=\"wp-caption alignleft\"><a href=\"https:\/\/i0.wp.com\/www.eltrabajo.cl\/portal\/wp-content\/uploads\/2015\/12\/prat-en-el-domani.jpg\"><img data-recalc-dims=\"1\" loading=\"lazy\" decoding=\"async\" class=\"wp-image-64441 size-medium\" src=\"https:\/\/i0.wp.com\/www.eltrabajo.cl\/portal\/wp-content\/uploads\/2015\/12\/prat-en-el-domani-300x198.jpg?resize=300%2C198\" alt=\"El Prat desde el inicio deber\u00e1 exigirse al m\u00e1ximo en el Domani.\" width=\"300\" height=\"198\" srcset=\"https:\/\/i0.wp.com\/eltrabajo.cl\/portal\/wp-content\/uploads\/2015\/12\/prat-en-el-domani.jpg?resize=300%2C198&amp;ssl=1 300w, https:\/\/i0.wp.com\/eltrabajo.cl\/portal\/wp-content\/uploads\/2015\/12\/prat-en-el-domani.jpg?resize=200%2C132&amp;ssl=1 200w, https:\/\/i0.wp.com\/eltrabajo.cl\/portal\/wp-content\/uploads\/2015\/12\/prat-en-el-domani.jpg?resize=228%2C150&amp;ssl=1 228w, https:\/\/i0.wp.com\/eltrabajo.cl\/portal\/wp-content\/uploads\/2015\/12\/prat-en-el-domani.jpg?resize=400%2C263&amp;ssl=1 400w, https:\/\/i0.wp.com\/eltrabajo.cl\/portal\/wp-content\/uploads\/2015\/12\/prat-en-el-domani.jpg?w=530&amp;ssl=1 530w\" sizes=\"auto, (max-width: 300px) 100vw, 300px\" \/><\/a><figcaption id=\"caption-attachment-64441\" class=\"wp-caption-text\">El Prat desde el inicio deber\u00e1 exigirse al m\u00e1ximo en el Domani.<\/figcaption><\/figure>\n<ul>\n<li><strong>La 43\u00ba edici\u00f3n del reconocido torneo se realizar\u00e1 entre el 2 y 11 de enero del a\u00f1o entrante.<\/strong><\/li>\n<\/ul>\n<p>A d\u00edas que el equipo juvenil del Prat comience su trabajo con miras a lo que ser\u00e1 su incursi\u00f3n en la pr\u00f3xima edici\u00f3n del Domani, las noticias del Stadio Italiano no fueron del todo buenas para los sanfelipe\u00f1os, ya que estos quedaron sembrados en el grupo A, el que tambi\u00e9n es llamado el de \u2018la muerte\u2019 a ra\u00edz que se encuentran algunos de los quintetos m\u00e1s fuertes del certamen, como es el caso de la Universidades de Chile y Cat\u00f3lica, a los que se suman Brisas y Sergio Ceppi, equipos que hist\u00f3ricamente han cumplido un rol destacado en el torneo juvenil m\u00e1s importante del baloncesto nacional.<br \/>\nLos de la calle Santo Domingo, reconocen que el desaf\u00edo no es menor, pero conf\u00edan en que podr\u00e1n sacarlo adelante, aunque eso implique que en la pr\u00e1ctica no tendr\u00e1n partidos de estudio, por lo que desde la primera chicharra deber\u00e1n desplegar su mejor esfuerzo, para hacer diferencias en la ronda inicial y desde ah\u00ed entrar con todo en las rondas decisivas. \u201cEs un grupo muy dif\u00edcil, no ser\u00eda extra\u00f1o que de ese salga el campe\u00f3n, pero confiamos en que los chicos saldr\u00e1n adelante\u201d, se\u00f1al\u00f3 a El Trabajo Deportivo, una dirigente de la rama cestera del Prat.<br \/>\nEn todo caso y siendo justos, el otro grupo tampoco asoma muy a la mano ya que en \u00e9l est\u00e1 por ejemplo Puente Alto, el campe\u00f3n defensor, al que se agregan escuadras que cargan con mucha historia como lo son por ejemplo el Club Providencia, Sportiva Italiana de Valpara\u00edso y el due\u00f1o de casa, Stadio Italiano, es decir en el Domani, la mano para todos se viene muy pesada.<br \/>\nEn el grupo de los aconcag\u00fcinos se encuentran: Universidad de Chile, Universidad Cat\u00f3lica, Sokol, Brisas, Sergio Ceppi, Inba ; en la otra agrupaci\u00f3n est\u00e1 integrada por; Club Providencia, Estudiantes de Las Condes, Sportiva Italiana, Inba de Santiago, Stadio Italiano, Aleman de Concepci\u00f3n y Puente Alto.<\/p>\n","protected":false},"excerpt":{"rendered":"<p>La 43\u00ba edici\u00f3n del reconocido torneo se realizar\u00e1 entre el 2 y 11 de enero del a\u00f1o entrante. A d\u00edas que el equipo juvenil del Prat comience su trabajo con miras a&#8230;<\/p>\n","protected":false},"author":482,"featured_media":64441,"comment_status":"open","ping_status":"open","sticky":false,"template":"","format":"standard","meta":{"advanced_seo_description":"","jetpack_seo_html_title":"","jetpack_seo_noindex":false,"_jetpack_memberships_contains_paid_content":false,"footnotes":""},"categories":[19],"tags":[],"class_list":["post-64440","post","type-post","status-publish","format-standard","has-post-thumbnail","hentry","category-deportes"],"jetpack_featured_media_url":"https:\/\/i0.wp.com\/eltrabajo.cl\/portal\/wp-content\/uploads\/2015\/12\/prat-en-el-domani.jpg?fit=530%2C349&ssl=1","jetpack_sharing_enabled":true,"jetpack_likes_enabled":true,"jetpack-related-posts":[],"_links":{"self":[{"href":"https:\/\/eltrabajo.cl\/portal\/wp-json\/wp\/v2\/posts\/64440","targetHints":{"allow":["GET"]}}],"collection":[{"href":"https:\/\/eltrabajo.cl\/portal\/wp-json\/wp\/v2\/posts"}],"about":[{"href":"https:\/\/eltrabajo.cl\/portal\/wp-json\/wp\/v2\/types\/post"}],"author":[{"embeddable":true,"href":"https:\/\/eltrabajo.cl\/portal\/wp-json\/wp\/v2\/users\/482"}],"replies":[{"embeddable":true,"href":"https:\/\/eltrabajo.cl\/portal\/wp-json\/wp\/v2\/comments?post=64440"}],"version-history":[{"count":0,"href":"https:\/\/eltrabajo.cl\/portal\/wp-json\/wp\/v2\/posts\/64440\/revisions"}],"wp:featuredmedia":[{"embeddable":true,"href":"https:\/\/eltrabajo.cl\/portal\/wp-json\/wp\/v2\/media\/64441"}],"wp:attachment":[{"href":"https:\/\/eltrabajo.cl\/portal\/wp-json\/wp\/v2\/media?parent=64440"}],"wp:term":[{"taxonomy":"category","embeddable":true,"href":"https:\/\/eltrabajo.cl\/portal\/wp-json\/wp\/v2\/categories?post=64440"},{"taxonomy":"post_tag","embeddable":true,"href":"https:\/\/eltrabajo.cl\/portal\/wp-json\/wp\/v2\/tags?post=64440"}],"curies":[{"name":"wp","href":"https:\/\/api.w.org\/{rel}","templated":true}]}}