{"id":64443,"date":"2015-12-03T15:39:05","date_gmt":"2015-12-03T18:39:05","guid":{"rendered":"http:\/\/www.eltrabajo.cl\/portal\/?p=64443"},"modified":"2015-12-03T15:39:05","modified_gmt":"2015-12-03T18:39:05","slug":"peques-del-dario-salas-ganan-campeonato-de-mini-balonmano","status":"publish","type":"post","link":"https:\/\/eltrabajo.cl\/portal\/peques-del-dario-salas-ganan-campeonato-de-mini-balonmano\/","title":{"rendered":"Peques del Dar\u00edo Salas ganan campeonato de Mini balonmano"},"content":{"rendered":"<figure id=\"attachment_64444\" aria-describedby=\"caption-attachment-64444\" style=\"width: 300px\" class=\"wp-caption alignleft\"><a href=\"https:\/\/i0.wp.com\/www.eltrabajo.cl\/portal\/wp-content\/uploads\/2015\/12\/Salas33.jpg\"><img data-recalc-dims=\"1\" loading=\"lazy\" decoding=\"async\" class=\"wp-image-64444 size-medium\" src=\"https:\/\/i0.wp.com\/www.eltrabajo.cl\/portal\/wp-content\/uploads\/2015\/12\/Salas33-300x198.jpg?resize=300%2C198\" alt=\"LOS CAMPEONES.- Ellos son los campeones en Mini-balonmano, los chicos del Dar\u00edo Salas.\" width=\"300\" height=\"198\" srcset=\"https:\/\/i0.wp.com\/eltrabajo.cl\/portal\/wp-content\/uploads\/2015\/12\/Salas33.jpg?resize=300%2C198&amp;ssl=1 300w, https:\/\/i0.wp.com\/eltrabajo.cl\/portal\/wp-content\/uploads\/2015\/12\/Salas33.jpg?resize=200%2C132&amp;ssl=1 200w, https:\/\/i0.wp.com\/eltrabajo.cl\/portal\/wp-content\/uploads\/2015\/12\/Salas33.jpg?resize=227%2C150&amp;ssl=1 227w, https:\/\/i0.wp.com\/eltrabajo.cl\/portal\/wp-content\/uploads\/2015\/12\/Salas33.jpg?resize=400%2C264&amp;ssl=1 400w, https:\/\/i0.wp.com\/eltrabajo.cl\/portal\/wp-content\/uploads\/2015\/12\/Salas33.jpg?w=530&amp;ssl=1 530w\" sizes=\"auto, (max-width: 300px) 100vw, 300px\" \/><\/a><figcaption id=\"caption-attachment-64444\" class=\"wp-caption-text\">LOS CAMPEONES.- Ellos son los campeones en Mini-balonmano, los chicos del Dar\u00edo Salas.<\/figcaption><\/figure>\n<p><strong>SANTA MAR\u00cdA<\/strong>.- Este martes se dio por terminado un importante campeonato deportivo escolar en el que participaron estudiantes de varias escuelas santamarianas, lo hicieron en las categor\u00edas Mini de bal\u00f3n-mano y de b\u00e1squetbol. Una de las finales, la de Mini de bal\u00f3n-mano que se realiz\u00f3 el martes en el gimnasio de la Escuela Mar\u00eda Esp\u00ednola, fue bastante potente y con gran energ\u00eda.<br \/>\nLa escuadra de los chicos del Liceo Dar\u00edo Salas al final se arrancaron con el T\u00edtulo, mientras que horas m\u00e1s tarde el Colegio Santa Mar\u00eda de Aconcagua se qued\u00f3 con la copa de campeones en B\u00e1squetbol.<br \/>\n\u00abEstos son los Juegos Predeportivos del IND, en Mini-balonmano fueron seis los equipos que disputaron el t\u00edtulo, ocho en b\u00e1squetbol. Son las generaciones 1994 y 1996, ellos son ahora quienes deber\u00e1n emprender las luchas deportivas para el futuro, y por ello es que estamos prepar\u00e1ndolos desde edad temprana\u00bb, explic\u00f3 a Diario El Trabajo la entrenadora Solange Rodr\u00edgez.<\/p>\n<div class=\"tiled-gallery type-rectangular tiled-gallery-unresized\" data-original-width=\"640\" data-carousel-extra='null' itemscope itemtype=\"http:\/\/schema.org\/ImageGallery\" > <div class=\"gallery-row\" style=\"width: 640px; height: 283px;\" data-original-width=\"640\" data-original-height=\"283\" > <div class=\"gallery-group images-1\" style=\"width: 427px; height: 283px;\" data-original-width=\"427\" data-original-height=\"283\" > <div class=\"tiled-gallery-item tiled-gallery-item-large\" itemprop=\"associatedMedia\" itemscope itemtype=\"http:\/\/schema.org\/ImageObject\"> <a href=\"https:\/\/eltrabajo.cl\/portal\/peques-del-dario-salas-ganan-campeonato-de-mini-balonmano\/espinola1\/\" border=\"0\" itemprop=\"url\"> <meta itemprop=\"width\" content=\"423\"> <meta itemprop=\"height\" content=\"279\"> <img decoding=\"async\" class=\"\" data-attachment-id=\"64445\" data-orig-file=\"https:\/\/eltrabajo.cl\/portal\/wp-content\/uploads\/2015\/12\/Espinola1.jpg\" data-orig-size=\"530,350\" data-comments-opened=\"1\" data-image-meta=\"{&quot;aperture&quot;:&quot;0&quot;,&quot;credit&quot;:&quot;&quot;,&quot;camera&quot;:&quot;&quot;,&quot;caption&quot;:&quot;&quot;,&quot;created_timestamp&quot;:&quot;0&quot;,&quot;copyright&quot;:&quot;&quot;,&quot;focal_length&quot;:&quot;0&quot;,&quot;iso&quot;:&quot;0&quot;,&quot;shutter_speed&quot;:&quot;0&quot;,&quot;title&quot;:&quot;&quot;,&quot;orientation&quot;:&quot;0&quot;}\" data-image-title=\"Espinola1\" data-image-description=\"&lt;p&gt;El equipo anfitri\u00f3n de la Escuela Mar\u00eda Esp\u00ednola, posa para las c\u00e1maras de Diario El Trabajo.&lt;\/p&gt; \" data-medium-file=\"https:\/\/i0.wp.com\/eltrabajo.cl\/portal\/wp-content\/uploads\/2015\/12\/Espinola1.jpg?fit=300%2C198&#038;ssl=1\" data-large-file=\"https:\/\/i0.wp.com\/eltrabajo.cl\/portal\/wp-content\/uploads\/2015\/12\/Espinola1.jpg?fit=530%2C350&#038;ssl=1\" src=\"https:\/\/i0.wp.com\/eltrabajo.cl\/portal\/wp-content\/uploads\/2015\/12\/Espinola1.jpg?w=423&#038;h=279&#038;ssl=1\" srcset=\"https:\/\/i0.wp.com\/eltrabajo.cl\/portal\/wp-content\/uploads\/2015\/12\/Espinola1.jpg?w=530&amp;ssl=1 530w, https:\/\/i0.wp.com\/eltrabajo.cl\/portal\/wp-content\/uploads\/2015\/12\/Espinola1.jpg?resize=200%2C132&amp;ssl=1 200w, https:\/\/i0.wp.com\/eltrabajo.cl\/portal\/wp-content\/uploads\/2015\/12\/Espinola1.jpg?resize=300%2C198&amp;ssl=1 300w, https:\/\/i0.wp.com\/eltrabajo.cl\/portal\/wp-content\/uploads\/2015\/12\/Espinola1.jpg?resize=227%2C150&amp;ssl=1 227w, https:\/\/i0.wp.com\/eltrabajo.cl\/portal\/wp-content\/uploads\/2015\/12\/Espinola1.jpg?resize=400%2C264&amp;ssl=1 400w\" width=\"423\" height=\"279\" loading=\"lazy\" data-original-width=\"423\" data-original-height=\"279\" itemprop=\"http:\/\/schema.org\/image\" title=\"Espinola1\" alt=\"El equipo anfitri\u00f3n de la Escuela Mar\u00eda Esp\u00ednola, posa para las c\u00e1maras de Diario El Trabajo.\" style=\"width: 423px; height: 279px;\" \/> <\/a> <div class=\"tiled-gallery-caption\" itemprop=\"caption description\"> El equipo anfitri\u00f3n de la Escuela Mar\u00eda Esp\u00ednola, posa para las c\u00e1maras de Diario El Trabajo. <\/div> <\/div> <\/div> <!-- close group --> <div class=\"gallery-group images-2\" style=\"width: 213px; height: 283px;\" data-original-width=\"213\" data-original-height=\"283\" > <div class=\"tiled-gallery-item tiled-gallery-item-small\" itemprop=\"associatedMedia\" itemscope itemtype=\"http:\/\/schema.org\/ImageObject\"> <a href=\"https:\/\/eltrabajo.cl\/portal\/peques-del-dario-salas-ganan-campeonato-de-mini-balonmano\/higuera1-5\/\" border=\"0\" itemprop=\"url\"> <meta itemprop=\"width\" content=\"209\"> <meta itemprop=\"height\" content=\"138\"> <img decoding=\"async\" class=\"\" data-attachment-id=\"64446\" data-orig-file=\"https:\/\/eltrabajo.cl\/portal\/wp-content\/uploads\/2015\/12\/Higuera1.jpg\" data-orig-size=\"530,348\" data-comments-opened=\"1\" data-image-meta=\"{&quot;aperture&quot;:&quot;0&quot;,&quot;credit&quot;:&quot;&quot;,&quot;camera&quot;:&quot;&quot;,&quot;caption&quot;:&quot;&quot;,&quot;created_timestamp&quot;:&quot;0&quot;,&quot;copyright&quot;:&quot;&quot;,&quot;focal_length&quot;:&quot;0&quot;,&quot;iso&quot;:&quot;0&quot;,&quot;shutter_speed&quot;:&quot;0&quot;,&quot;title&quot;:&quot;&quot;,&quot;orientation&quot;:&quot;0&quot;}\" data-image-title=\"Higuera1\" data-image-description=\"&lt;p&gt;LA HIGUERA.- Aqu\u00ed tenemos a los peques de La Higuera, tambi\u00e9n lucharon por el t\u00edtulo, pero no lo lograron.&lt;\/p&gt; \" data-medium-file=\"https:\/\/i0.wp.com\/eltrabajo.cl\/portal\/wp-content\/uploads\/2015\/12\/Higuera1.jpg?fit=300%2C197&#038;ssl=1\" data-large-file=\"https:\/\/i0.wp.com\/eltrabajo.cl\/portal\/wp-content\/uploads\/2015\/12\/Higuera1.jpg?fit=530%2C348&#038;ssl=1\" src=\"https:\/\/i0.wp.com\/eltrabajo.cl\/portal\/wp-content\/uploads\/2015\/12\/Higuera1.jpg?w=209&#038;h=138&#038;ssl=1\" srcset=\"https:\/\/i0.wp.com\/eltrabajo.cl\/portal\/wp-content\/uploads\/2015\/12\/Higuera1.jpg?w=530&amp;ssl=1 530w, https:\/\/i0.wp.com\/eltrabajo.cl\/portal\/wp-content\/uploads\/2015\/12\/Higuera1.jpg?resize=200%2C131&amp;ssl=1 200w, https:\/\/i0.wp.com\/eltrabajo.cl\/portal\/wp-content\/uploads\/2015\/12\/Higuera1.jpg?resize=300%2C197&amp;ssl=1 300w, https:\/\/i0.wp.com\/eltrabajo.cl\/portal\/wp-content\/uploads\/2015\/12\/Higuera1.jpg?resize=228%2C150&amp;ssl=1 228w, https:\/\/i0.wp.com\/eltrabajo.cl\/portal\/wp-content\/uploads\/2015\/12\/Higuera1.jpg?resize=400%2C263&amp;ssl=1 400w\" width=\"209\" height=\"138\" loading=\"lazy\" data-original-width=\"209\" data-original-height=\"138\" itemprop=\"http:\/\/schema.org\/image\" title=\"Higuera1\" alt=\"LA HIGUERA.- Aqu\u00ed tenemos a los peques de La Higuera, tambi\u00e9n lucharon por el t\u00edtulo, pero no lo lograron.\" style=\"width: 209px; height: 138px;\" \/> <\/a> <div class=\"tiled-gallery-caption\" itemprop=\"caption description\"> LA HIGUERA.- Aqu\u00ed tenemos a los peques de La Higuera, tambi\u00e9n lucharon por el t\u00edtulo, pero no lo lograron. <\/div> <\/div> <div class=\"tiled-gallery-item tiled-gallery-item-small\" itemprop=\"associatedMedia\" itemscope itemtype=\"http:\/\/schema.org\/ImageObject\"> <a href=\"https:\/\/eltrabajo.cl\/portal\/peques-del-dario-salas-ganan-campeonato-de-mini-balonmano\/solange-rodriguez-3\/\" border=\"0\" itemprop=\"url\"> <meta itemprop=\"width\" content=\"209\"> <meta itemprop=\"height\" content=\"137\"> <img decoding=\"async\" class=\"\" data-attachment-id=\"64447\" data-orig-file=\"https:\/\/eltrabajo.cl\/portal\/wp-content\/uploads\/2015\/12\/Solange-Rodriguez.jpg\" data-orig-size=\"530,348\" data-comments-opened=\"1\" data-image-meta=\"{&quot;aperture&quot;:&quot;0&quot;,&quot;credit&quot;:&quot;&quot;,&quot;camera&quot;:&quot;&quot;,&quot;caption&quot;:&quot;&quot;,&quot;created_timestamp&quot;:&quot;0&quot;,&quot;copyright&quot;:&quot;&quot;,&quot;focal_length&quot;:&quot;0&quot;,&quot;iso&quot;:&quot;0&quot;,&quot;shutter_speed&quot;:&quot;0&quot;,&quot;title&quot;:&quot;&quot;,&quot;orientation&quot;:&quot;0&quot;}\" data-image-title=\"Solange Rodriguez\" data-image-description=\"&lt;p&gt;Solange Rodr\u00edguez, entrenadora de deportes a nivel escolar en Santa Mar\u00eda.&lt;\/p&gt; \" data-medium-file=\"https:\/\/i0.wp.com\/eltrabajo.cl\/portal\/wp-content\/uploads\/2015\/12\/Solange-Rodriguez.jpg?fit=300%2C197&#038;ssl=1\" data-large-file=\"https:\/\/i0.wp.com\/eltrabajo.cl\/portal\/wp-content\/uploads\/2015\/12\/Solange-Rodriguez.jpg?fit=530%2C348&#038;ssl=1\" src=\"https:\/\/i0.wp.com\/eltrabajo.cl\/portal\/wp-content\/uploads\/2015\/12\/Solange-Rodriguez.jpg?w=209&#038;h=137&#038;ssl=1\" srcset=\"https:\/\/i0.wp.com\/eltrabajo.cl\/portal\/wp-content\/uploads\/2015\/12\/Solange-Rodriguez.jpg?w=530&amp;ssl=1 530w, https:\/\/i0.wp.com\/eltrabajo.cl\/portal\/wp-content\/uploads\/2015\/12\/Solange-Rodriguez.jpg?resize=200%2C131&amp;ssl=1 200w, https:\/\/i0.wp.com\/eltrabajo.cl\/portal\/wp-content\/uploads\/2015\/12\/Solange-Rodriguez.jpg?resize=300%2C197&amp;ssl=1 300w, https:\/\/i0.wp.com\/eltrabajo.cl\/portal\/wp-content\/uploads\/2015\/12\/Solange-Rodriguez.jpg?resize=228%2C150&amp;ssl=1 228w, https:\/\/i0.wp.com\/eltrabajo.cl\/portal\/wp-content\/uploads\/2015\/12\/Solange-Rodriguez.jpg?resize=400%2C263&amp;ssl=1 400w\" width=\"209\" height=\"137\" loading=\"lazy\" data-original-width=\"209\" data-original-height=\"137\" itemprop=\"http:\/\/schema.org\/image\" title=\"Solange Rodriguez\" alt=\"Solange Rodr\u00edguez, entrenadora de deportes a nivel escolar en Santa Mar\u00eda.\" style=\"width: 209px; height: 137px;\" \/> <\/a> <div class=\"tiled-gallery-caption\" itemprop=\"caption description\"> Solange Rodr\u00edguez, entrenadora de deportes a nivel escolar en Santa Mar\u00eda. <\/div> <\/div> <\/div> <!-- close group --> <\/div> <!-- close row --> <\/div>\n","protected":false},"excerpt":{"rendered":"<p>SANTA MAR\u00cdA.- Este martes se dio por terminado un importante campeonato deportivo escolar en el que participaron estudiantes de varias escuelas santamarianas, lo hicieron en las categor\u00edas Mini de bal\u00f3n-mano y de&#8230;<\/p>\n","protected":false},"author":482,"featured_media":64444,"comment_status":"open","ping_status":"open","sticky":false,"template":"","format":"standard","meta":{"advanced_seo_description":"","jetpack_seo_html_title":"","jetpack_seo_noindex":false,"_jetpack_memberships_contains_paid_content":false,"footnotes":""},"categories":[1],"tags":[],"class_list":["post-64443","post","type-post","status-publish","format-standard","has-post-thumbnail","hentry","category-cronica"],"jetpack_featured_media_url":"https:\/\/i0.wp.com\/eltrabajo.cl\/portal\/wp-content\/uploads\/2015\/12\/Salas33.jpg?fit=530%2C350&ssl=1","jetpack_sharing_enabled":true,"jetpack_likes_enabled":true,"jetpack-related-posts":[],"_links":{"self":[{"href":"https:\/\/eltrabajo.cl\/portal\/wp-json\/wp\/v2\/posts\/64443","targetHints":{"allow":["GET"]}}],"collection":[{"href":"https:\/\/eltrabajo.cl\/portal\/wp-json\/wp\/v2\/posts"}],"about":[{"href":"https:\/\/eltrabajo.cl\/portal\/wp-json\/wp\/v2\/types\/post"}],"author":[{"embeddable":true,"href":"https:\/\/eltrabajo.cl\/portal\/wp-json\/wp\/v2\/users\/482"}],"replies":[{"embeddable":true,"href":"https:\/\/eltrabajo.cl\/portal\/wp-json\/wp\/v2\/comments?post=64443"}],"version-history":[{"count":0,"href":"https:\/\/eltrabajo.cl\/portal\/wp-json\/wp\/v2\/posts\/64443\/revisions"}],"wp:featuredmedia":[{"embeddable":true,"href":"https:\/\/eltrabajo.cl\/portal\/wp-json\/wp\/v2\/media\/64444"}],"wp:attachment":[{"href":"https:\/\/eltrabajo.cl\/portal\/wp-json\/wp\/v2\/media?parent=64443"}],"wp:term":[{"taxonomy":"category","embeddable":true,"href":"https:\/\/eltrabajo.cl\/portal\/wp-json\/wp\/v2\/categories?post=64443"},{"taxonomy":"post_tag","embeddable":true,"href":"https:\/\/eltrabajo.cl\/portal\/wp-json\/wp\/v2\/tags?post=64443"}],"curies":[{"name":"wp","href":"https:\/\/api.w.org\/{rel}","templated":true}]}}