{"id":64449,"date":"2015-12-03T15:40:37","date_gmt":"2015-12-03T18:40:37","guid":{"rendered":"http:\/\/www.eltrabajo.cl\/portal\/?p=64449"},"modified":"2015-12-03T15:40:37","modified_gmt":"2015-12-03T18:40:37","slug":"inauguran-exposicion-artistica-en-hospital-san-camilo","status":"publish","type":"post","link":"https:\/\/eltrabajo.cl\/portal\/inauguran-exposicion-artistica-en-hospital-san-camilo\/","title":{"rendered":"Inauguran exposici\u00f3n art\u00edstica en Hospital San Camilo"},"content":{"rendered":"<figure id=\"attachment_64450\" aria-describedby=\"caption-attachment-64450\" style=\"width: 300px\" class=\"wp-caption alignleft\"><a href=\"https:\/\/i0.wp.com\/www.eltrabajo.cl\/portal\/wp-content\/uploads\/2015\/12\/Exposicion-Hospital-San-Camilo.jpg\"><img data-recalc-dims=\"1\" loading=\"lazy\" decoding=\"async\" class=\"wp-image-64450 size-medium\" src=\"https:\/\/i0.wp.com\/www.eltrabajo.cl\/portal\/wp-content\/uploads\/2015\/12\/Exposicion-Hospital-San-Camilo-300x197.jpg?resize=300%2C197\" alt=\"Se trata de 24 piezas que giran en torno al cuerpo humano y el medio, las cuales fueron elaboradas por los estudiantes de la carrera de Medicina de la U. de Valpara\u00edso.\" width=\"300\" height=\"197\" srcset=\"https:\/\/i0.wp.com\/eltrabajo.cl\/portal\/wp-content\/uploads\/2015\/12\/Exposicion-Hospital-San-Camilo.jpg?resize=300%2C197&amp;ssl=1 300w, https:\/\/i0.wp.com\/eltrabajo.cl\/portal\/wp-content\/uploads\/2015\/12\/Exposicion-Hospital-San-Camilo.jpg?resize=200%2C131&amp;ssl=1 200w, https:\/\/i0.wp.com\/eltrabajo.cl\/portal\/wp-content\/uploads\/2015\/12\/Exposicion-Hospital-San-Camilo.jpg?resize=228%2C150&amp;ssl=1 228w, https:\/\/i0.wp.com\/eltrabajo.cl\/portal\/wp-content\/uploads\/2015\/12\/Exposicion-Hospital-San-Camilo.jpg?resize=400%2C263&amp;ssl=1 400w, https:\/\/i0.wp.com\/eltrabajo.cl\/portal\/wp-content\/uploads\/2015\/12\/Exposicion-Hospital-San-Camilo.jpg?w=530&amp;ssl=1 530w\" sizes=\"auto, (max-width: 300px) 100vw, 300px\" \/><\/a><figcaption id=\"caption-attachment-64450\" class=\"wp-caption-text\">Se trata de 24 piezas que giran en torno al cuerpo humano y el medio, las cuales fueron elaboradas por los estudiantes de la carrera de Medicina de la U. de Valpara\u00edso.<\/figcaption><\/figure>\n<ul>\n<li><strong>La muestra contiene los trabajos de los electivos de \u2018Barroterapia\u2019, \u2018Hierbas Medicinales\u2019<\/strong><\/li>\n<\/ul>\n<p>Con la presencia del director del Hospital San Camilo, doctor Juan de Dios Reyes, y la directora del campus San Felipe de la Universidad de Valpara\u00edso, Mar\u00eda Ang\u00e9lica Colvin; se inaugur\u00f3 la exposici\u00f3n \u2018El cuerpo humano, su entorno natural y el arte\u2019, en el hall de acceso de centro asistencial.<br \/>\nSe trata de una muestra de 24 piezas que giran en torno al cuerpo humano y el medio, las cuales fueron elaboradas por los estudiantes de la carrera de Medicina como parte de la asignatura electiva de \u2018Barroterapia\u2019, a cargo de la profesora y ceramista local, M\u00f3nica Cort\u00e9s Piffaut.<br \/>\nJunto a la exposici\u00f3n, se present\u00f3 una peque\u00f1a muestra -a trav\u00e9s de posters y una selecci\u00f3n de especies- relacionada con el uso y los atributos de las hierbas medicinales, esto es el resultado del trabajo efectuado en la asignatura electiva \u2018Recetas de saberes medicinales\u2019, a cargo del profesor Manuel Z\u00fa\u00f1iga.<br \/>\nEste taller busca rescatar los conocimientos ancestrales sobre medicina alternativa y popular, adem\u00e1s de conocer las bases de la medicina intercultural. \u201cDeben estar relacionadas y vinculadas fuertemente con su contexto social y cultural, creemos que este taller les permite tener un mirada m\u00e1s amplia\u201d.<br \/>\nLa exposici\u00f3n permanecer\u00e1 por espacio de dos semanas en el Hospital San Camilo y puede ser visitada por todos quienes recorren dichas instalaciones.<\/p>\n","protected":false},"excerpt":{"rendered":"<p>La muestra contiene los trabajos de los electivos de \u2018Barroterapia\u2019, \u2018Hierbas Medicinales\u2019 Con la presencia del director del Hospital San Camilo, doctor Juan de Dios Reyes, y la directora del campus San&#8230;<\/p>\n","protected":false},"author":482,"featured_media":64450,"comment_status":"open","ping_status":"open","sticky":false,"template":"","format":"standard","meta":{"advanced_seo_description":"","jetpack_seo_html_title":"","jetpack_seo_noindex":false,"_jetpack_memberships_contains_paid_content":false,"footnotes":""},"categories":[1],"tags":[],"class_list":["post-64449","post","type-post","status-publish","format-standard","has-post-thumbnail","hentry","category-cronica"],"jetpack_featured_media_url":"https:\/\/i0.wp.com\/eltrabajo.cl\/portal\/wp-content\/uploads\/2015\/12\/Exposicion-Hospital-San-Camilo.jpg?fit=530%2C348&ssl=1","jetpack_sharing_enabled":true,"jetpack_likes_enabled":true,"jetpack-related-posts":[],"_links":{"self":[{"href":"https:\/\/eltrabajo.cl\/portal\/wp-json\/wp\/v2\/posts\/64449","targetHints":{"allow":["GET"]}}],"collection":[{"href":"https:\/\/eltrabajo.cl\/portal\/wp-json\/wp\/v2\/posts"}],"about":[{"href":"https:\/\/eltrabajo.cl\/portal\/wp-json\/wp\/v2\/types\/post"}],"author":[{"embeddable":true,"href":"https:\/\/eltrabajo.cl\/portal\/wp-json\/wp\/v2\/users\/482"}],"replies":[{"embeddable":true,"href":"https:\/\/eltrabajo.cl\/portal\/wp-json\/wp\/v2\/comments?post=64449"}],"version-history":[{"count":0,"href":"https:\/\/eltrabajo.cl\/portal\/wp-json\/wp\/v2\/posts\/64449\/revisions"}],"wp:featuredmedia":[{"embeddable":true,"href":"https:\/\/eltrabajo.cl\/portal\/wp-json\/wp\/v2\/media\/64450"}],"wp:attachment":[{"href":"https:\/\/eltrabajo.cl\/portal\/wp-json\/wp\/v2\/media?parent=64449"}],"wp:term":[{"taxonomy":"category","embeddable":true,"href":"https:\/\/eltrabajo.cl\/portal\/wp-json\/wp\/v2\/categories?post=64449"},{"taxonomy":"post_tag","embeddable":true,"href":"https:\/\/eltrabajo.cl\/portal\/wp-json\/wp\/v2\/tags?post=64449"}],"curies":[{"name":"wp","href":"https:\/\/api.w.org\/{rel}","templated":true}]}}