{"id":64452,"date":"2015-12-03T16:03:41","date_gmt":"2015-12-03T19:03:41","guid":{"rendered":"http:\/\/www.eltrabajo.cl\/portal\/?p=64452"},"modified":"2015-12-03T16:42:31","modified_gmt":"2015-12-03T19:42:31","slug":"carabineros-destaca-disminucion-de-un-14-denuncias-de-robos-y-hurtos","status":"publish","type":"post","link":"https:\/\/eltrabajo.cl\/portal\/carabineros-destaca-disminucion-de-un-14-denuncias-de-robos-y-hurtos\/","title":{"rendered":"Carabineros destaca disminuci\u00f3n de un 14% denuncias de robos y hurtos"},"content":{"rendered":"<figure id=\"attachment_64455\" aria-describedby=\"caption-attachment-64455\" style=\"width: 300px\" class=\"wp-caption alignleft\"><a href=\"https:\/\/i0.wp.com\/www.eltrabajo.cl\/portal\/wp-content\/uploads\/2015\/12\/Mayor-Maureen-Espinoza.jpg\"><img data-recalc-dims=\"1\" loading=\"lazy\" decoding=\"async\" class=\"wp-image-64455 size-medium\" src=\"https:\/\/i0.wp.com\/www.eltrabajo.cl\/portal\/wp-content\/uploads\/2015\/12\/Mayor-Maureen-Espinoza-300x197.jpg?resize=300%2C197\" alt=\"La Comisario de Carabineros, Mayor Maureen Espinoza.\" width=\"300\" height=\"197\" srcset=\"https:\/\/i0.wp.com\/eltrabajo.cl\/portal\/wp-content\/uploads\/2015\/12\/Mayor-Maureen-Espinoza.jpg?resize=300%2C197&amp;ssl=1 300w, https:\/\/i0.wp.com\/eltrabajo.cl\/portal\/wp-content\/uploads\/2015\/12\/Mayor-Maureen-Espinoza.jpg?resize=200%2C131&amp;ssl=1 200w, https:\/\/i0.wp.com\/eltrabajo.cl\/portal\/wp-content\/uploads\/2015\/12\/Mayor-Maureen-Espinoza.jpg?resize=228%2C150&amp;ssl=1 228w, https:\/\/i0.wp.com\/eltrabajo.cl\/portal\/wp-content\/uploads\/2015\/12\/Mayor-Maureen-Espinoza.jpg?resize=400%2C263&amp;ssl=1 400w, https:\/\/i0.wp.com\/eltrabajo.cl\/portal\/wp-content\/uploads\/2015\/12\/Mayor-Maureen-Espinoza.jpg?w=530&amp;ssl=1 530w\" sizes=\"auto, (max-width: 300px) 100vw, 300px\" \/><\/a><figcaption id=\"caption-attachment-64455\" class=\"wp-caption-text\">La Comisario de Carabineros, Mayor Maureen Espinoza.<\/figcaption><\/figure>\n<ul>\n<li><strong>Este resultado abarca toda la provincia de San Felipe, destacando adem\u00e1s un aumento en un 5% de personas detenidas respecto al 2014. En entrevista con la Comisario de Carabineros, Mayor Maureen Espinoza hizo hincapi\u00e9 que m\u00e1s que resultados \u2018todos seamos sujetos activos en la seguridad p\u00fablica\u2019.<\/strong><\/li>\n<\/ul>\n<p>Seg\u00fan el cuadro estad\u00edstico de Carabineros durante este a\u00f1o a la fecha, se registraron 2.342 denuncias por delitos de robo y hurto en toda la provincia de San Felipe, derivando en la detenci\u00f3n de 674 imputados que han sido puestos a disposici\u00f3n de la Fiscal\u00eda. Cifras que para la instituci\u00f3n uniformada son alentadoras, ya que dan cuenta de la disminuci\u00f3n en un 14% de estas denuncias en comparaci\u00f3n al a\u00f1o pasado, increment\u00e1ndose en un 5% el n\u00famero de detenidos.<br \/>\nSin embargo, las labores policiales contin\u00faan respecto a aumentar la sensaci\u00f3n de seguridad tras los \u00edndices de la delincuencia que afecta tanto a la zona de Aconcagua como a nivel nacional. Carabineros insiste en que la comunidad debe actuar mancomunada con la polic\u00eda a fin de evitar episodios delictuales que atentan contra la propiedad particular, comercial y vehicular.<\/p>\n<figure id=\"attachment_64454\" aria-describedby=\"caption-attachment-64454\" style=\"width: 300px\" class=\"wp-caption alignright\"><a href=\"https:\/\/i0.wp.com\/www.eltrabajo.cl\/portal\/wp-content\/uploads\/2015\/12\/cuadro-resultados.jpg\"><img data-recalc-dims=\"1\" loading=\"lazy\" decoding=\"async\" class=\"wp-image-64454 size-medium\" src=\"https:\/\/i0.wp.com\/www.eltrabajo.cl\/portal\/wp-content\/uploads\/2015\/12\/cuadro-resultados-300x198.jpg?resize=300%2C198\" alt=\"Resultados obtenidos.\" width=\"300\" height=\"198\" srcset=\"https:\/\/i0.wp.com\/eltrabajo.cl\/portal\/wp-content\/uploads\/2015\/12\/cuadro-resultados.jpg?resize=300%2C198&amp;ssl=1 300w, https:\/\/i0.wp.com\/eltrabajo.cl\/portal\/wp-content\/uploads\/2015\/12\/cuadro-resultados.jpg?resize=200%2C132&amp;ssl=1 200w, https:\/\/i0.wp.com\/eltrabajo.cl\/portal\/wp-content\/uploads\/2015\/12\/cuadro-resultados.jpg?resize=227%2C150&amp;ssl=1 227w, https:\/\/i0.wp.com\/eltrabajo.cl\/portal\/wp-content\/uploads\/2015\/12\/cuadro-resultados.jpg?resize=400%2C264&amp;ssl=1 400w, https:\/\/i0.wp.com\/eltrabajo.cl\/portal\/wp-content\/uploads\/2015\/12\/cuadro-resultados.jpg?w=530&amp;ssl=1 530w\" sizes=\"auto, (max-width: 300px) 100vw, 300px\" \/><\/a><figcaption id=\"caption-attachment-64454\" class=\"wp-caption-text\">Resultados obtenidos.<\/figcaption><\/figure>\n<p>En entrevista, la Comisario de Carabineros, Mayor Maureen Espinoza resalta que los delitos dependen de m\u00faltiples causas que no s\u00f3lo ata\u00f1e a una mayor o menor presencia policial, destacando que pese a la actual dotaci\u00f3n de la Comisar\u00eda, se obtuvieron s\u00f3lidos resultados en la aprehensi\u00f3n de delincuentes, comparando que en el 2014 se recibi\u00f3 apoyo extraordinario del Plan Centauro de Vi\u00f1a del Mar.<br \/>\n<strong>&#8211; Frente a la disminuci\u00f3n de un 14% de denuncias de robos y hurtos, \u00bfcu\u00e1les han sido los planteamientos para mejorar las funciones policiales ante a la ocurrencia de estos delitos?<\/strong><br \/>\n<strong>&#8211;<\/strong> Desde que asum\u00ed la responsabilidad de comandar esta Unidad de Carabineros, me propuse como objetivo central, acercar a la comunidad sanfelipe\u00f1a a Carabineros, estableciendo y mejorando la entrega de informaci\u00f3n; y aumentar grados de confianza. Esta situaci\u00f3n en la actualidad, nos ha permitido un n\u00famero importante de detenidos por delitos de robo, concientizando a nuestros vecinos en la importancia de ser activos respecto a la seguridad p\u00fablica, especialmente en la entrega de informaci\u00f3n, oportuna, de calidad y veraz, en consecuencia, hemos recibido informaci\u00f3n an\u00f3nima de testigos de delitos de robo, a los fonos m\u00f3viles de los cuadrantes, en los precisos instantes que est\u00e1 ocurriendo el delito, recibiendo por ejemplo, lugar preciso, descripciones f\u00edsicas y de vestimentas de los antisociales, logrando con \u00e9xito las detenciones y en otros casos frustrando el il\u00edcito.<br \/>\n<strong>&#8211; Tras estas cifras \u00bfCu\u00e1l ha sido el n\u00famero de personas detenidas versus las denuncias por robos?<\/strong><br \/>\n<strong>&#8211;<\/strong> Adem\u00e1s se debe considerar que un delito es multicausal, es decir, sus variaciones (aumento o disminuciones) dependen de m\u00faltiples causas, no solo, de mayor o menor presencia de Carabineros, existen factores sociales, educacionales, familiares y otros, que repercuten en estas variaciones, desde esa perspectiva, es que resulta muy importante que todos seamos sujetos activos en la seguridad p\u00fablica. El a\u00f1o 2015, se registran 2.342 denuncias por delitos de robo y hurto, en tanto por estos mismos delitos se han detenido adem\u00e1s 674 imputados.<br \/>\n<strong>&#8211; Bajo su gesti\u00f3n \u00bfHubo mejoras en cuanto al aumento de dotaci\u00f3n policial y recursos como m\u00e1s patrullas policiales para cubrir la provincia de San Felipe?<\/strong><br \/>\n<strong>&#8211;<\/strong> No, muy por el contario. Si comparamos en el a\u00f1o 2014, durante los meses de julio y agosto, esta unidad recibi\u00f3 el apoyo de Personal Centauro de Vi\u00f1a del Mar, Secci\u00f3n de Intervenci\u00f3n Policial, consistente en un oficial, mas 30 Carabineros, adem\u00e1s 05 furgones \u2018Z\u2019 y 13 motos todo terreno; en cambio durante este 2015, hemos trabajado solo personal de esta Unidad y sus destacamentos dependientes, para cubrir las necesidades de toda la provincia de San Felipe. Adem\u00e1s hay que considerar que anualmente en esta Unidad de Carabineros, como en todas, existen un n\u00famero de integrantes, que debe ser expulsado por diferentes motivos, como asimismo, tambi\u00e9n existe un grupo que solicita su retiro voluntario, lo que suma para esta Comisaria, durante el a\u00f1o 2015, seis Carabineros menos, los cuales pueden ser repuestos con los planes anuales de traslados, para regularizar las dotaciones.<br \/>\n<strong>Pablo Salinas Sald\u00edas<\/strong><\/p>\n","protected":false},"excerpt":{"rendered":"<p>Este resultado abarca toda la provincia de San Felipe, destacando adem\u00e1s un aumento en un 5% de personas detenidas respecto al 2014. En entrevista con la Comisario de Carabineros, Mayor Maureen Espinoza&#8230;<\/p>\n","protected":false},"author":482,"featured_media":64454,"comment_status":"open","ping_status":"open","sticky":false,"template":"","format":"standard","meta":{"advanced_seo_description":"","jetpack_seo_html_title":"","jetpack_seo_noindex":false,"_jetpack_memberships_contains_paid_content":false,"footnotes":""},"categories":[1],"tags":[],"class_list":["post-64452","post","type-post","status-publish","format-standard","has-post-thumbnail","hentry","category-cronica"],"jetpack_featured_media_url":"https:\/\/i0.wp.com\/eltrabajo.cl\/portal\/wp-content\/uploads\/2015\/12\/cuadro-resultados.jpg?fit=530%2C350&ssl=1","jetpack_sharing_enabled":true,"jetpack_likes_enabled":true,"jetpack-related-posts":[],"_links":{"self":[{"href":"https:\/\/eltrabajo.cl\/portal\/wp-json\/wp\/v2\/posts\/64452","targetHints":{"allow":["GET"]}}],"collection":[{"href":"https:\/\/eltrabajo.cl\/portal\/wp-json\/wp\/v2\/posts"}],"about":[{"href":"https:\/\/eltrabajo.cl\/portal\/wp-json\/wp\/v2\/types\/post"}],"author":[{"embeddable":true,"href":"https:\/\/eltrabajo.cl\/portal\/wp-json\/wp\/v2\/users\/482"}],"replies":[{"embeddable":true,"href":"https:\/\/eltrabajo.cl\/portal\/wp-json\/wp\/v2\/comments?post=64452"}],"version-history":[{"count":0,"href":"https:\/\/eltrabajo.cl\/portal\/wp-json\/wp\/v2\/posts\/64452\/revisions"}],"wp:featuredmedia":[{"embeddable":true,"href":"https:\/\/eltrabajo.cl\/portal\/wp-json\/wp\/v2\/media\/64454"}],"wp:attachment":[{"href":"https:\/\/eltrabajo.cl\/portal\/wp-json\/wp\/v2\/media?parent=64452"}],"wp:term":[{"taxonomy":"category","embeddable":true,"href":"https:\/\/eltrabajo.cl\/portal\/wp-json\/wp\/v2\/categories?post=64452"},{"taxonomy":"post_tag","embeddable":true,"href":"https:\/\/eltrabajo.cl\/portal\/wp-json\/wp\/v2\/tags?post=64452"}],"curies":[{"name":"wp","href":"https:\/\/api.w.org\/{rel}","templated":true}]}}