{"id":64457,"date":"2015-12-03T16:05:40","date_gmt":"2015-12-03T19:05:40","guid":{"rendered":"http:\/\/www.eltrabajo.cl\/portal\/?p=64457"},"modified":"2015-12-03T16:05:40","modified_gmt":"2015-12-03T19:05:40","slug":"producto-de-un-infarto-fallece-destacado-folclorista-fernando-verdugo-naranjo","status":"publish","type":"post","link":"https:\/\/eltrabajo.cl\/portal\/producto-de-un-infarto-fallece-destacado-folclorista-fernando-verdugo-naranjo\/","title":{"rendered":"Producto de un infarto fallece destacado folclorista Fernando Verdugo Naranjo"},"content":{"rendered":"<figure id=\"attachment_64458\" aria-describedby=\"caption-attachment-64458\" style=\"width: 300px\" class=\"wp-caption alignleft\"><a href=\"https:\/\/i0.wp.com\/www.eltrabajo.cl\/portal\/wp-content\/uploads\/2015\/12\/FERNANDO-VERDUGO.jpg\"><img data-recalc-dims=\"1\" loading=\"lazy\" decoding=\"async\" class=\"wp-image-64458 size-medium\" src=\"https:\/\/i0.wp.com\/www.eltrabajo.cl\/portal\/wp-content\/uploads\/2015\/12\/FERNANDO-VERDUGO-300x198.jpg?resize=300%2C198\" alt=\"Fernando Verdugo Naranjo destacado folclorista, fundador y director del Conjunto La Ermita.\" width=\"300\" height=\"198\" srcset=\"https:\/\/i0.wp.com\/eltrabajo.cl\/portal\/wp-content\/uploads\/2015\/12\/FERNANDO-VERDUGO.jpg?resize=300%2C198&amp;ssl=1 300w, https:\/\/i0.wp.com\/eltrabajo.cl\/portal\/wp-content\/uploads\/2015\/12\/FERNANDO-VERDUGO.jpg?resize=200%2C132&amp;ssl=1 200w, https:\/\/i0.wp.com\/eltrabajo.cl\/portal\/wp-content\/uploads\/2015\/12\/FERNANDO-VERDUGO.jpg?resize=228%2C150&amp;ssl=1 228w, https:\/\/i0.wp.com\/eltrabajo.cl\/portal\/wp-content\/uploads\/2015\/12\/FERNANDO-VERDUGO.jpg?resize=400%2C263&amp;ssl=1 400w, https:\/\/i0.wp.com\/eltrabajo.cl\/portal\/wp-content\/uploads\/2015\/12\/FERNANDO-VERDUGO.jpg?w=530&amp;ssl=1 530w\" sizes=\"auto, (max-width: 300px) 100vw, 300px\" \/><\/a><figcaption id=\"caption-attachment-64458\" class=\"wp-caption-text\">Fernando Verdugo Naranjo destacado folclorista, fundador y director del Conjunto La Ermita.<\/figcaption><\/figure>\n<p><strong>PUTAENDO<\/strong>.- A eso del mediod\u00eda y v\u00edctima de un infarto falleci\u00f3 el destacado folclorista putaendino, fundador y director del Grupo La Ermita, don Fernando Verdugo Naranjo.<br \/>\nDon Fernando era un activo integrante de la comunidad, durante su trayectoria se caracteriz\u00f3 por su fuerte compromiso con el desarrollo del folclore en la comuna, principalmente en su querida Rinconada de Silva, donde fund\u00f3 el Conjunto Folcl\u00f3rico La Ermita.<br \/>\n<strong>Patricio Gallardo M.<\/strong><\/p>\n","protected":false},"excerpt":{"rendered":"<p>PUTAENDO.- A eso del mediod\u00eda y v\u00edctima de un infarto falleci\u00f3 el destacado folclorista putaendino, fundador y director del Grupo La Ermita, don Fernando Verdugo Naranjo. Don Fernando era un activo integrante&#8230;<\/p>\n","protected":false},"author":482,"featured_media":64458,"comment_status":"open","ping_status":"open","sticky":false,"template":"","format":"standard","meta":{"advanced_seo_description":"","jetpack_seo_html_title":"","jetpack_seo_noindex":false,"_jetpack_memberships_contains_paid_content":false,"footnotes":""},"categories":[1],"tags":[],"class_list":["post-64457","post","type-post","status-publish","format-standard","has-post-thumbnail","hentry","category-cronica"],"jetpack_featured_media_url":"https:\/\/i0.wp.com\/eltrabajo.cl\/portal\/wp-content\/uploads\/2015\/12\/FERNANDO-VERDUGO.jpg?fit=530%2C349&ssl=1","jetpack_sharing_enabled":true,"jetpack_likes_enabled":true,"jetpack-related-posts":[],"_links":{"self":[{"href":"https:\/\/eltrabajo.cl\/portal\/wp-json\/wp\/v2\/posts\/64457","targetHints":{"allow":["GET"]}}],"collection":[{"href":"https:\/\/eltrabajo.cl\/portal\/wp-json\/wp\/v2\/posts"}],"about":[{"href":"https:\/\/eltrabajo.cl\/portal\/wp-json\/wp\/v2\/types\/post"}],"author":[{"embeddable":true,"href":"https:\/\/eltrabajo.cl\/portal\/wp-json\/wp\/v2\/users\/482"}],"replies":[{"embeddable":true,"href":"https:\/\/eltrabajo.cl\/portal\/wp-json\/wp\/v2\/comments?post=64457"}],"version-history":[{"count":0,"href":"https:\/\/eltrabajo.cl\/portal\/wp-json\/wp\/v2\/posts\/64457\/revisions"}],"wp:featuredmedia":[{"embeddable":true,"href":"https:\/\/eltrabajo.cl\/portal\/wp-json\/wp\/v2\/media\/64458"}],"wp:attachment":[{"href":"https:\/\/eltrabajo.cl\/portal\/wp-json\/wp\/v2\/media?parent=64457"}],"wp:term":[{"taxonomy":"category","embeddable":true,"href":"https:\/\/eltrabajo.cl\/portal\/wp-json\/wp\/v2\/categories?post=64457"},{"taxonomy":"post_tag","embeddable":true,"href":"https:\/\/eltrabajo.cl\/portal\/wp-json\/wp\/v2\/tags?post=64457"}],"curies":[{"name":"wp","href":"https:\/\/api.w.org\/{rel}","templated":true}]}}