{"id":64463,"date":"2015-12-03T16:10:34","date_gmt":"2015-12-03T19:10:34","guid":{"rendered":"http:\/\/www.eltrabajo.cl\/portal\/?p=64463"},"modified":"2015-12-03T16:10:34","modified_gmt":"2015-12-03T19:10:34","slug":"catedral-de-san-felipe-abrira-su-puerta-santa-el-19-de-diciembre","status":"publish","type":"post","link":"https:\/\/eltrabajo.cl\/portal\/catedral-de-san-felipe-abrira-su-puerta-santa-el-19-de-diciembre\/","title":{"rendered":"Catedral de San Felipe abrir\u00e1 su Puerta Santa el 19 de diciembre"},"content":{"rendered":"<figure id=\"attachment_64466\" aria-describedby=\"caption-attachment-64466\" style=\"width: 300px\" class=\"wp-caption alignleft\"><a href=\"https:\/\/i0.wp.com\/www.eltrabajo.cl\/portal\/wp-content\/uploads\/2015\/12\/FOTO-3-Monsenor-Cristian-Contreras-.jpg\"><img data-recalc-dims=\"1\" loading=\"lazy\" decoding=\"async\" class=\"wp-image-64466 size-medium\" src=\"https:\/\/i0.wp.com\/www.eltrabajo.cl\/portal\/wp-content\/uploads\/2015\/12\/FOTO-3-Monsenor-Cristian-Contreras--300x199.jpg?resize=300%2C199\" alt=\"Monse\u00f1or Cristian Contreras junto a sus asesores, los padres Pedro Salinas y Crist\u00f3bal Miranda.\" width=\"300\" height=\"199\" srcset=\"https:\/\/i0.wp.com\/eltrabajo.cl\/portal\/wp-content\/uploads\/2015\/12\/FOTO-3-Monsenor-Cristian-Contreras-.jpg?resize=300%2C199&amp;ssl=1 300w, https:\/\/i0.wp.com\/eltrabajo.cl\/portal\/wp-content\/uploads\/2015\/12\/FOTO-3-Monsenor-Cristian-Contreras-.jpg?resize=200%2C133&amp;ssl=1 200w, https:\/\/i0.wp.com\/eltrabajo.cl\/portal\/wp-content\/uploads\/2015\/12\/FOTO-3-Monsenor-Cristian-Contreras-.jpg?resize=226%2C150&amp;ssl=1 226w, https:\/\/i0.wp.com\/eltrabajo.cl\/portal\/wp-content\/uploads\/2015\/12\/FOTO-3-Monsenor-Cristian-Contreras-.jpg?resize=400%2C265&amp;ssl=1 400w, https:\/\/i0.wp.com\/eltrabajo.cl\/portal\/wp-content\/uploads\/2015\/12\/FOTO-3-Monsenor-Cristian-Contreras-.jpg?w=528&amp;ssl=1 528w\" sizes=\"auto, (max-width: 300px) 100vw, 300px\" \/><\/a><figcaption id=\"caption-attachment-64466\" class=\"wp-caption-text\">Monse\u00f1or Cristian Contreras junto a sus asesores, los padres Pedro Salinas y Crist\u00f3bal Miranda.<\/figcaption><\/figure>\n<ul>\n<li><strong>Di\u00f3cesis de San Felipe se suma a un acto simb\u00f3lico convocado por el Papa Francisco, que pretende reforzar la fe en Jesucristo.<\/strong><\/li>\n<\/ul>\n<p>El 19 de diciembre a las 16:30 horas, el Obispado de San Felipe realizar\u00e1 en la Catedral de la ciudad, la apertura de La Puerta Santa, evento con el que se unir\u00e1 al resto de los templos del Mundo, los cuales con el lema \u2018Dios es Misericordioso\u2019, establecido por el Papa Francisco en la Santa Sede, dar\u00e1n inicio al Jubileo extraordinario de la Misericordia<br \/>\nEl Obispo de San Felipe Cristi\u00e1n Contreras Molina, explic\u00f3 que este acto simb\u00f3lico est\u00e1 enmarcado en la invitaci\u00f3n realizada por el Sumo Pont\u00edfice, quien ha convocado a que toda La Iglesia viva \u201cun a\u00f1o de la misericordia\u201d, etapa que comenzar\u00e1 precisamente en la Bas\u00edlica de San Pedro el pr\u00f3ximo martes 8.<br \/>\nRespecto de cu\u00e1les son los prop\u00f3sitos que busca este Jubileo Extraordinario, Monse\u00f1or Contreras detall\u00f3 que \u201cel Papa Francisco pretende reforzar lo que es propio de un Cristiano, Dios nos ama, es un padre misericordioso, lleno de amor y ternura y nos ha amado tanto que nos ha regalado a Jesucristo, su hijo, quien tambi\u00e9n vivi\u00f3 amando y sirviendo al pr\u00f3jimo\u201d, expres\u00f3.<br \/>\nEn ese mismo \u00e1mbito el Obispo agreg\u00f3 que \u201ces un a\u00f1o santo precisamente porque es un a\u00f1o precisamente para reforzar nuestra fe en Cristo, para revitalizar nuestra vida cristiana, para retomar todo aquello que hemos dejado de lado, especialmente en lo relacionado con la familia, el amor a los hijos. Es un a\u00f1o en donde estamos invitados a ganar la indulgencia plenaria\u201d, enfatiz\u00f3.<br \/>\nEn relaci\u00f3n con la Indulgencia Plenaria, Contreras esboz\u00f3 que \u201ctodo aqu\u00e9l cristiano cat\u00f3lico que peregrine a uno de los tres templos de nuestra Di\u00f3cesis, donde abriremos un puerta Santa, en un \u00e1mbito de penitencia y luego procediendo a confesarse, comulgar y acompa\u00f1ado de una profunda reflexi\u00f3n acerca de la misericordia de Dios, se gana la Indulgencia Plenaria, esto significa que si en la vida hemos cometido un pecado, cualquiera que \u00e9ste sea, Dios lo perdona, perdona todos los pecados, especialmente de quienes est\u00e1n arrepentidos de ellos\u201d, recalc\u00f3.<br \/>\nJunto a esto El Obispo record\u00f3 que el Santo Padre ha autorizado a todos los sacerdotes del mundo para que en este A\u00f1o Santo puedan absolver los pecados relacionados con el aborto \u201cel Papa se\u00f1ala que muchas personas que abortan no tienen conciencia de lo que ha ocurrido o se han visto forzado a realizarlo y en ese sentido la misericordia es para todos y todas\u201d, sostuvo.<br \/>\nFinalmente el sacerdote se refiri\u00f3 a los pecados de las personas privadas de Libertad, aludiendo que \u201ctambi\u00e9n ser\u00e1n merecedoras de la indulgencia Plenaria y en cada capilla de una Unidad Penal, donde exista, el interno, interna o privado de libertad, que arrepentido de sus pecados se confiesa y pasa la puerta de esa capilla o simplemente la puerta de su pieza va a ganar tambi\u00e9n la Indulgencia Plenaria, al igual que los enfermos, ancianos, que est\u00e1n solos o que no pueden salir de su casa, tambi\u00e9n asociando su dolor a la pasi\u00f3n y muerte de Cristo y en la compa\u00f1\u00eda de sus hermanos, en la oraci\u00f3n y recepci\u00f3n del Sacramento de la penitencia y la Eucarist\u00eda obviamente que van a ganar la Indulgencia Plenaria\u201d, finaliz\u00f3.<br \/>\nCabe destacar que en la zona, los lugares en que se podr\u00e1 vivir este acto simb\u00f3lico de la apertura de La Puerta Santa son: La Catedral de San Felipe, El Santuario de Auco y La Iglesia Principal de La Ligua. En estos templos todos los d\u00edas habr\u00e1 sacerdotes para confesar a quienes lo deseen y junto con recibir el sacramento de la penitencia, se celebrar\u00e1 la Eucarist\u00eda, de tal manera que aqu\u00e9llos que llegan en Peregrinaci\u00f3n puedan acceder a las acciones consideradas para el A\u00f1o Santo.<\/p>\n<div class=\"tiled-gallery type-rectangular tiled-gallery-unresized\" data-original-width=\"640\" data-carousel-extra='null' itemscope itemtype=\"http:\/\/schema.org\/ImageGallery\" > <div class=\"gallery-row\" style=\"width: 640px; height: 211px;\" data-original-width=\"640\" data-original-height=\"211\" > <div class=\"gallery-group images-1\" style=\"width: 320px; height: 211px;\" data-original-width=\"320\" data-original-height=\"211\" > <div class=\"tiled-gallery-item tiled-gallery-item-large\" itemprop=\"associatedMedia\" itemscope itemtype=\"http:\/\/schema.org\/ImageObject\"> <a href=\"https:\/\/eltrabajo.cl\/portal\/catedral-de-san-felipe-abrira-su-puerta-santa-el-19-de-diciembre\/foto-1-cristian-contreras-molina-obispo-de-la-diocesis-de-san-felipe-de-aconcagua\/\" border=\"0\" itemprop=\"url\"> <meta itemprop=\"width\" content=\"316\"> <meta itemprop=\"height\" content=\"207\"> <img decoding=\"async\" class=\"\" data-attachment-id=\"64464\" data-orig-file=\"https:\/\/eltrabajo.cl\/portal\/wp-content\/uploads\/2015\/12\/FOTO-1-Cristian-Contreras-Molina-Obispo-de-la-Diocesis-de-San-Felipe-de-Aconcagua.jpg\" data-orig-size=\"530,348\" data-comments-opened=\"1\" data-image-meta=\"{&quot;aperture&quot;:&quot;0&quot;,&quot;credit&quot;:&quot;&quot;,&quot;camera&quot;:&quot;&quot;,&quot;caption&quot;:&quot;&quot;,&quot;created_timestamp&quot;:&quot;0&quot;,&quot;copyright&quot;:&quot;Copyright 2012&quot;,&quot;focal_length&quot;:&quot;0&quot;,&quot;iso&quot;:&quot;0&quot;,&quot;shutter_speed&quot;:&quot;0&quot;,&quot;title&quot;:&quot;&quot;,&quot;orientation&quot;:&quot;0&quot;}\" data-image-title=\"FOTO 1 Cristian Contreras Molina Obispo de la Diocesis de San Felipe de Aconcagua\" data-image-description=\"&lt;p&gt;Cristi\u00e1n Contreras Molina, Obispo de la Di\u00f3cesis de San Felipe de Aconcagua&lt;\/p&gt; \" data-medium-file=\"https:\/\/i0.wp.com\/eltrabajo.cl\/portal\/wp-content\/uploads\/2015\/12\/FOTO-1-Cristian-Contreras-Molina-Obispo-de-la-Diocesis-de-San-Felipe-de-Aconcagua.jpg?fit=300%2C197&#038;ssl=1\" data-large-file=\"https:\/\/i0.wp.com\/eltrabajo.cl\/portal\/wp-content\/uploads\/2015\/12\/FOTO-1-Cristian-Contreras-Molina-Obispo-de-la-Diocesis-de-San-Felipe-de-Aconcagua.jpg?fit=530%2C348&#038;ssl=1\" src=\"https:\/\/i0.wp.com\/eltrabajo.cl\/portal\/wp-content\/uploads\/2015\/12\/FOTO-1-Cristian-Contreras-Molina-Obispo-de-la-Diocesis-de-San-Felipe-de-Aconcagua.jpg?w=316&#038;h=207&#038;ssl=1\" srcset=\"https:\/\/i0.wp.com\/eltrabajo.cl\/portal\/wp-content\/uploads\/2015\/12\/FOTO-1-Cristian-Contreras-Molina-Obispo-de-la-Diocesis-de-San-Felipe-de-Aconcagua.jpg?w=530&amp;ssl=1 530w, https:\/\/i0.wp.com\/eltrabajo.cl\/portal\/wp-content\/uploads\/2015\/12\/FOTO-1-Cristian-Contreras-Molina-Obispo-de-la-Diocesis-de-San-Felipe-de-Aconcagua.jpg?resize=200%2C131&amp;ssl=1 200w, https:\/\/i0.wp.com\/eltrabajo.cl\/portal\/wp-content\/uploads\/2015\/12\/FOTO-1-Cristian-Contreras-Molina-Obispo-de-la-Diocesis-de-San-Felipe-de-Aconcagua.jpg?resize=300%2C197&amp;ssl=1 300w, https:\/\/i0.wp.com\/eltrabajo.cl\/portal\/wp-content\/uploads\/2015\/12\/FOTO-1-Cristian-Contreras-Molina-Obispo-de-la-Diocesis-de-San-Felipe-de-Aconcagua.jpg?resize=228%2C150&amp;ssl=1 228w, https:\/\/i0.wp.com\/eltrabajo.cl\/portal\/wp-content\/uploads\/2015\/12\/FOTO-1-Cristian-Contreras-Molina-Obispo-de-la-Diocesis-de-San-Felipe-de-Aconcagua.jpg?resize=400%2C263&amp;ssl=1 400w\" width=\"316\" height=\"207\" loading=\"lazy\" data-original-width=\"316\" data-original-height=\"207\" itemprop=\"http:\/\/schema.org\/image\" title=\"FOTO 1 Cristian Contreras Molina Obispo de la Diocesis de San Felipe de Aconcagua\" alt=\"Cristi\u00e1n Contreras Molina, Obispo de la Di\u00f3cesis de San Felipe de Aconcagua\" style=\"width: 316px; height: 207px;\" \/> <\/a> <div class=\"tiled-gallery-caption\" itemprop=\"caption description\"> Cristi\u00e1n Contreras Molina, Obispo de la Di\u00f3cesis de San Felipe de Aconcagua <\/div> <\/div> <\/div> <!-- close group --> <div class=\"gallery-group images-1\" style=\"width: 320px; height: 211px;\" data-original-width=\"320\" data-original-height=\"211\" > <div class=\"tiled-gallery-item tiled-gallery-item-large\" itemprop=\"associatedMedia\" itemscope itemtype=\"http:\/\/schema.org\/ImageObject\"> <a href=\"https:\/\/eltrabajo.cl\/portal\/catedral-de-san-felipe-abrira-su-puerta-santa-el-19-de-diciembre\/foto-2-padre-pedro-salinas-parroco-de-putaendo\/\" border=\"0\" itemprop=\"url\"> <meta itemprop=\"width\" content=\"316\"> <meta itemprop=\"height\" content=\"207\"> <img decoding=\"async\" class=\"\" data-attachment-id=\"64465\" data-orig-file=\"https:\/\/eltrabajo.cl\/portal\/wp-content\/uploads\/2015\/12\/Foto-2-Padre-Pedro-Salinas-parroco-de-Putaendo.jpg\" data-orig-size=\"530,348\" data-comments-opened=\"1\" data-image-meta=\"{&quot;aperture&quot;:&quot;0&quot;,&quot;credit&quot;:&quot;&quot;,&quot;camera&quot;:&quot;&quot;,&quot;caption&quot;:&quot;&quot;,&quot;created_timestamp&quot;:&quot;0&quot;,&quot;copyright&quot;:&quot;Copyright 2012&quot;,&quot;focal_length&quot;:&quot;0&quot;,&quot;iso&quot;:&quot;0&quot;,&quot;shutter_speed&quot;:&quot;0&quot;,&quot;title&quot;:&quot;&quot;,&quot;orientation&quot;:&quot;0&quot;}\" data-image-title=\"Foto 2 Padre Pedro Salinas parroco de Putaendo\" data-image-description=\"&lt;p&gt;Padre Pedro Salinas, p\u00e1rroco de Putaendo, encargado de la comisi\u00f3n organizadora del A\u00f1o de la Misericordia.&lt;\/p&gt; \" data-medium-file=\"https:\/\/i0.wp.com\/eltrabajo.cl\/portal\/wp-content\/uploads\/2015\/12\/Foto-2-Padre-Pedro-Salinas-parroco-de-Putaendo.jpg?fit=300%2C197&#038;ssl=1\" data-large-file=\"https:\/\/i0.wp.com\/eltrabajo.cl\/portal\/wp-content\/uploads\/2015\/12\/Foto-2-Padre-Pedro-Salinas-parroco-de-Putaendo.jpg?fit=530%2C348&#038;ssl=1\" src=\"https:\/\/i0.wp.com\/eltrabajo.cl\/portal\/wp-content\/uploads\/2015\/12\/Foto-2-Padre-Pedro-Salinas-parroco-de-Putaendo.jpg?w=316&#038;h=207&#038;ssl=1\" srcset=\"https:\/\/i0.wp.com\/eltrabajo.cl\/portal\/wp-content\/uploads\/2015\/12\/Foto-2-Padre-Pedro-Salinas-parroco-de-Putaendo.jpg?w=530&amp;ssl=1 530w, https:\/\/i0.wp.com\/eltrabajo.cl\/portal\/wp-content\/uploads\/2015\/12\/Foto-2-Padre-Pedro-Salinas-parroco-de-Putaendo.jpg?resize=200%2C131&amp;ssl=1 200w, https:\/\/i0.wp.com\/eltrabajo.cl\/portal\/wp-content\/uploads\/2015\/12\/Foto-2-Padre-Pedro-Salinas-parroco-de-Putaendo.jpg?resize=300%2C197&amp;ssl=1 300w, https:\/\/i0.wp.com\/eltrabajo.cl\/portal\/wp-content\/uploads\/2015\/12\/Foto-2-Padre-Pedro-Salinas-parroco-de-Putaendo.jpg?resize=228%2C150&amp;ssl=1 228w, https:\/\/i0.wp.com\/eltrabajo.cl\/portal\/wp-content\/uploads\/2015\/12\/Foto-2-Padre-Pedro-Salinas-parroco-de-Putaendo.jpg?resize=400%2C263&amp;ssl=1 400w\" width=\"316\" height=\"207\" loading=\"lazy\" data-original-width=\"316\" data-original-height=\"207\" itemprop=\"http:\/\/schema.org\/image\" title=\"Foto 2 Padre Pedro Salinas parroco de Putaendo\" alt=\"Padre Pedro Salinas, p\u00e1rroco de Putaendo, encargado de la comisi\u00f3n organizadora del A\u00f1o de la Misericordia.\" style=\"width: 316px; height: 207px;\" \/> <\/a> <div class=\"tiled-gallery-caption\" itemprop=\"caption description\"> Padre Pedro Salinas, p\u00e1rroco de Putaendo, encargado de la comisi\u00f3n organizadora del A\u00f1o de la Misericordia. <\/div> <\/div> <\/div> <!-- close group --> <\/div> <!-- close row --> <\/div>\n","protected":false},"excerpt":{"rendered":"<p>Di\u00f3cesis de San Felipe se suma a un acto simb\u00f3lico convocado por el Papa Francisco, que pretende reforzar la fe en Jesucristo. El 19 de diciembre a las 16:30 horas, el Obispado&#8230;<\/p>\n","protected":false},"author":482,"featured_media":64466,"comment_status":"open","ping_status":"open","sticky":false,"template":"","format":"standard","meta":{"advanced_seo_description":"","jetpack_seo_html_title":"","jetpack_seo_noindex":false,"_jetpack_memberships_contains_paid_content":false,"footnotes":""},"categories":[15],"tags":[],"class_list":["post-64463","post","type-post","status-publish","format-standard","has-post-thumbnail","hentry","category-comunidad"],"jetpack_featured_media_url":"https:\/\/i0.wp.com\/eltrabajo.cl\/portal\/wp-content\/uploads\/2015\/12\/FOTO-3-Monsenor-Cristian-Contreras-.jpg?fit=528%2C350&ssl=1","jetpack_sharing_enabled":true,"jetpack_likes_enabled":true,"jetpack-related-posts":[],"_links":{"self":[{"href":"https:\/\/eltrabajo.cl\/portal\/wp-json\/wp\/v2\/posts\/64463","targetHints":{"allow":["GET"]}}],"collection":[{"href":"https:\/\/eltrabajo.cl\/portal\/wp-json\/wp\/v2\/posts"}],"about":[{"href":"https:\/\/eltrabajo.cl\/portal\/wp-json\/wp\/v2\/types\/post"}],"author":[{"embeddable":true,"href":"https:\/\/eltrabajo.cl\/portal\/wp-json\/wp\/v2\/users\/482"}],"replies":[{"embeddable":true,"href":"https:\/\/eltrabajo.cl\/portal\/wp-json\/wp\/v2\/comments?post=64463"}],"version-history":[{"count":0,"href":"https:\/\/eltrabajo.cl\/portal\/wp-json\/wp\/v2\/posts\/64463\/revisions"}],"wp:featuredmedia":[{"embeddable":true,"href":"https:\/\/eltrabajo.cl\/portal\/wp-json\/wp\/v2\/media\/64466"}],"wp:attachment":[{"href":"https:\/\/eltrabajo.cl\/portal\/wp-json\/wp\/v2\/media?parent=64463"}],"wp:term":[{"taxonomy":"category","embeddable":true,"href":"https:\/\/eltrabajo.cl\/portal\/wp-json\/wp\/v2\/categories?post=64463"},{"taxonomy":"post_tag","embeddable":true,"href":"https:\/\/eltrabajo.cl\/portal\/wp-json\/wp\/v2\/tags?post=64463"}],"curies":[{"name":"wp","href":"https:\/\/api.w.org\/{rel}","templated":true}]}}