{"id":64468,"date":"2015-12-03T16:21:22","date_gmt":"2015-12-03T19:21:22","guid":{"rendered":"http:\/\/www.eltrabajo.cl\/portal\/?p=64468"},"modified":"2015-12-03T16:21:22","modified_gmt":"2015-12-03T19:21:22","slug":"mas-de-7-toneladas-de-envases-de-fitosanitarios-vacios-reunen-agricultores-de-san-felipe","status":"publish","type":"post","link":"https:\/\/eltrabajo.cl\/portal\/mas-de-7-toneladas-de-envases-de-fitosanitarios-vacios-reunen-agricultores-de-san-felipe\/","title":{"rendered":"M\u00e1s de 7 toneladas de envases de fitosanitarios vac\u00edos re\u00fanen agricultores de San Felipe"},"content":{"rendered":"<figure id=\"attachment_64469\" aria-describedby=\"caption-attachment-64469\" style=\"width: 300px\" class=\"wp-caption alignleft\"><a href=\"https:\/\/i0.wp.com\/www.eltrabajo.cl\/portal\/wp-content\/uploads\/2015\/12\/San-Felipe.jpg\"><img data-recalc-dims=\"1\" loading=\"lazy\" decoding=\"async\" class=\"wp-image-64469 size-medium\" src=\"https:\/\/i0.wp.com\/www.eltrabajo.cl\/portal\/wp-content\/uploads\/2015\/12\/San-Felipe-300x198.jpg?resize=300%2C198\" alt=\"En esta oportunidad, fueron recolectados 7.610 kilos, lo que se traduce en 22.931 envases.\" width=\"300\" height=\"198\" srcset=\"https:\/\/i0.wp.com\/eltrabajo.cl\/portal\/wp-content\/uploads\/2015\/12\/San-Felipe.jpg?resize=300%2C198&amp;ssl=1 300w, https:\/\/i0.wp.com\/eltrabajo.cl\/portal\/wp-content\/uploads\/2015\/12\/San-Felipe.jpg?resize=200%2C132&amp;ssl=1 200w, https:\/\/i0.wp.com\/eltrabajo.cl\/portal\/wp-content\/uploads\/2015\/12\/San-Felipe.jpg?resize=227%2C150&amp;ssl=1 227w, https:\/\/i0.wp.com\/eltrabajo.cl\/portal\/wp-content\/uploads\/2015\/12\/San-Felipe.jpg?resize=400%2C264&amp;ssl=1 400w, https:\/\/i0.wp.com\/eltrabajo.cl\/portal\/wp-content\/uploads\/2015\/12\/San-Felipe.jpg?w=530&amp;ssl=1 530w\" sizes=\"auto, (max-width: 300px) 100vw, 300px\" \/><\/a><figcaption id=\"caption-attachment-64469\" class=\"wp-caption-text\">En esta oportunidad, fueron recolectados 7.610 kilos, lo que se traduce en 22.931 envases.<\/figcaption><\/figure>\n<ul>\n<li><strong>En la recolecci\u00f3n anterior, que se llev\u00f3 a cabo en abril de este a\u00f1o, se lleg\u00f3 a 4.240 kilos.<\/strong><\/li>\n<\/ul>\n<p>La Municipalidad de San Felipe, el Comit\u00e9 Regional de Plaguicidas de la Provincia de San Felipe, el SAG de San Felipe y la Asociaci\u00f3n Nacional de Fabricantes e Importadores de Productos Fitosanitarios Agr\u00edcolas (Afipa) fueron los encargados de impulsar y organizar la \u00faltima recolecci\u00f3n de envases vac\u00edos de fitosanitarios de esta comuna, la que fue totalmente gratuita para los agricultores de la zona, los que en su mayor\u00eda se dedican a la exportaci\u00f3n de fruta, en especial de la uva.<br \/>\nPositivo es el balance que hacen todos los actores involucrados, ya que se lleg\u00f3 a 7.610 kilos (22.931 envases de diferentes capacidades), superando considerablemente la cifra de abril de este a\u00f1o, que fue de 4.240 kilos (19.113 envases de distintas capacidades).<br \/>\n\u201cEste resultado demuestra que los agricultores de San Felipe est\u00e1n implementando una de las Buenas Pr\u00e1cticas Agr\u00edcolas (BPA) ya que han adoptado, dentro de su trabajo de cultivo, la actividad del buen manejo de sus envases vac\u00edos de plaguicidas. Adem\u00e1s, han tomado conciencia de que esta t\u00e9cnica de realizar el triple lavado de los envases y de manejarlos de acuerdo a un programa de eliminaci\u00f3n aprobado por la normativa nacional, y tambi\u00e9n usada internacionalmente, va en directo beneficio tanto de ellos como del medio ambiente y de las personas en general, privilegiando la agricultura sustentable\u201d, precisa Armin Clasing de Afipa.<br \/>\nTodos estos envases fueron enviados a Cemento Polpaico S.A. Coactiva, donde fueron eliminados en co-procesamiento en el horno cementero.<\/p>\n","protected":false},"excerpt":{"rendered":"<p>En la recolecci\u00f3n anterior, que se llev\u00f3 a cabo en abril de este a\u00f1o, se lleg\u00f3 a 4.240 kilos. La Municipalidad de San Felipe, el Comit\u00e9 Regional de Plaguicidas de la Provincia&#8230;<\/p>\n","protected":false},"author":482,"featured_media":64469,"comment_status":"open","ping_status":"open","sticky":false,"template":"","format":"standard","meta":{"advanced_seo_description":"","jetpack_seo_html_title":"","jetpack_seo_noindex":false,"_jetpack_memberships_contains_paid_content":false,"footnotes":""},"categories":[1],"tags":[],"class_list":["post-64468","post","type-post","status-publish","format-standard","has-post-thumbnail","hentry","category-cronica"],"jetpack_featured_media_url":"https:\/\/i0.wp.com\/eltrabajo.cl\/portal\/wp-content\/uploads\/2015\/12\/San-Felipe.jpg?fit=530%2C350&ssl=1","jetpack_sharing_enabled":true,"jetpack_likes_enabled":true,"jetpack-related-posts":[],"_links":{"self":[{"href":"https:\/\/eltrabajo.cl\/portal\/wp-json\/wp\/v2\/posts\/64468","targetHints":{"allow":["GET"]}}],"collection":[{"href":"https:\/\/eltrabajo.cl\/portal\/wp-json\/wp\/v2\/posts"}],"about":[{"href":"https:\/\/eltrabajo.cl\/portal\/wp-json\/wp\/v2\/types\/post"}],"author":[{"embeddable":true,"href":"https:\/\/eltrabajo.cl\/portal\/wp-json\/wp\/v2\/users\/482"}],"replies":[{"embeddable":true,"href":"https:\/\/eltrabajo.cl\/portal\/wp-json\/wp\/v2\/comments?post=64468"}],"version-history":[{"count":0,"href":"https:\/\/eltrabajo.cl\/portal\/wp-json\/wp\/v2\/posts\/64468\/revisions"}],"wp:featuredmedia":[{"embeddable":true,"href":"https:\/\/eltrabajo.cl\/portal\/wp-json\/wp\/v2\/media\/64469"}],"wp:attachment":[{"href":"https:\/\/eltrabajo.cl\/portal\/wp-json\/wp\/v2\/media?parent=64468"}],"wp:term":[{"taxonomy":"category","embeddable":true,"href":"https:\/\/eltrabajo.cl\/portal\/wp-json\/wp\/v2\/categories?post=64468"},{"taxonomy":"post_tag","embeddable":true,"href":"https:\/\/eltrabajo.cl\/portal\/wp-json\/wp\/v2\/tags?post=64468"}],"curies":[{"name":"wp","href":"https:\/\/api.w.org\/{rel}","templated":true}]}}