{"id":64471,"date":"2015-12-03T16:23:17","date_gmt":"2015-12-03T19:23:17","guid":{"rendered":"http:\/\/www.eltrabajo.cl\/portal\/?p=64471"},"modified":"2015-12-03T16:23:17","modified_gmt":"2015-12-03T19:23:17","slug":"concejo-municipal-de-san-felipe-aprobo-por-unanimidad-el-proyecto-de-farmacias-comunitarias","status":"publish","type":"post","link":"https:\/\/eltrabajo.cl\/portal\/concejo-municipal-de-san-felipe-aprobo-por-unanimidad-el-proyecto-de-farmacias-comunitarias\/","title":{"rendered":"Concejo Municipal de San Felipe aprob\u00f3 por unanimidad el proyecto de Farmacias Comunitarias"},"content":{"rendered":"<figure id=\"attachment_64472\" aria-describedby=\"caption-attachment-64472\" style=\"width: 300px\" class=\"wp-caption alignleft\"><a href=\"https:\/\/i0.wp.com\/www.eltrabajo.cl\/portal\/wp-content\/uploads\/2015\/12\/FOTO-5-Alcalde-de-San-Felipe-Patricio-Freire-Canto.jpg\"><img data-recalc-dims=\"1\" loading=\"lazy\" decoding=\"async\" class=\"wp-image-64472 size-medium\" src=\"https:\/\/i0.wp.com\/www.eltrabajo.cl\/portal\/wp-content\/uploads\/2015\/12\/FOTO-5-Alcalde-de-San-Felipe-Patricio-Freire-Canto-300x198.jpg?resize=300%2C198\" alt=\"Alcalde de San Felipe, Patricio Freire Canto.\" width=\"300\" height=\"198\" srcset=\"https:\/\/i0.wp.com\/eltrabajo.cl\/portal\/wp-content\/uploads\/2015\/12\/FOTO-5-Alcalde-de-San-Felipe-Patricio-Freire-Canto.jpg?resize=300%2C198&amp;ssl=1 300w, https:\/\/i0.wp.com\/eltrabajo.cl\/portal\/wp-content\/uploads\/2015\/12\/FOTO-5-Alcalde-de-San-Felipe-Patricio-Freire-Canto.jpg?resize=200%2C132&amp;ssl=1 200w, https:\/\/i0.wp.com\/eltrabajo.cl\/portal\/wp-content\/uploads\/2015\/12\/FOTO-5-Alcalde-de-San-Felipe-Patricio-Freire-Canto.jpg?resize=228%2C150&amp;ssl=1 228w, https:\/\/i0.wp.com\/eltrabajo.cl\/portal\/wp-content\/uploads\/2015\/12\/FOTO-5-Alcalde-de-San-Felipe-Patricio-Freire-Canto.jpg?resize=400%2C263&amp;ssl=1 400w, https:\/\/i0.wp.com\/eltrabajo.cl\/portal\/wp-content\/uploads\/2015\/12\/FOTO-5-Alcalde-de-San-Felipe-Patricio-Freire-Canto.jpg?w=530&amp;ssl=1 530w\" sizes=\"auto, (max-width: 300px) 100vw, 300px\" \/><\/a><figcaption id=\"caption-attachment-64472\" class=\"wp-caption-text\">Alcalde de San Felipe, Patricio Freire Canto.<\/figcaption><\/figure>\n<ul>\n<li><strong>Antes que finalice el primer semestre de 2016 debiera estar en pleno funcionamiento iniciativa que permitir\u00e1 a los sanfelipe\u00f1os adquirir medicamentos a precio costo y que, en casos particulares, \u00e9stos puedan ser subvencionados por el municipio.<\/strong><\/li>\n<\/ul>\n<p>Con un plazo no mayor a 5 meses debiera comenzar a funcionar en San Felipe el proyecto de Farmacias Comunitarias, iniciativa que nace en la comuna de Recoleta con el concepto de Farmacias Populares y que replicada por el alcalde Patricio Freire Canto, fuera aprobada por unanimidad en la sesi\u00f3n de d\u00eda martes del Concejo Municipal.<br \/>\nFue precisamente el edil sanfelipe\u00f1o quien expres\u00f3 total satisfacci\u00f3n al encontrar acuerdo absoluto en torno a un modelo farmac\u00e9utico que pretende beneficiar a todos los sanfelipe\u00f1os. \u201cEs importante haber llegado a este acuerdo tan transversal, que va a significar una ayuda a las personas m\u00e1s vulnerables de la poblaci\u00f3n, a aqu\u00e9llos que van al Cesfam a buscar un remedio a veces muy caro y que no est\u00e1 dentro de la cartera de medicamentos que tienen a disposici\u00f3n estos establecimientos\u2026 esto va a implicar un alivio a los bolsillos de los sanfelipe\u00f1os\u201d enfatiz\u00f3 Freire.<br \/>\nPor su parte el Concejal Basilio Muena, quien fuera el primer personero municipal en reunirse con el alcalde de Recoleta Daniel Jadue para conocer detalles de la iniciativa, se encarg\u00f3 de especificar a quienes beneficiar\u00e1 esta idea, describiendo que \u201chemos sido testigos de la colusi\u00f3n de las farmacias, estableciendo precios realmente abusivos en cada uno de los medicamentos en las grandes cadenas farmac\u00e9uticas, por lo tanto, la farmacia municipal que se va a implementar va a beneficiar a todas las personas de San Felipe que se inscriban en esta farmacia, sin hacer ning\u00fan tipo de distinci\u00f3n, la gente podr\u00e1 pagar un precio justo por sus remedios y para las personas que tienen alg\u00fan grado de vulnerabilidad, obviamente ser\u00e1n consideradas casos excepcionales y el municipio establecer\u00e1 un sistema de copago, una ayuda para la compra de ciertos medicamentos\u201d, recalc\u00f3.<br \/>\nEn cuanto al tiempo que demorar\u00e1 en establecerse este sistema en la comuna, Muena agreg\u00f3 que \u201cahora la discusi\u00f3n que debemos seguir es referente al presupuesto municipal, se tiene que crear la glosa, tiene que quedar establecida la cuenta, el programa y luego que eso est\u00e9 listo el 15 de diciembre, vienen todos los tr\u00e1mites administrativos, autorizaciones respectivas, porque se tiene que cumplir con ciertas exigencias m\u00ednimas para las dependencias de la farmacia municipal y eso m\u00e1s o menos en 3 o 4 meses debi\u00e9ramos tenerlo resuelto. Recoleta se demor\u00f3 18 meses para poder implementar esto, pero porque era un modelo nuevo, nosotros ya conocemos el ordenamiento jur\u00eddico\u201d, afirm\u00f3.<br \/>\nRespecto del tema jur\u00eddico el Dr. Rodolfo Silva, presidente de la comisi\u00f3n de Salud del concejo municipal de San Felipe, explic\u00f3 que \u201cla Ley Org\u00e1nica Constitucional Municipal nos ampara, nos avala porque dice textualmente que nuestro deber es dar una protecci\u00f3n a la salud de nuestros vecinos y hacia el medio ambiente, por lo tanto, est\u00e1 amparado legalmente\u201d, destac\u00f3<br \/>\nEn relaci\u00f3n a la forma en que se llevar\u00e1 a cabo la venta de medicamentos una vez que sea instaurada la Farmacia Comunitaria. Silva, a\u00f1adi\u00f3 que \u201cvamos a tener una posibilidad de generar un nexo entre los laboratorios e instituciones que elaboran medicamentos, para que en forma m\u00e1s econ\u00f3mica tengamos un precio justo y seamos nosotros un canal de compra para ofrecerle ese servicio a nuestros vecinos. El municipio no va a lucrar con esto\u201d, enfatiz\u00f3.<\/p>\n<div class=\"tiled-gallery type-rectangular tiled-gallery-unresized\" data-original-width=\"640\" data-carousel-extra='null' itemscope itemtype=\"http:\/\/schema.org\/ImageGallery\" > <div class=\"gallery-row\" style=\"width: 640px; height: 212px;\" data-original-width=\"640\" data-original-height=\"212\" > <div class=\"gallery-group images-1\" style=\"width: 321px; height: 212px;\" data-original-width=\"321\" data-original-height=\"212\" > <div class=\"tiled-gallery-item tiled-gallery-item-large\" itemprop=\"associatedMedia\" itemscope itemtype=\"http:\/\/schema.org\/ImageObject\"> <a href=\"https:\/\/eltrabajo.cl\/portal\/concejo-municipal-de-san-felipe-aprobo-por-unanimidad-el-proyecto-de-farmacias-comunitarias\/foto-6-basilio-muena\/\" border=\"0\" itemprop=\"url\"> <meta itemprop=\"width\" content=\"317\"> <meta itemprop=\"height\" content=\"208\"> <img decoding=\"async\" class=\"\" data-attachment-id=\"64473\" data-orig-file=\"https:\/\/eltrabajo.cl\/portal\/wp-content\/uploads\/2015\/12\/FOTO-6-Basilio-Muena.jpg\" data-orig-size=\"530,348\" data-comments-opened=\"1\" data-image-meta=\"{&quot;aperture&quot;:&quot;0&quot;,&quot;credit&quot;:&quot;&quot;,&quot;camera&quot;:&quot;&quot;,&quot;caption&quot;:&quot;&quot;,&quot;created_timestamp&quot;:&quot;0&quot;,&quot;copyright&quot;:&quot;Copyright 2012&quot;,&quot;focal_length&quot;:&quot;0&quot;,&quot;iso&quot;:&quot;0&quot;,&quot;shutter_speed&quot;:&quot;0&quot;,&quot;title&quot;:&quot;&quot;,&quot;orientation&quot;:&quot;0&quot;}\" data-image-title=\"FOTO 6 Basilio Muena\" data-image-description=\"&lt;p&gt;Basilio Muena, concejal de San Felipe.&lt;\/p&gt; \" data-medium-file=\"https:\/\/i0.wp.com\/eltrabajo.cl\/portal\/wp-content\/uploads\/2015\/12\/FOTO-6-Basilio-Muena.jpg?fit=300%2C197&#038;ssl=1\" data-large-file=\"https:\/\/i0.wp.com\/eltrabajo.cl\/portal\/wp-content\/uploads\/2015\/12\/FOTO-6-Basilio-Muena.jpg?fit=530%2C348&#038;ssl=1\" src=\"https:\/\/i0.wp.com\/eltrabajo.cl\/portal\/wp-content\/uploads\/2015\/12\/FOTO-6-Basilio-Muena.jpg?w=317&#038;h=208&#038;ssl=1\" srcset=\"https:\/\/i0.wp.com\/eltrabajo.cl\/portal\/wp-content\/uploads\/2015\/12\/FOTO-6-Basilio-Muena.jpg?w=530&amp;ssl=1 530w, https:\/\/i0.wp.com\/eltrabajo.cl\/portal\/wp-content\/uploads\/2015\/12\/FOTO-6-Basilio-Muena.jpg?resize=200%2C131&amp;ssl=1 200w, https:\/\/i0.wp.com\/eltrabajo.cl\/portal\/wp-content\/uploads\/2015\/12\/FOTO-6-Basilio-Muena.jpg?resize=300%2C197&amp;ssl=1 300w, https:\/\/i0.wp.com\/eltrabajo.cl\/portal\/wp-content\/uploads\/2015\/12\/FOTO-6-Basilio-Muena.jpg?resize=228%2C150&amp;ssl=1 228w, https:\/\/i0.wp.com\/eltrabajo.cl\/portal\/wp-content\/uploads\/2015\/12\/FOTO-6-Basilio-Muena.jpg?resize=400%2C263&amp;ssl=1 400w\" width=\"317\" height=\"208\" loading=\"lazy\" data-original-width=\"317\" data-original-height=\"208\" itemprop=\"http:\/\/schema.org\/image\" title=\"FOTO 6 Basilio Muena\" alt=\"Basilio Muena, concejal de San Felipe.\" style=\"width: 317px; height: 208px;\" \/> <\/a> <div class=\"tiled-gallery-caption\" itemprop=\"caption description\"> Basilio Muena, concejal de San Felipe. <\/div> <\/div> <\/div> <!-- close group --> <div class=\"gallery-group images-1\" style=\"width: 319px; height: 212px;\" data-original-width=\"319\" data-original-height=\"212\" > <div class=\"tiled-gallery-item tiled-gallery-item-large\" itemprop=\"associatedMedia\" itemscope itemtype=\"http:\/\/schema.org\/ImageObject\"> <a href=\"https:\/\/eltrabajo.cl\/portal\/concejo-municipal-de-san-felipe-aprobo-por-unanimidad-el-proyecto-de-farmacias-comunitarias\/rodolfo-silva-8\/\" border=\"0\" itemprop=\"url\"> <meta itemprop=\"width\" content=\"315\"> <meta itemprop=\"height\" content=\"208\"> <img decoding=\"async\" class=\"\" data-attachment-id=\"64474\" data-orig-file=\"https:\/\/eltrabajo.cl\/portal\/wp-content\/uploads\/2015\/12\/Rodolfo-Silva.jpg\" data-orig-size=\"530,350\" data-comments-opened=\"1\" data-image-meta=\"{&quot;aperture&quot;:&quot;0&quot;,&quot;credit&quot;:&quot;&quot;,&quot;camera&quot;:&quot;&quot;,&quot;caption&quot;:&quot;&quot;,&quot;created_timestamp&quot;:&quot;0&quot;,&quot;copyright&quot;:&quot;&quot;,&quot;focal_length&quot;:&quot;0&quot;,&quot;iso&quot;:&quot;0&quot;,&quot;shutter_speed&quot;:&quot;0&quot;,&quot;title&quot;:&quot;&quot;,&quot;orientation&quot;:&quot;0&quot;}\" data-image-title=\"Rodolfo Silva\" data-image-description=\"&lt;p&gt;Doctor Rodolfo Silva.&lt;\/p&gt; \" data-medium-file=\"https:\/\/i0.wp.com\/eltrabajo.cl\/portal\/wp-content\/uploads\/2015\/12\/Rodolfo-Silva.jpg?fit=300%2C198&#038;ssl=1\" data-large-file=\"https:\/\/i0.wp.com\/eltrabajo.cl\/portal\/wp-content\/uploads\/2015\/12\/Rodolfo-Silva.jpg?fit=530%2C350&#038;ssl=1\" src=\"https:\/\/i0.wp.com\/eltrabajo.cl\/portal\/wp-content\/uploads\/2015\/12\/Rodolfo-Silva.jpg?w=315&#038;h=208&#038;ssl=1\" srcset=\"https:\/\/i0.wp.com\/eltrabajo.cl\/portal\/wp-content\/uploads\/2015\/12\/Rodolfo-Silva.jpg?w=530&amp;ssl=1 530w, https:\/\/i0.wp.com\/eltrabajo.cl\/portal\/wp-content\/uploads\/2015\/12\/Rodolfo-Silva.jpg?resize=200%2C132&amp;ssl=1 200w, https:\/\/i0.wp.com\/eltrabajo.cl\/portal\/wp-content\/uploads\/2015\/12\/Rodolfo-Silva.jpg?resize=300%2C198&amp;ssl=1 300w, https:\/\/i0.wp.com\/eltrabajo.cl\/portal\/wp-content\/uploads\/2015\/12\/Rodolfo-Silva.jpg?resize=227%2C150&amp;ssl=1 227w, https:\/\/i0.wp.com\/eltrabajo.cl\/portal\/wp-content\/uploads\/2015\/12\/Rodolfo-Silva.jpg?resize=400%2C264&amp;ssl=1 400w\" width=\"315\" height=\"208\" loading=\"lazy\" data-original-width=\"315\" data-original-height=\"208\" itemprop=\"http:\/\/schema.org\/image\" title=\"Rodolfo Silva\" alt=\"Doctor Rodolfo Silva.\" style=\"width: 315px; height: 208px;\" \/> <\/a> <div class=\"tiled-gallery-caption\" itemprop=\"caption description\"> Doctor Rodolfo Silva. <\/div> <\/div> <\/div> <!-- close group --> <\/div> <!-- close row --> <\/div>\n","protected":false},"excerpt":{"rendered":"<p>Antes que finalice el primer semestre de 2016 debiera estar en pleno funcionamiento iniciativa que permitir\u00e1 a los sanfelipe\u00f1os adquirir medicamentos a precio costo y que, en casos particulares, \u00e9stos puedan ser&#8230;<\/p>\n","protected":false},"author":482,"featured_media":64472,"comment_status":"open","ping_status":"open","sticky":false,"template":"","format":"standard","meta":{"advanced_seo_description":"","jetpack_seo_html_title":"","jetpack_seo_noindex":false,"_jetpack_memberships_contains_paid_content":false,"footnotes":""},"categories":[1],"tags":[],"class_list":["post-64471","post","type-post","status-publish","format-standard","has-post-thumbnail","hentry","category-cronica"],"jetpack_featured_media_url":"https:\/\/i0.wp.com\/eltrabajo.cl\/portal\/wp-content\/uploads\/2015\/12\/FOTO-5-Alcalde-de-San-Felipe-Patricio-Freire-Canto.jpg?fit=530%2C349&ssl=1","jetpack_sharing_enabled":true,"jetpack_likes_enabled":true,"jetpack-related-posts":[],"_links":{"self":[{"href":"https:\/\/eltrabajo.cl\/portal\/wp-json\/wp\/v2\/posts\/64471","targetHints":{"allow":["GET"]}}],"collection":[{"href":"https:\/\/eltrabajo.cl\/portal\/wp-json\/wp\/v2\/posts"}],"about":[{"href":"https:\/\/eltrabajo.cl\/portal\/wp-json\/wp\/v2\/types\/post"}],"author":[{"embeddable":true,"href":"https:\/\/eltrabajo.cl\/portal\/wp-json\/wp\/v2\/users\/482"}],"replies":[{"embeddable":true,"href":"https:\/\/eltrabajo.cl\/portal\/wp-json\/wp\/v2\/comments?post=64471"}],"version-history":[{"count":0,"href":"https:\/\/eltrabajo.cl\/portal\/wp-json\/wp\/v2\/posts\/64471\/revisions"}],"wp:featuredmedia":[{"embeddable":true,"href":"https:\/\/eltrabajo.cl\/portal\/wp-json\/wp\/v2\/media\/64472"}],"wp:attachment":[{"href":"https:\/\/eltrabajo.cl\/portal\/wp-json\/wp\/v2\/media?parent=64471"}],"wp:term":[{"taxonomy":"category","embeddable":true,"href":"https:\/\/eltrabajo.cl\/portal\/wp-json\/wp\/v2\/categories?post=64471"},{"taxonomy":"post_tag","embeddable":true,"href":"https:\/\/eltrabajo.cl\/portal\/wp-json\/wp\/v2\/tags?post=64471"}],"curies":[{"name":"wp","href":"https:\/\/api.w.org\/{rel}","templated":true}]}}