{"id":64476,"date":"2015-12-03T16:25:54","date_gmt":"2015-12-03T19:25:54","guid":{"rendered":"http:\/\/www.eltrabajo.cl\/portal\/?p=64476"},"modified":"2015-12-03T16:25:54","modified_gmt":"2015-12-03T19:25:54","slug":"comerciantes-de-feria-de-las-pulgas-navidena-temen-perder-sus-mercaderias","status":"publish","type":"post","link":"https:\/\/eltrabajo.cl\/portal\/comerciantes-de-feria-de-las-pulgas-navidena-temen-perder-sus-mercaderias\/","title":{"rendered":"Comerciantes de Feria de las Pulgas navide\u00f1a temen perder sus mercader\u00edas"},"content":{"rendered":"<figure id=\"attachment_64477\" aria-describedby=\"caption-attachment-64477\" style=\"width: 300px\" class=\"wp-caption alignleft\"><a href=\"https:\/\/i0.wp.com\/www.eltrabajo.cl\/portal\/wp-content\/uploads\/2015\/12\/FOTO-7-Miguel-Torres-presidente-de-la-agrupacion-de-comerciantes-sanfelipenos-de-la-Feria-de-las-Pulgas.jpg\"><img data-recalc-dims=\"1\" loading=\"lazy\" decoding=\"async\" class=\"wp-image-64477 size-medium\" src=\"https:\/\/i0.wp.com\/www.eltrabajo.cl\/portal\/wp-content\/uploads\/2015\/12\/FOTO-7-Miguel-Torres-presidente-de-la-agrupacion-de-comerciantes-sanfelipenos-de-la-Feria-de-las-Pulgas-300x197.jpg?resize=300%2C197\" alt=\"Miguel Torres, presidente de la agrupaci\u00f3n de comerciantes sanfelipe\u00f1os de la Feria de las Pulgas.\" width=\"300\" height=\"197\" srcset=\"https:\/\/i0.wp.com\/eltrabajo.cl\/portal\/wp-content\/uploads\/2015\/12\/FOTO-7-Miguel-Torres-presidente-de-la-agrupacion-de-comerciantes-sanfelipenos-de-la-Feria-de-las-Pulgas.jpg?resize=300%2C197&amp;ssl=1 300w, https:\/\/i0.wp.com\/eltrabajo.cl\/portal\/wp-content\/uploads\/2015\/12\/FOTO-7-Miguel-Torres-presidente-de-la-agrupacion-de-comerciantes-sanfelipenos-de-la-Feria-de-las-Pulgas.jpg?resize=200%2C131&amp;ssl=1 200w, https:\/\/i0.wp.com\/eltrabajo.cl\/portal\/wp-content\/uploads\/2015\/12\/FOTO-7-Miguel-Torres-presidente-de-la-agrupacion-de-comerciantes-sanfelipenos-de-la-Feria-de-las-Pulgas.jpg?resize=228%2C150&amp;ssl=1 228w, https:\/\/i0.wp.com\/eltrabajo.cl\/portal\/wp-content\/uploads\/2015\/12\/FOTO-7-Miguel-Torres-presidente-de-la-agrupacion-de-comerciantes-sanfelipenos-de-la-Feria-de-las-Pulgas.jpg?resize=400%2C263&amp;ssl=1 400w, https:\/\/i0.wp.com\/eltrabajo.cl\/portal\/wp-content\/uploads\/2015\/12\/FOTO-7-Miguel-Torres-presidente-de-la-agrupacion-de-comerciantes-sanfelipenos-de-la-Feria-de-las-Pulgas.jpg?w=530&amp;ssl=1 530w\" sizes=\"auto, (max-width: 300px) 100vw, 300px\" \/><\/a><figcaption id=\"caption-attachment-64477\" class=\"wp-caption-text\">Miguel Torres, presidente de la agrupaci\u00f3n de comerciantes sanfelipe\u00f1os de la Feria de las Pulgas.<\/figcaption><\/figure>\n<ul>\n<li><strong>Dirigente busca que el alcalde Patricio Freire les otorgue una soluci\u00f3n provisoria, ya sea en otro terreno o reubic\u00e1ndolos nuevamente en Yungay a un costado de la feria del juguete.<\/strong><\/li>\n<\/ul>\n<p>El arreglo de las \u00e1reas verdes de la Alameda Yungay trajo como consecuencia que la Feria de las Pulgas, que anualmente en esta fecha, se ubica entre calles Prat y Santo Domingo a un costado de la Feria del Juguete, fuera trasladada frente al supermercado Tottus, hecho que ha provocado preocupaci\u00f3n en este grupo de comerciantes debido al constante desborde del canal de regad\u00edo de ese sector.<br \/>\nMiguel Torres, presidente de este grupo de trabajadores, plante\u00f3 la posibilidad a la Municipalidad de San Felipe, de poder ser cambiados de este sector de forma provisoria por el presente a\u00f1o y que posteriormente se pueda analizar su traslado definitivo a otro sitio, tal cual se hizo con los puestos de la Feria del Juguete. Esto con el objetivo de no correr riesgos con sus mercader\u00edas.<br \/>\nDe esta forma Torres manifest\u00f3 que \u201cqueremos encontrar una soluci\u00f3n a ver si el alcalde nos puede dar otro lugar, para poder trabajar, que no sea frente al Tottus porque ah\u00ed tambi\u00e9n hay problemas con el agua\u201d, asegur\u00f3.<\/p>\n<figure id=\"attachment_64478\" aria-describedby=\"caption-attachment-64478\" style=\"width: 300px\" class=\"wp-caption alignright\"><a href=\"https:\/\/i0.wp.com\/www.eltrabajo.cl\/portal\/wp-content\/uploads\/2015\/12\/foto-9-feria-yungay-totus.jpg\"><img data-recalc-dims=\"1\" loading=\"lazy\" decoding=\"async\" class=\"wp-image-64478 size-medium\" src=\"https:\/\/i0.wp.com\/www.eltrabajo.cl\/portal\/wp-content\/uploads\/2015\/12\/foto-9-feria-yungay-totus-300x198.jpg?resize=300%2C198\" alt=\"Alameda Yungay entre Prat y Santo Domingo, espacio que anualmente en fechas navide\u00f1as ocupa La Feria de las Pulgas.\" width=\"300\" height=\"198\" srcset=\"https:\/\/i0.wp.com\/eltrabajo.cl\/portal\/wp-content\/uploads\/2015\/12\/foto-9-feria-yungay-totus.jpg?resize=300%2C198&amp;ssl=1 300w, https:\/\/i0.wp.com\/eltrabajo.cl\/portal\/wp-content\/uploads\/2015\/12\/foto-9-feria-yungay-totus.jpg?resize=200%2C132&amp;ssl=1 200w, https:\/\/i0.wp.com\/eltrabajo.cl\/portal\/wp-content\/uploads\/2015\/12\/foto-9-feria-yungay-totus.jpg?resize=228%2C150&amp;ssl=1 228w, https:\/\/i0.wp.com\/eltrabajo.cl\/portal\/wp-content\/uploads\/2015\/12\/foto-9-feria-yungay-totus.jpg?resize=400%2C263&amp;ssl=1 400w, https:\/\/i0.wp.com\/eltrabajo.cl\/portal\/wp-content\/uploads\/2015\/12\/foto-9-feria-yungay-totus.jpg?w=530&amp;ssl=1 530w\" sizes=\"auto, (max-width: 300px) 100vw, 300px\" \/><\/a><figcaption id=\"caption-attachment-64478\" class=\"wp-caption-text\">Alameda Yungay entre Prat y Santo Domingo, espacio que anualmente en fechas navide\u00f1as ocupa La Feria de las Pulgas.<\/figcaption><\/figure>\n<p>As\u00ed mismo Torres agreg\u00f3 que \u201cestamos viendo c\u00f3mo podemos cambiarnos del Tottus porque queremos que la gente se pueda ir tranquila en la noche, que el alcalde nos d\u00e9 la seguridad que la gente va a poder estar tranquila con su mercader\u00eda y que no vaya a llegar al otro d\u00eda y que se pueda mojar todo\u201d, adujo.<br \/>\nEn cuanto a las alternativas que consideran para poder instalarse, el dirigente dijo que \u201cestamos peleando para ver si el alcalde nos pueda pasar un terreno que dicen que \u00e9l tiene por mientras este a\u00f1o y despu\u00e9s ver c\u00f3mo nos acomodamos, o si nos podemos acomodar donde est\u00e1bamos o si hay otro lugar, lo que sea para instalarnos a partir del viernes\u201d, detall\u00f3<br \/>\nCabe destacar que este grupo de comerciantes re\u00fane cerca de 120 puestos y que anualmente cada uno paga un permiso que este a\u00f1o el municipio sanfelipe\u00f1o decidi\u00f3 rebajar en un monto considerable.<\/p>\n","protected":false},"excerpt":{"rendered":"<p>Dirigente busca que el alcalde Patricio Freire les otorgue una soluci\u00f3n provisoria, ya sea en otro terreno o reubic\u00e1ndolos nuevamente en Yungay a un costado de la feria del juguete. El arreglo&#8230;<\/p>\n","protected":false},"author":482,"featured_media":64477,"comment_status":"open","ping_status":"open","sticky":false,"template":"","format":"standard","meta":{"advanced_seo_description":"","jetpack_seo_html_title":"","jetpack_seo_noindex":false,"_jetpack_memberships_contains_paid_content":false,"footnotes":""},"categories":[15],"tags":[],"class_list":["post-64476","post","type-post","status-publish","format-standard","has-post-thumbnail","hentry","category-comunidad"],"jetpack_featured_media_url":"https:\/\/i0.wp.com\/eltrabajo.cl\/portal\/wp-content\/uploads\/2015\/12\/FOTO-7-Miguel-Torres-presidente-de-la-agrupacion-de-comerciantes-sanfelipenos-de-la-Feria-de-las-Pulgas.jpg?fit=530%2C348&ssl=1","jetpack_sharing_enabled":true,"jetpack_likes_enabled":true,"jetpack-related-posts":[],"_links":{"self":[{"href":"https:\/\/eltrabajo.cl\/portal\/wp-json\/wp\/v2\/posts\/64476","targetHints":{"allow":["GET"]}}],"collection":[{"href":"https:\/\/eltrabajo.cl\/portal\/wp-json\/wp\/v2\/posts"}],"about":[{"href":"https:\/\/eltrabajo.cl\/portal\/wp-json\/wp\/v2\/types\/post"}],"author":[{"embeddable":true,"href":"https:\/\/eltrabajo.cl\/portal\/wp-json\/wp\/v2\/users\/482"}],"replies":[{"embeddable":true,"href":"https:\/\/eltrabajo.cl\/portal\/wp-json\/wp\/v2\/comments?post=64476"}],"version-history":[{"count":0,"href":"https:\/\/eltrabajo.cl\/portal\/wp-json\/wp\/v2\/posts\/64476\/revisions"}],"wp:featuredmedia":[{"embeddable":true,"href":"https:\/\/eltrabajo.cl\/portal\/wp-json\/wp\/v2\/media\/64477"}],"wp:attachment":[{"href":"https:\/\/eltrabajo.cl\/portal\/wp-json\/wp\/v2\/media?parent=64476"}],"wp:term":[{"taxonomy":"category","embeddable":true,"href":"https:\/\/eltrabajo.cl\/portal\/wp-json\/wp\/v2\/categories?post=64476"},{"taxonomy":"post_tag","embeddable":true,"href":"https:\/\/eltrabajo.cl\/portal\/wp-json\/wp\/v2\/tags?post=64476"}],"curies":[{"name":"wp","href":"https:\/\/api.w.org\/{rel}","templated":true}]}}