{"id":64480,"date":"2015-12-03T16:29:23","date_gmt":"2015-12-03T19:29:23","guid":{"rendered":"http:\/\/www.eltrabajo.cl\/portal\/?p=64480"},"modified":"2015-12-03T16:29:23","modified_gmt":"2015-12-03T19:29:23","slug":"con-gran-dolor-aconcaguinos-despidieron-ayer-a-fernando-silva","status":"publish","type":"post","link":"https:\/\/eltrabajo.cl\/portal\/con-gran-dolor-aconcaguinos-despidieron-ayer-a-fernando-silva\/","title":{"rendered":"Con gran dolor aconcag\u00fcinos despidieron ayer a Fernando Silva"},"content":{"rendered":"<figure id=\"attachment_64481\" aria-describedby=\"caption-attachment-64481\" style=\"width: 300px\" class=\"wp-caption alignleft\"><a href=\"https:\/\/i0.wp.com\/www.eltrabajo.cl\/portal\/wp-content\/uploads\/2015\/12\/Semblanza33.jpg\"><img data-recalc-dims=\"1\" loading=\"lazy\" decoding=\"async\" class=\"wp-image-64481 size-medium\" src=\"https:\/\/i0.wp.com\/www.eltrabajo.cl\/portal\/wp-content\/uploads\/2015\/12\/Semblanza33-300x197.jpg?resize=300%2C197\" alt=\"Fernando Silva Castell\u00f3n, naci\u00f3 el 12 de septiembre de 1933, muri\u00f3 el martes 1\u00ba de diciembre de 2015.\" width=\"300\" height=\"197\" srcset=\"https:\/\/i0.wp.com\/eltrabajo.cl\/portal\/wp-content\/uploads\/2015\/12\/Semblanza33.jpg?resize=300%2C197&amp;ssl=1 300w, https:\/\/i0.wp.com\/eltrabajo.cl\/portal\/wp-content\/uploads\/2015\/12\/Semblanza33.jpg?resize=200%2C131&amp;ssl=1 200w, https:\/\/i0.wp.com\/eltrabajo.cl\/portal\/wp-content\/uploads\/2015\/12\/Semblanza33.jpg?resize=228%2C150&amp;ssl=1 228w, https:\/\/i0.wp.com\/eltrabajo.cl\/portal\/wp-content\/uploads\/2015\/12\/Semblanza33.jpg?resize=400%2C263&amp;ssl=1 400w, https:\/\/i0.wp.com\/eltrabajo.cl\/portal\/wp-content\/uploads\/2015\/12\/Semblanza33.jpg?w=530&amp;ssl=1 530w\" sizes=\"auto, (max-width: 300px) 100vw, 300px\" \/><\/a><figcaption id=\"caption-attachment-64481\" class=\"wp-caption-text\">Fernando Silva Castell\u00f3n, naci\u00f3 el 12 de septiembre de 1933, muri\u00f3 el martes 1\u00ba de diciembre de 2015.<\/figcaption><\/figure>\n<p>Ayer mi\u00e9rcoles, desde las 16:00 horas en la Iglesia Catedral, se efectuaron las obras f\u00fanebres en honor a Fernando Silva Castell\u00f3n, nacido en San Felipe el 12 de septiembre de 1933, y quien falleciera este martes a sus 82 a\u00f1os cumplidos.<br \/>\nSilva fue declarado Hijo Ilustre de San Felipe en agosto de 1999.<br \/>\nA la Misa asistieron m\u00e1s de 1.300 personas de todo el Valle de Aconcagua, estudiantes y exalumnos de la Escuela Industrial de San Felipe. Tambi\u00e9n las autoridades comunales, provinciales y regionales, expresaron su hondo pesar por la partida de este Hijo Ilustre de San Felipe, quien dedicara 61 a\u00f1os de su vida a educar a los dem\u00e1s. Al filo de las 18:00 horas finalmente su cuerpo fue sepultado en el Cementerio Municipal de San Felipe, ubicado en El Almendral.<br \/>\nDon Fernando era hijo de Teresa Castell\u00f3n de Silva y Delf\u00edn Silva Gonz\u00e1lez. Era casado con Gladys Escudero Mardones, hija de una distinguida familia de agricultores de Catemu. Sus hijos son Fernando Silva Escudero, contador auditor; Ricardo Silva Escudero, abogado que efect\u00faa un doctorado en Ciencias Pol\u00edticas y Relaciones Internacionales en la Universidad de La Sor Bonne, Par\u00eds, Francia.<br \/>\nLos hermanos de Fernando Silva son Delf\u00edn Silva Castell\u00f3n, profesor jubilado tambi\u00e9n fallecido hace algunos a\u00f1os, y Osvaldo Silva Castell\u00f3n, fallecido en Venezuela, excatedr\u00e1tico de la Universidad de Chile de Antofagasta y Universidad de Puerto Ordaz en Venezuela.<\/p>\n<p><strong>PRIMEROS PASOS<\/strong><br \/>\nLos estudios del Kindergarten don Fernando los realiz\u00f3 en el anexo del Liceo de Ni\u00f1as, Religiosas Carmelitas, Liceo de Hombres, Escuela de Artesanos y Universidad T\u00e9cnica del Estado. Los t\u00edtulos que obtuvo en vida fueron: T\u00e9cnico Mec\u00e1nico en M\u00e1quinas Herramientas y el de Profesor de Estado para la Ense\u00f1anza Industrial. Su pr\u00e1ctica profesional como T\u00e9cnico, la realiz\u00f3 en 1951 en la CIC, Santiago; posteriormente como T\u00e9cnico, en la F\u00e1brica de C\u00e1\u00f1amo de San Felipe, Duncan Fox, empresa inglesa.<\/p>\n<p><strong>EL INDUSTRIALINO<\/strong><br \/>\nEn 1954 don Fernando ingres\u00f3 a la Escuela Industrial de 2\u00aa clase, como Ayudante de Profesor, posteriormente Profesor Ayudante; Profesor con 36 horas de clases; Jefe del Taller de Ajustaje; en 1975 se le nombr\u00f3 Inspector General de la Escuela Industrial Superior, hasta el 31 de diciembre de 1980. El 1\u00ba de enero de 1981, asumi\u00f3 la Direcci\u00f3n Provincial de Educaci\u00f3n, hasta el 28 de febrero de 1990. El 1\u00ba de marzo de 1990 es nombrado Director de la Escuela Industrial Guillermo Richards Cuevas de San Felipe.<\/p>\n<p><strong>GRAN \u00c1RBITRO<\/strong><br \/>\nEn 1949, siendo alumno de la Escuela de Artesanos, ingres\u00f3 a la Asociaci\u00f3n de \u00c1rbitros de F\u00fatbol de San Felipe, donde su padre era Vicepresidente y uno de los mejores \u00e1rbitros de la zona, en esa fecha ten\u00eda 16 a\u00f1os y al a\u00f1o siguiente estaba ya arbitrando primeras divisiones de San Felipe.<br \/>\nPosteriormente y vi\u00e9ndolo arbitrar un dirigente de Santiago en una final zonal, fue invitado a participar en la Diva, una competencia de la zona central muy dura, en los a\u00f1os 1953 y 1954, que se consider\u00f3 a nivel nacional como Mejor \u00c1rbitro, lo que le vali\u00f3 recorrer gran parte e Chile, norte y sur arbitrando.<br \/>\nEn 1973, en febrero, represent\u00f3 a Chile, junto con los se\u00f1ores Claudio Vicu\u00f1a y Jaime Amar; siendo Instructor de la Fifa Adolfo Reginato, a un curso Internacional para Instructores de \u00c1rbitros Sudamericanos, en Buenos Aires, siendo presidente de Fifa, el Sr. Sanle y Rouss y profesor del curso, Ken Aston, el \u00e1rbitro del pol\u00e9mico partido entre Chile e Italia, en 1961 en el Mundial.<br \/>\nA partir de ah\u00ed, Adolfo Reginato le pidi\u00f3 que lo ayudara como Inspector de los \u00c1rbitros Profesionales, labor que realiz\u00f3 hasta el a\u00f1o 2002. En abril del a\u00f1o 1981, se le solicit\u00f3 que asumiera la Direcci\u00f3n de la Digeder en San Felipe, labor que realiz\u00f3 hasta abril del a\u00f1o 1990. Hasta hace pocos d\u00edas don Fernando se desempe\u00f1aba como director del Liceo Chagres de Catemu.<br \/>\n<strong>Roberto Gonz\u00e1lez Short<\/strong><br \/>\n<strong>rgonzalez@eltrabajo.cl<\/strong><\/p>\n<div class=\"tiled-gallery type-rectangular tiled-gallery-unresized\" data-original-width=\"640\" data-carousel-extra='null' itemscope itemtype=\"http:\/\/schema.org\/ImageGallery\" > <div class=\"gallery-row\" style=\"width: 640px; height: 283px;\" data-original-width=\"640\" data-original-height=\"283\" > <div class=\"gallery-group images-1\" style=\"width: 427px; height: 283px;\" data-original-width=\"427\" data-original-height=\"283\" > <div class=\"tiled-gallery-item tiled-gallery-item-large\" itemprop=\"associatedMedia\" itemscope itemtype=\"http:\/\/schema.org\/ImageObject\"> <a href=\"https:\/\/eltrabajo.cl\/portal\/con-gran-dolor-aconcaguinos-despidieron-ayer-a-fernando-silva\/portada1-6\/\" border=\"0\" itemprop=\"url\"> <meta itemprop=\"width\" content=\"423\"> <meta itemprop=\"height\" content=\"279\"> <img decoding=\"async\" class=\"\" data-attachment-id=\"64485\" data-orig-file=\"https:\/\/eltrabajo.cl\/portal\/wp-content\/uploads\/2015\/12\/Portada1.jpg\" data-orig-size=\"530,350\" data-comments-opened=\"1\" data-image-meta=\"{&quot;aperture&quot;:&quot;0&quot;,&quot;credit&quot;:&quot;&quot;,&quot;camera&quot;:&quot;&quot;,&quot;caption&quot;:&quot;&quot;,&quot;created_timestamp&quot;:&quot;0&quot;,&quot;copyright&quot;:&quot;&quot;,&quot;focal_length&quot;:&quot;0&quot;,&quot;iso&quot;:&quot;0&quot;,&quot;shutter_speed&quot;:&quot;0&quot;,&quot;title&quot;:&quot;&quot;,&quot;orientation&quot;:&quot;0&quot;}\" data-image-title=\"Portada1\" data-image-description=\"&lt;p&gt;Terminada la misa, los hijos de Fernando Silva cargan el f\u00e9retro que llevar\u00e1 los restos de Fernando Silva, a su \u00faltima morada.&lt;\/p&gt; \" data-medium-file=\"https:\/\/i0.wp.com\/eltrabajo.cl\/portal\/wp-content\/uploads\/2015\/12\/Portada1.jpg?fit=300%2C198&#038;ssl=1\" data-large-file=\"https:\/\/i0.wp.com\/eltrabajo.cl\/portal\/wp-content\/uploads\/2015\/12\/Portada1.jpg?fit=530%2C350&#038;ssl=1\" src=\"https:\/\/i0.wp.com\/eltrabajo.cl\/portal\/wp-content\/uploads\/2015\/12\/Portada1.jpg?w=423&#038;h=279&#038;ssl=1\" srcset=\"https:\/\/i0.wp.com\/eltrabajo.cl\/portal\/wp-content\/uploads\/2015\/12\/Portada1.jpg?w=530&amp;ssl=1 530w, https:\/\/i0.wp.com\/eltrabajo.cl\/portal\/wp-content\/uploads\/2015\/12\/Portada1.jpg?resize=200%2C132&amp;ssl=1 200w, https:\/\/i0.wp.com\/eltrabajo.cl\/portal\/wp-content\/uploads\/2015\/12\/Portada1.jpg?resize=300%2C198&amp;ssl=1 300w, https:\/\/i0.wp.com\/eltrabajo.cl\/portal\/wp-content\/uploads\/2015\/12\/Portada1.jpg?resize=227%2C150&amp;ssl=1 227w, https:\/\/i0.wp.com\/eltrabajo.cl\/portal\/wp-content\/uploads\/2015\/12\/Portada1.jpg?resize=400%2C264&amp;ssl=1 400w\" width=\"423\" height=\"279\" loading=\"lazy\" data-original-width=\"423\" data-original-height=\"279\" itemprop=\"http:\/\/schema.org\/image\" title=\"Portada1\" alt=\"Terminada la misa, los hijos de Fernando Silva cargan el f\u00e9retro que llevar\u00e1 los restos de Fernando Silva, a su \u00faltima morada.\" style=\"width: 423px; height: 279px;\" \/> <\/a> <div class=\"tiled-gallery-caption\" itemprop=\"caption description\"> Terminada la misa, los hijos de Fernando Silva cargan el f\u00e9retro que llevar\u00e1 los restos de Fernando Silva, a su \u00faltima morada. <\/div> <\/div> <\/div> <!-- close group --> <div class=\"gallery-group images-2\" style=\"width: 213px; height: 283px;\" data-original-width=\"213\" data-original-height=\"283\" > <div class=\"tiled-gallery-item tiled-gallery-item-small\" itemprop=\"associatedMedia\" itemscope itemtype=\"http:\/\/schema.org\/ImageObject\"> <a href=\"https:\/\/eltrabajo.cl\/portal\/con-gran-dolor-aconcaguinos-despidieron-ayer-a-fernando-silva\/concejo1-9\/\" border=\"0\" itemprop=\"url\"> <meta itemprop=\"width\" content=\"209\"> <meta itemprop=\"height\" content=\"138\"> <img decoding=\"async\" class=\"\" data-attachment-id=\"64482\" data-orig-file=\"https:\/\/eltrabajo.cl\/portal\/wp-content\/uploads\/2015\/12\/Concejo1.jpg\" data-orig-size=\"530,350\" data-comments-opened=\"1\" data-image-meta=\"{&quot;aperture&quot;:&quot;0&quot;,&quot;credit&quot;:&quot;&quot;,&quot;camera&quot;:&quot;&quot;,&quot;caption&quot;:&quot;&quot;,&quot;created_timestamp&quot;:&quot;0&quot;,&quot;copyright&quot;:&quot;&quot;,&quot;focal_length&quot;:&quot;0&quot;,&quot;iso&quot;:&quot;0&quot;,&quot;shutter_speed&quot;:&quot;0&quot;,&quot;title&quot;:&quot;&quot;,&quot;orientation&quot;:&quot;0&quot;}\" data-image-title=\"Concejo1\" data-image-description=\"&lt;p&gt;CONCEJO MUNICIPAL.- El Concejo Municipal en Pleno, encabezado por el alcalde Patricio Freire, estuvieron presentes para honrar a nuestro Hijo Ilustre.&lt;\/p&gt; \" data-medium-file=\"https:\/\/i0.wp.com\/eltrabajo.cl\/portal\/wp-content\/uploads\/2015\/12\/Concejo1.jpg?fit=300%2C198&#038;ssl=1\" data-large-file=\"https:\/\/i0.wp.com\/eltrabajo.cl\/portal\/wp-content\/uploads\/2015\/12\/Concejo1.jpg?fit=530%2C350&#038;ssl=1\" src=\"https:\/\/i0.wp.com\/eltrabajo.cl\/portal\/wp-content\/uploads\/2015\/12\/Concejo1.jpg?w=209&#038;h=138&#038;ssl=1\" srcset=\"https:\/\/i0.wp.com\/eltrabajo.cl\/portal\/wp-content\/uploads\/2015\/12\/Concejo1.jpg?w=530&amp;ssl=1 530w, https:\/\/i0.wp.com\/eltrabajo.cl\/portal\/wp-content\/uploads\/2015\/12\/Concejo1.jpg?resize=200%2C132&amp;ssl=1 200w, https:\/\/i0.wp.com\/eltrabajo.cl\/portal\/wp-content\/uploads\/2015\/12\/Concejo1.jpg?resize=300%2C198&amp;ssl=1 300w, https:\/\/i0.wp.com\/eltrabajo.cl\/portal\/wp-content\/uploads\/2015\/12\/Concejo1.jpg?resize=227%2C150&amp;ssl=1 227w, https:\/\/i0.wp.com\/eltrabajo.cl\/portal\/wp-content\/uploads\/2015\/12\/Concejo1.jpg?resize=400%2C264&amp;ssl=1 400w\" width=\"209\" height=\"138\" loading=\"lazy\" data-original-width=\"209\" data-original-height=\"138\" itemprop=\"http:\/\/schema.org\/image\" title=\"Concejo1\" alt=\"CONCEJO MUNICIPAL.- El Concejo Municipal en Pleno, encabezado por el alcalde Patricio Freire, estuvieron presentes para honrar a nuestro Hijo Ilustre.\" style=\"width: 209px; height: 138px;\" \/> <\/a> <div class=\"tiled-gallery-caption\" itemprop=\"caption description\"> CONCEJO MUNICIPAL.- El Concejo Municipal en Pleno, encabezado por el alcalde Patricio Freire, estuvieron presentes para honrar a nuestro Hijo Ilustre. <\/div> <\/div> <div class=\"tiled-gallery-item tiled-gallery-item-small\" itemprop=\"associatedMedia\" itemscope itemtype=\"http:\/\/schema.org\/ImageObject\"> <a href=\"https:\/\/eltrabajo.cl\/portal\/con-gran-dolor-aconcaguinos-despidieron-ayer-a-fernando-silva\/ofrendas2\/\" border=\"0\" itemprop=\"url\"> <meta itemprop=\"width\" content=\"209\"> <meta itemprop=\"height\" content=\"137\"> <img decoding=\"async\" class=\"\" data-attachment-id=\"64484\" data-orig-file=\"https:\/\/eltrabajo.cl\/portal\/wp-content\/uploads\/2015\/12\/Ofrendas2.jpg\" data-orig-size=\"530,348\" data-comments-opened=\"1\" data-image-meta=\"{&quot;aperture&quot;:&quot;0&quot;,&quot;credit&quot;:&quot;&quot;,&quot;camera&quot;:&quot;&quot;,&quot;caption&quot;:&quot;&quot;,&quot;created_timestamp&quot;:&quot;0&quot;,&quot;copyright&quot;:&quot;&quot;,&quot;focal_length&quot;:&quot;0&quot;,&quot;iso&quot;:&quot;0&quot;,&quot;shutter_speed&quot;:&quot;0&quot;,&quot;title&quot;:&quot;&quot;,&quot;orientation&quot;:&quot;0&quot;}\" data-image-title=\"Ofrendas2\" data-image-description=\"&lt;p&gt;SIEMPRE LA INDUSTRIAL.- Estudiantes industrialinos tambi\u00e9n se hicieron presentes para honrar a uno de sus caudillos institucionales.&lt;\/p&gt; \" data-medium-file=\"https:\/\/i0.wp.com\/eltrabajo.cl\/portal\/wp-content\/uploads\/2015\/12\/Ofrendas2.jpg?fit=300%2C197&#038;ssl=1\" data-large-file=\"https:\/\/i0.wp.com\/eltrabajo.cl\/portal\/wp-content\/uploads\/2015\/12\/Ofrendas2.jpg?fit=530%2C348&#038;ssl=1\" src=\"https:\/\/i0.wp.com\/eltrabajo.cl\/portal\/wp-content\/uploads\/2015\/12\/Ofrendas2.jpg?w=209&#038;h=137&#038;ssl=1\" srcset=\"https:\/\/i0.wp.com\/eltrabajo.cl\/portal\/wp-content\/uploads\/2015\/12\/Ofrendas2.jpg?w=530&amp;ssl=1 530w, https:\/\/i0.wp.com\/eltrabajo.cl\/portal\/wp-content\/uploads\/2015\/12\/Ofrendas2.jpg?resize=200%2C131&amp;ssl=1 200w, https:\/\/i0.wp.com\/eltrabajo.cl\/portal\/wp-content\/uploads\/2015\/12\/Ofrendas2.jpg?resize=300%2C197&amp;ssl=1 300w, https:\/\/i0.wp.com\/eltrabajo.cl\/portal\/wp-content\/uploads\/2015\/12\/Ofrendas2.jpg?resize=228%2C150&amp;ssl=1 228w, https:\/\/i0.wp.com\/eltrabajo.cl\/portal\/wp-content\/uploads\/2015\/12\/Ofrendas2.jpg?resize=400%2C263&amp;ssl=1 400w\" width=\"209\" height=\"137\" loading=\"lazy\" data-original-width=\"209\" data-original-height=\"137\" itemprop=\"http:\/\/schema.org\/image\" title=\"Ofrendas2\" alt=\"SIEMPRE LA INDUSTRIAL.- Estudiantes industrialinos tambi\u00e9n se hicieron presentes para honrar a uno de sus caudillos institucionales.\" style=\"width: 209px; height: 137px;\" \/> <\/a> <div class=\"tiled-gallery-caption\" itemprop=\"caption description\"> SIEMPRE LA INDUSTRIAL.- Estudiantes industrialinos tambi\u00e9n se hicieron presentes para honrar a uno de sus caudillos institucionales. <\/div> <\/div> <\/div> <!-- close group --> <\/div> <!-- close row --> <div class=\"gallery-row\" style=\"width: 640px; height: 422px;\" data-original-width=\"640\" data-original-height=\"422\" > <div class=\"gallery-group images-1\" style=\"width: 640px; height: 422px;\" data-original-width=\"640\" data-original-height=\"422\" > <div class=\"tiled-gallery-item tiled-gallery-item-large\" itemprop=\"associatedMedia\" itemscope itemtype=\"http:\/\/schema.org\/ImageObject\"> <a href=\"https:\/\/eltrabajo.cl\/portal\/con-gran-dolor-aconcaguinos-despidieron-ayer-a-fernando-silva\/ofrendas1\/\" border=\"0\" itemprop=\"url\"> <meta itemprop=\"width\" content=\"636\"> <meta itemprop=\"height\" content=\"418\"> <img decoding=\"async\" class=\"\" data-attachment-id=\"64483\" data-orig-file=\"https:\/\/eltrabajo.cl\/portal\/wp-content\/uploads\/2015\/12\/Ofrendas1.jpg\" data-orig-size=\"530,348\" data-comments-opened=\"1\" data-image-meta=\"{&quot;aperture&quot;:&quot;0&quot;,&quot;credit&quot;:&quot;&quot;,&quot;camera&quot;:&quot;&quot;,&quot;caption&quot;:&quot;&quot;,&quot;created_timestamp&quot;:&quot;0&quot;,&quot;copyright&quot;:&quot;&quot;,&quot;focal_length&quot;:&quot;0&quot;,&quot;iso&quot;:&quot;0&quot;,&quot;shutter_speed&quot;:&quot;0&quot;,&quot;title&quot;:&quot;&quot;,&quot;orientation&quot;:&quot;0&quot;}\" data-image-title=\"Ofrendas1\" data-image-description=\"&lt;p&gt;OFRENDA DE AMOR.- Estudiantes del Liceo Polivalente Chagres de Catemu, ofrecieron varias ofrendas florales en honor a su director.&lt;\/p&gt; \" data-medium-file=\"https:\/\/i0.wp.com\/eltrabajo.cl\/portal\/wp-content\/uploads\/2015\/12\/Ofrendas1.jpg?fit=300%2C197&#038;ssl=1\" data-large-file=\"https:\/\/i0.wp.com\/eltrabajo.cl\/portal\/wp-content\/uploads\/2015\/12\/Ofrendas1.jpg?fit=530%2C348&#038;ssl=1\" src=\"https:\/\/i0.wp.com\/eltrabajo.cl\/portal\/wp-content\/uploads\/2015\/12\/Ofrendas1.jpg?w=636&#038;h=418&#038;ssl=1\" srcset=\"https:\/\/i0.wp.com\/eltrabajo.cl\/portal\/wp-content\/uploads\/2015\/12\/Ofrendas1.jpg?w=530&amp;ssl=1 530w, https:\/\/i0.wp.com\/eltrabajo.cl\/portal\/wp-content\/uploads\/2015\/12\/Ofrendas1.jpg?resize=200%2C131&amp;ssl=1 200w, https:\/\/i0.wp.com\/eltrabajo.cl\/portal\/wp-content\/uploads\/2015\/12\/Ofrendas1.jpg?resize=300%2C197&amp;ssl=1 300w, https:\/\/i0.wp.com\/eltrabajo.cl\/portal\/wp-content\/uploads\/2015\/12\/Ofrendas1.jpg?resize=228%2C150&amp;ssl=1 228w, https:\/\/i0.wp.com\/eltrabajo.cl\/portal\/wp-content\/uploads\/2015\/12\/Ofrendas1.jpg?resize=400%2C263&amp;ssl=1 400w\" width=\"636\" height=\"418\" loading=\"lazy\" data-original-width=\"636\" data-original-height=\"418\" itemprop=\"http:\/\/schema.org\/image\" title=\"Ofrendas1\" alt=\"OFRENDA DE AMOR.- Estudiantes del Liceo Polivalente Chagres de Catemu, ofrecieron varias ofrendas florales en honor a su director.\" style=\"width: 636px; height: 418px;\" \/> <\/a> <div class=\"tiled-gallery-caption\" itemprop=\"caption description\"> OFRENDA DE AMOR.- Estudiantes del Liceo Polivalente Chagres de Catemu, ofrecieron varias ofrendas florales en honor a su director. <\/div> <\/div> <\/div> <!-- close group --> <\/div> <!-- close row --> <\/div>\n","protected":false},"excerpt":{"rendered":"<p>Ayer mi\u00e9rcoles, desde las 16:00 horas en la Iglesia Catedral, se efectuaron las obras f\u00fanebres en honor a Fernando Silva Castell\u00f3n, nacido en San Felipe el 12 de septiembre de 1933, y&#8230;<\/p>\n","protected":false},"author":482,"featured_media":64481,"comment_status":"open","ping_status":"open","sticky":false,"template":"","format":"standard","meta":{"advanced_seo_description":"","jetpack_seo_html_title":"","jetpack_seo_noindex":false,"_jetpack_memberships_contains_paid_content":false,"footnotes":""},"categories":[15],"tags":[],"class_list":["post-64480","post","type-post","status-publish","format-standard","has-post-thumbnail","hentry","category-comunidad"],"jetpack_featured_media_url":"https:\/\/i0.wp.com\/eltrabajo.cl\/portal\/wp-content\/uploads\/2015\/12\/Semblanza33.jpg?fit=530%2C348&ssl=1","jetpack_sharing_enabled":true,"jetpack_likes_enabled":true,"jetpack-related-posts":[],"_links":{"self":[{"href":"https:\/\/eltrabajo.cl\/portal\/wp-json\/wp\/v2\/posts\/64480","targetHints":{"allow":["GET"]}}],"collection":[{"href":"https:\/\/eltrabajo.cl\/portal\/wp-json\/wp\/v2\/posts"}],"about":[{"href":"https:\/\/eltrabajo.cl\/portal\/wp-json\/wp\/v2\/types\/post"}],"author":[{"embeddable":true,"href":"https:\/\/eltrabajo.cl\/portal\/wp-json\/wp\/v2\/users\/482"}],"replies":[{"embeddable":true,"href":"https:\/\/eltrabajo.cl\/portal\/wp-json\/wp\/v2\/comments?post=64480"}],"version-history":[{"count":0,"href":"https:\/\/eltrabajo.cl\/portal\/wp-json\/wp\/v2\/posts\/64480\/revisions"}],"wp:featuredmedia":[{"embeddable":true,"href":"https:\/\/eltrabajo.cl\/portal\/wp-json\/wp\/v2\/media\/64481"}],"wp:attachment":[{"href":"https:\/\/eltrabajo.cl\/portal\/wp-json\/wp\/v2\/media?parent=64480"}],"wp:term":[{"taxonomy":"category","embeddable":true,"href":"https:\/\/eltrabajo.cl\/portal\/wp-json\/wp\/v2\/categories?post=64480"},{"taxonomy":"post_tag","embeddable":true,"href":"https:\/\/eltrabajo.cl\/portal\/wp-json\/wp\/v2\/tags?post=64480"}],"curies":[{"name":"wp","href":"https:\/\/api.w.org\/{rel}","templated":true}]}}