{"id":64514,"date":"2015-12-04T14:23:09","date_gmt":"2015-12-04T17:23:09","guid":{"rendered":"http:\/\/www.eltrabajo.cl\/portal\/?p=64514"},"modified":"2015-12-04T14:23:09","modified_gmt":"2015-12-04T17:23:09","slug":"salud-y-delincuencia-son-las-principales-preocupaciones-de-los-aconcaguinos","status":"publish","type":"post","link":"https:\/\/eltrabajo.cl\/portal\/salud-y-delincuencia-son-las-principales-preocupaciones-de-los-aconcaguinos\/","title":{"rendered":"Salud y delincuencia son las principales preocupaciones de los Aconcag\u00fcinos"},"content":{"rendered":"<figure id=\"attachment_64515\" aria-describedby=\"caption-attachment-64515\" style=\"width: 300px\" class=\"wp-caption alignleft\"><a href=\"https:\/\/i0.wp.com\/www.eltrabajo.cl\/portal\/wp-content\/uploads\/2015\/12\/encuesta-ong-influyamos.jpg\"><img data-recalc-dims=\"1\" loading=\"lazy\" decoding=\"async\" class=\"wp-image-64515 size-medium\" src=\"https:\/\/i0.wp.com\/www.eltrabajo.cl\/portal\/wp-content\/uploads\/2015\/12\/encuesta-ong-influyamos-300x198.jpg?resize=300%2C198\" alt=\"Antonio Barchiesi y Manuel Mart\u00ednez Mora, coordinadores de la ONG Influyamos.\" width=\"300\" height=\"198\" srcset=\"https:\/\/i0.wp.com\/eltrabajo.cl\/portal\/wp-content\/uploads\/2015\/12\/encuesta-ong-influyamos.jpg?resize=300%2C198&amp;ssl=1 300w, https:\/\/i0.wp.com\/eltrabajo.cl\/portal\/wp-content\/uploads\/2015\/12\/encuesta-ong-influyamos.jpg?resize=200%2C132&amp;ssl=1 200w, https:\/\/i0.wp.com\/eltrabajo.cl\/portal\/wp-content\/uploads\/2015\/12\/encuesta-ong-influyamos.jpg?resize=228%2C150&amp;ssl=1 228w, https:\/\/i0.wp.com\/eltrabajo.cl\/portal\/wp-content\/uploads\/2015\/12\/encuesta-ong-influyamos.jpg?resize=400%2C263&amp;ssl=1 400w, https:\/\/i0.wp.com\/eltrabajo.cl\/portal\/wp-content\/uploads\/2015\/12\/encuesta-ong-influyamos.jpg?w=530&amp;ssl=1 530w\" sizes=\"auto, (max-width: 300px) 100vw, 300px\" \/><\/a><figcaption id=\"caption-attachment-64515\" class=\"wp-caption-text\">Antonio Barchiesi y Manuel Mart\u00ednez Mora, coordinadores de la ONG Influyamos.<\/figcaption><\/figure>\n<ul>\n<li><strong>De acuerdo a la consulta nacional realizada por la ONG Influyamos, el tema de la seguridad es prioritario.<\/strong><\/li>\n<\/ul>\n<p><strong>LOS ANDES.<\/strong>&#8211; La delincuencia seguida de la salud y en tercer lugar la educaci\u00f3n, son los tres principales temas de preocupaci\u00f3n de la ciudadan\u00eda en el Valle de Aconcagua de acuerdo a la consulta nacional \u201cHabla Chile\u201d realizada por la ONG Influyamos.<br \/>\nEl coordinador provincial de esta consulta, Manuel Mart\u00ednez Mora, indic\u00f3 que los resultados obtenidos en Aconcagua respecto a las principales preocupaciones que tiene hoy la gente son b\u00e1sicamente muy similares en cuanto a la opini\u00f3n nacional que ubica en primer lugar a la salud, luego la delincuencia, educaci\u00f3n, sueldos y en quinto lugar la corrupci\u00f3n.<br \/>\nEn ese sentido afirm\u00f3 que lo expresado por los ciudadanos de Aconcagua va en la l\u00ednea de lo que el pa\u00eds quiere que sus autoridades atiendan como prioridades, por sobre otras que impulsa la clase pol\u00edtica.<br \/>\n\u201cEstos resultados est\u00e1n desde ya disponibles en la p\u00e1gina de la ONG Influyamos ( www.influyamos.cl) y la meta que tiene esta consulta es precisamente acercar la opini\u00f3n y la discusi\u00f3n que tiene el ciudadano com\u00fan con todas aquellas personas que ocupan puestos de liderazgos, ya sea pol\u00edtico, sindical o empresarial para que ellos sepan cu\u00e1l es la prioridad que tiene la gente para marcar su agenta del d\u00eda a d\u00eda\u201d, fundament\u00f3.<br \/>\nMart\u00ednez afirm\u00f3 que esto marca una distancia de algunos temas que hoy est\u00e1n discutiendo como la Asamblea Constituyente, que si bien tienen importancia, no lo son tanto para los ciudadanos que tienen otras necesidades.<br \/>\nPor ello dijo que estos temas deben ser considerados por los futuros postulantes a las elecciones municipales, parlamentarias y de intendentes que se avecinan, \u201cpara que de alguna forma les puedan dar alg\u00fan tipo de soluci\u00f3n\u201d.<br \/>\nEl coordinador afirm\u00f3 que otra de las percepciones que tiene la gente sobre los l\u00edderes del pa\u00eds es que solo se preocupan de ellos en per\u00edodo de elecciones, \u201cpero cuando son electos y comienzan a trabajar propiamente tal, ah\u00ed hay una distancia tan grande con lo que est\u00e1 ocurriendo en el d\u00eda a d\u00eda\u201d.<br \/>\nPor su parte, Antonio Barchiesi coordinador en la provincia de San Felipe, asegur\u00f3 que los resultados demuestran que en Chile no existe una divisi\u00f3n entre izquierda y derecha, \u201csino que entre pol\u00edticos y personas normales como todos nosotros. Los chilenos est\u00e1n preocupados de temas muy puntuales, donde queda demostrado en la encuesta que m\u00e1s de un 60% indic\u00f3 entre sus tres preferencias la salud p\u00fablica y la delincuencia, en cambio solo un 10% dijo que es una prioridad el cambio de la constituci\u00f3n\u201d.<br \/>\nBarchiesi asegur\u00f3 que frente a estos temas hay una clase pol\u00edtica que est\u00e1 preocupada de otras cosas de tipo ideol\u00f3gicas que no atienden las necesidades de las personas, \u201cporque mientras una parte importante de la clase pol\u00edtica est\u00e1 pendiente de aumentar los asientos en el congreso con m\u00e1s diputados y senadores, la gente est\u00e1 pendiente de que en poblaciones de Aconcagua las personas no pueden caminar tranquilas por la noche\u201d.<br \/>\nEl coordinador dijo que en salud p\u00fablica el gran problema para Aconcagua es la cobertura y la falta de especialistas m\u00e9dicos.<br \/>\nAsimismo, plante\u00f3 que la reforma procesal penal garantiza m\u00e1s derechos a los delincuentes y van en contra de lo que la ciudadan\u00eda quiere, por lo que se requieren cambios urgentes en la normativa legal, \u201cporque hoy d\u00eda los delincuentes viven en nuestras calles, en nuestras plazas y barrios y no en la c\u00e1rcel que es donde deben estar\u201d.<\/p>\n","protected":false},"excerpt":{"rendered":"<p>De acuerdo a la consulta nacional realizada por la ONG Influyamos, el tema de la seguridad es prioritario. LOS ANDES.&#8211; La delincuencia seguida de la salud y en tercer lugar la educaci\u00f3n,&#8230;<\/p>\n","protected":false},"author":482,"featured_media":64515,"comment_status":"open","ping_status":"open","sticky":false,"template":"","format":"standard","meta":{"advanced_seo_description":"","jetpack_seo_html_title":"","jetpack_seo_noindex":false,"_jetpack_memberships_contains_paid_content":false,"footnotes":""},"categories":[1],"tags":[],"class_list":["post-64514","post","type-post","status-publish","format-standard","has-post-thumbnail","hentry","category-cronica"],"jetpack_featured_media_url":"https:\/\/i0.wp.com\/eltrabajo.cl\/portal\/wp-content\/uploads\/2015\/12\/encuesta-ong-influyamos.jpg?fit=530%2C349&ssl=1","jetpack_sharing_enabled":true,"jetpack_likes_enabled":true,"jetpack-related-posts":[],"_links":{"self":[{"href":"https:\/\/eltrabajo.cl\/portal\/wp-json\/wp\/v2\/posts\/64514","targetHints":{"allow":["GET"]}}],"collection":[{"href":"https:\/\/eltrabajo.cl\/portal\/wp-json\/wp\/v2\/posts"}],"about":[{"href":"https:\/\/eltrabajo.cl\/portal\/wp-json\/wp\/v2\/types\/post"}],"author":[{"embeddable":true,"href":"https:\/\/eltrabajo.cl\/portal\/wp-json\/wp\/v2\/users\/482"}],"replies":[{"embeddable":true,"href":"https:\/\/eltrabajo.cl\/portal\/wp-json\/wp\/v2\/comments?post=64514"}],"version-history":[{"count":0,"href":"https:\/\/eltrabajo.cl\/portal\/wp-json\/wp\/v2\/posts\/64514\/revisions"}],"wp:featuredmedia":[{"embeddable":true,"href":"https:\/\/eltrabajo.cl\/portal\/wp-json\/wp\/v2\/media\/64515"}],"wp:attachment":[{"href":"https:\/\/eltrabajo.cl\/portal\/wp-json\/wp\/v2\/media?parent=64514"}],"wp:term":[{"taxonomy":"category","embeddable":true,"href":"https:\/\/eltrabajo.cl\/portal\/wp-json\/wp\/v2\/categories?post=64514"},{"taxonomy":"post_tag","embeddable":true,"href":"https:\/\/eltrabajo.cl\/portal\/wp-json\/wp\/v2\/tags?post=64514"}],"curies":[{"name":"wp","href":"https:\/\/api.w.org\/{rel}","templated":true}]}}