{"id":64517,"date":"2015-12-04T14:25:16","date_gmt":"2015-12-04T17:25:16","guid":{"rendered":"http:\/\/www.eltrabajo.cl\/portal\/?p=64517"},"modified":"2015-12-04T14:25:16","modified_gmt":"2015-12-04T17:25:16","slug":"autoridades-foraneas-ordenan-quitar-pantalla-gigante-del-centro","status":"publish","type":"post","link":"https:\/\/eltrabajo.cl\/portal\/autoridades-foraneas-ordenan-quitar-pantalla-gigante-del-centro\/","title":{"rendered":"Autoridades for\u00e1neas ordenan quitar pantalla gigante del centro"},"content":{"rendered":"<figure id=\"attachment_64518\" aria-describedby=\"caption-attachment-64518\" style=\"width: 300px\" class=\"wp-caption alignleft\"><a href=\"https:\/\/i0.wp.com\/www.eltrabajo.cl\/portal\/wp-content\/uploads\/2015\/12\/PANTALLA-GIGANTE-2.jpg\"><img data-recalc-dims=\"1\" loading=\"lazy\" decoding=\"async\" class=\"wp-image-64518 size-medium\" src=\"https:\/\/i0.wp.com\/www.eltrabajo.cl\/portal\/wp-content\/uploads\/2015\/12\/PANTALLA-GIGANTE-2-300x198.jpg?resize=300%2C198\" alt=\"El CMN orden\u00f3 remover la pantalla LED que se encuentra frente al municipio, en plena zona t\u00edpica de Putaendo, por considerarlo una 'construcci\u00f3n'.\" width=\"300\" height=\"198\" srcset=\"https:\/\/i0.wp.com\/eltrabajo.cl\/portal\/wp-content\/uploads\/2015\/12\/PANTALLA-GIGANTE-2.jpg?resize=300%2C198&amp;ssl=1 300w, https:\/\/i0.wp.com\/eltrabajo.cl\/portal\/wp-content\/uploads\/2015\/12\/PANTALLA-GIGANTE-2.jpg?resize=200%2C132&amp;ssl=1 200w, https:\/\/i0.wp.com\/eltrabajo.cl\/portal\/wp-content\/uploads\/2015\/12\/PANTALLA-GIGANTE-2.jpg?resize=227%2C150&amp;ssl=1 227w, https:\/\/i0.wp.com\/eltrabajo.cl\/portal\/wp-content\/uploads\/2015\/12\/PANTALLA-GIGANTE-2.jpg?resize=400%2C264&amp;ssl=1 400w, https:\/\/i0.wp.com\/eltrabajo.cl\/portal\/wp-content\/uploads\/2015\/12\/PANTALLA-GIGANTE-2.jpg?w=530&amp;ssl=1 530w\" sizes=\"auto, (max-width: 300px) 100vw, 300px\" \/><\/a><figcaption id=\"caption-attachment-64518\" class=\"wp-caption-text\">El CMN orden\u00f3 remover la pantalla LED que se encuentra frente al municipio, en plena zona t\u00edpica de Putaendo, por considerarlo una &#8216;construcci\u00f3n&#8217;.<\/figcaption><\/figure>\n<p><strong>PUTAENDO.<\/strong>&#8211; El Consejo de Monumentos Nacionales mediante la correspondiente resoluci\u00f3n, determin\u00f3 ordenar a la Municipalidad de Putaendo el retiro de la pantalla gigante ubicada en el frontis del municipio y a un costado del templo de la Parroquia San Antonio de Padua, en plena zona t\u00edpica.<br \/>\nLa informaci\u00f3n fue entregada por el alcalde Guillermo Reyes, quien cuestion\u00f3 la medida, asegurando que el Consejo de Monumentos Nacionales tom\u00f3 esta determinaci\u00f3n tras la denuncia de un vecino de Putaendo, al cual no identific\u00f3, a la Coordinaci\u00f3n Regional del CMN, agregando que considera esta resoluci\u00f3n como arbitraria e indic\u00f3 que no fueron notificados sino hasta el 26 de noviembre pasado.<br \/>\nGuillermo Reyes defendi\u00f3 la colocaci\u00f3n de la cuestionada pantalla gigante en el centro de Putaendo, asegurando que sirve para la difusi\u00f3n de diversas campa\u00f1as orientadas a la comunidad y para difusi\u00f3n del patrimonio y el turismo de Putaendo, agregando adem\u00e1s que durante esta semana funcionarios municipales han hecho obras para reducir el impacto visual del aparato.<br \/>\nReyes sostuvo que la conclusi\u00f3n del organismo que vela por la protecci\u00f3n de los monumentos nacionales de Chile establece un plazo de 10 d\u00edas para que el Municipio de Putaendo retire la pantalla gigante desde su actual ubicaci\u00f3n.<br \/>\n\u201cTengo mis dudas sobre el criterio que ocup\u00f3 el Consejo de Monumentos Nacionales para adoptar esta medida, porque en la ley se establece que esto s\u00f3lo se aplica a construcciones en la zona t\u00edpica y no creo que un tubo que sostiene una pantalla sea considerado una construcci\u00f3n\u201d, apunt\u00f3 el edil, quien adem\u00e1s precis\u00f3 que a mediados de diciembre ser\u00e1n recibidos en la Direcci\u00f3n Nacional del Consejo de Monumentos Nacionales para presentar una apelaci\u00f3n \u201cy en caso que el resultado no nos favorezca, colocaremos solamente la pantalla en alguna otra dependencia\u201d, declar\u00f3 Reyes.<br \/>\nEl alcalde de Putaendo fustig\u00f3 que desde la Coordinaci\u00f3n Regional del Consejo de Monumentos Nacionales no se le haya hecho una sugerencia ni se le haya informado de la denuncia y la posterior resoluci\u00f3n, la que seg\u00fan sus palabras, lleg\u00f3 a fines de noviembre desde la Direcci\u00f3n Nacional del organismo, a pesar que la pantalla LED fue inaugurada el 16 de septiembre.<br \/>\nAl concluir sus declaraciones, Guillermo Reyes plante\u00f3 que muchos vecinos han manifestado sus reparos hacia la zona t\u00edpica, que de acuerdo a sus palabras, no habr\u00eda pasado por un plebiscito.<\/p>\n","protected":false},"excerpt":{"rendered":"<p>PUTAENDO.&#8211; El Consejo de Monumentos Nacionales mediante la correspondiente resoluci\u00f3n, determin\u00f3 ordenar a la Municipalidad de Putaendo el retiro de la pantalla gigante ubicada en el frontis del municipio y a un&#8230;<\/p>\n","protected":false},"author":482,"featured_media":64518,"comment_status":"open","ping_status":"open","sticky":false,"template":"","format":"standard","meta":{"advanced_seo_description":"","jetpack_seo_html_title":"","jetpack_seo_noindex":false,"_jetpack_memberships_contains_paid_content":false,"footnotes":""},"categories":[1],"tags":[],"class_list":["post-64517","post","type-post","status-publish","format-standard","has-post-thumbnail","hentry","category-cronica"],"jetpack_featured_media_url":"https:\/\/i0.wp.com\/eltrabajo.cl\/portal\/wp-content\/uploads\/2015\/12\/PANTALLA-GIGANTE-2.jpg?fit=530%2C350&ssl=1","jetpack_sharing_enabled":true,"jetpack_likes_enabled":true,"jetpack-related-posts":[],"_links":{"self":[{"href":"https:\/\/eltrabajo.cl\/portal\/wp-json\/wp\/v2\/posts\/64517","targetHints":{"allow":["GET"]}}],"collection":[{"href":"https:\/\/eltrabajo.cl\/portal\/wp-json\/wp\/v2\/posts"}],"about":[{"href":"https:\/\/eltrabajo.cl\/portal\/wp-json\/wp\/v2\/types\/post"}],"author":[{"embeddable":true,"href":"https:\/\/eltrabajo.cl\/portal\/wp-json\/wp\/v2\/users\/482"}],"replies":[{"embeddable":true,"href":"https:\/\/eltrabajo.cl\/portal\/wp-json\/wp\/v2\/comments?post=64517"}],"version-history":[{"count":0,"href":"https:\/\/eltrabajo.cl\/portal\/wp-json\/wp\/v2\/posts\/64517\/revisions"}],"wp:featuredmedia":[{"embeddable":true,"href":"https:\/\/eltrabajo.cl\/portal\/wp-json\/wp\/v2\/media\/64518"}],"wp:attachment":[{"href":"https:\/\/eltrabajo.cl\/portal\/wp-json\/wp\/v2\/media?parent=64517"}],"wp:term":[{"taxonomy":"category","embeddable":true,"href":"https:\/\/eltrabajo.cl\/portal\/wp-json\/wp\/v2\/categories?post=64517"},{"taxonomy":"post_tag","embeddable":true,"href":"https:\/\/eltrabajo.cl\/portal\/wp-json\/wp\/v2\/tags?post=64517"}],"curies":[{"name":"wp","href":"https:\/\/api.w.org\/{rel}","templated":true}]}}