{"id":64520,"date":"2015-12-04T14:29:47","date_gmt":"2015-12-04T17:29:47","guid":{"rendered":"http:\/\/www.eltrabajo.cl\/portal\/?p=64520"},"modified":"2015-12-04T14:29:47","modified_gmt":"2015-12-04T17:29:47","slug":"con-magistrales-murales-religiosas-celebran-160-anos-del-buen-pastor","status":"publish","type":"post","link":"https:\/\/eltrabajo.cl\/portal\/con-magistrales-murales-religiosas-celebran-160-anos-del-buen-pastor\/","title":{"rendered":"Con magistrales murales religiosas celebran 160 a\u00f1os del Buen Pastor"},"content":{"rendered":"<figure id=\"attachment_64521\" aria-describedby=\"caption-attachment-64521\" style=\"width: 300px\" class=\"wp-caption alignleft\"><a href=\"https:\/\/i0.wp.com\/www.eltrabajo.cl\/portal\/wp-content\/uploads\/2015\/12\/Murales1.jpg\"><img data-recalc-dims=\"1\" loading=\"lazy\" decoding=\"async\" class=\"wp-image-64521 size-medium\" src=\"https:\/\/i0.wp.com\/www.eltrabajo.cl\/portal\/wp-content\/uploads\/2015\/12\/Murales1-300x197.jpg?resize=300%2C197\" alt=\"OLEADO Y SACRAMENTADO.- El Cura Ricardo Cortez fue el encargado de  bendecir los murales, le acompa\u00f1a el alcalde Patricio Freire.\" width=\"300\" height=\"197\" srcset=\"https:\/\/i0.wp.com\/eltrabajo.cl\/portal\/wp-content\/uploads\/2015\/12\/Murales1.jpg?resize=300%2C197&amp;ssl=1 300w, https:\/\/i0.wp.com\/eltrabajo.cl\/portal\/wp-content\/uploads\/2015\/12\/Murales1.jpg?resize=200%2C131&amp;ssl=1 200w, https:\/\/i0.wp.com\/eltrabajo.cl\/portal\/wp-content\/uploads\/2015\/12\/Murales1.jpg?resize=228%2C150&amp;ssl=1 228w, https:\/\/i0.wp.com\/eltrabajo.cl\/portal\/wp-content\/uploads\/2015\/12\/Murales1.jpg?resize=400%2C263&amp;ssl=1 400w, https:\/\/i0.wp.com\/eltrabajo.cl\/portal\/wp-content\/uploads\/2015\/12\/Murales1.jpg?w=530&amp;ssl=1 530w\" sizes=\"auto, (max-width: 300px) 100vw, 300px\" \/><\/a><figcaption id=\"caption-attachment-64521\" class=\"wp-caption-text\">OLEADO Y SACRAMENTADO.- El Cura Ricardo Cortez fue el encargado de bendecir los murales, le acompa\u00f1a el alcalde Patricio Freire.<\/figcaption><\/figure>\n<p>El viernes 25 de mayo de 1855 llegaron a San Felipe siete religiosas de la Congregaci\u00f3n Nuestra Se\u00f1ora de la Caridad del Buen Pastor, elegidas personalmente en Angers, Francia, por la fundadora M. Eufrasia Pelletier.<br \/>\nFue mucho el revuelo que en el pueblo se gener\u00f3, las campanas repicaban anunciando la llegada de las religiosas, que durmieron esa noche en Curim\u00f3n, pues hab\u00edan viajado de Francia a Valpara\u00edso, luego a Santiago y finalmente a nuestra comuna.<br \/>\nEste 2015 se cumplieron 160 a\u00f1os desde la fundaci\u00f3n del Buen Pastor en San Felipe, y para celebrarlo con categor\u00eda y elegancia, la ma\u00f1ana de este mi\u00e9rcoles se inauguraron dos espl\u00e9ndidos murales gigantes, creados por la prestigiosa artista aconcag\u00fcina M\u00f3nica Cort\u00e9s Piffaut.<br \/>\n\u00abFueron cuatro meses los que dediqu\u00e9 a este trabajo, mismo que me encarg\u00f3 la directora del Centro de Espiritualidad Buen Pastor, este trabajo fue creado con la t\u00e9cnica de esmaltado y engobado\u00bb, dijo a nuestro medio la artista M\u00f3nica Cort\u00e9s.<\/p>\n<p><strong>LOS MURALES<\/strong><br \/>\nA la inauguraci\u00f3n y bendici\u00f3n de los murales asisti\u00f3 el sacerdote Ricardo Cortez, quien tambi\u00e9n tuvo palabras de elogio para las cuatro hermanas que actualmente viven en este lugar. Este centro de oraci\u00f3n tambi\u00e9n funciona como centro de actividades religiosas de alto nivel, ya que en sus aposentos regularmente se realizan talleres, retiros y encuentros religiosos nacionales e internacionales.<br \/>\n\u00abPara el dise\u00f1o del mural se llam\u00f3 a concurso de dibujo a ni\u00f1os de los colegios Buen Pastor de Ovalle, Santiago y de Concepci\u00f3n, desde primero b\u00e1sico hasta cuartos medio, los temas de este mural son: Las par\u00e1bolas de la Misericordia (El Hijo Pr\u00f3digo; la mujer ad\u00faltera y El buen samaritano) entre otros\u00bb, coment\u00f3 la Hermana Ang\u00e9lica Guzm\u00e1n.<br \/>\n\u00abPara m\u00ed en calidad de alcalde de esta hermosa ciudad, es un honor el haber participado en este acto (\u2026) es gracias a ustedes que muchas de nuestras vecinas, hoy como ayer, no s\u00f3lo han destacado en el desarrollo y engrandecimiento de nuestra comuna, sino que tambi\u00e9n han roto el c\u00edrculo de la pobreza\u00bb, coment\u00f3 el alcalde Patricio Freire en su discurso.<br \/>\nVarios concejales tambi\u00e9n asistieron a esta actividad, en donde las hermanas religiosas alegraron el lugar con su voz y sus guitarras.<br \/>\nEste centro religioso opera de manera coordinada con otro similar en Bolivia. En nuestra comuna, este santuario viviente est\u00e1 ubicado en Calle Santa Mar\u00eda Eufrasia 1350.<br \/>\n<strong>Roberto Gonz\u00e1lez Short<\/strong><br \/>\n<strong>rgonzalez@eltrabajo.cl<\/strong><\/p>\n<div class=\"tiled-gallery type-rectangular tiled-gallery-unresized\" data-original-width=\"640\" data-carousel-extra='null' itemscope itemtype=\"http:\/\/schema.org\/ImageGallery\" > <div class=\"gallery-row\" style=\"width: 640px; height: 283px;\" data-original-width=\"640\" data-original-height=\"283\" > <div class=\"gallery-group images-1\" style=\"width: 427px; height: 283px;\" data-original-width=\"427\" data-original-height=\"283\" > <div class=\"tiled-gallery-item tiled-gallery-item-large\" itemprop=\"associatedMedia\" itemscope itemtype=\"http:\/\/schema.org\/ImageObject\"> <a href=\"https:\/\/eltrabajo.cl\/portal\/con-magistrales-murales-religiosas-celebran-160-anos-del-buen-pastor\/murales2\/\" border=\"0\" itemprop=\"url\"> <meta itemprop=\"width\" content=\"423\"> <meta itemprop=\"height\" content=\"279\"> <img decoding=\"async\" class=\"\" data-attachment-id=\"64524\" data-orig-file=\"https:\/\/eltrabajo.cl\/portal\/wp-content\/uploads\/2015\/12\/Murales2.jpg\" data-orig-size=\"530,349\" data-comments-opened=\"1\" data-image-meta=\"{&quot;aperture&quot;:&quot;0&quot;,&quot;credit&quot;:&quot;&quot;,&quot;camera&quot;:&quot;&quot;,&quot;caption&quot;:&quot;&quot;,&quot;created_timestamp&quot;:&quot;0&quot;,&quot;copyright&quot;:&quot;&quot;,&quot;focal_length&quot;:&quot;0&quot;,&quot;iso&quot;:&quot;0&quot;,&quot;shutter_speed&quot;:&quot;0&quot;,&quot;title&quot;:&quot;&quot;,&quot;orientation&quot;:&quot;0&quot;}\" data-image-title=\"Murales2\" data-image-description=\"&lt;p&gt;ARTE DE PRIMERA.- Religiosas y autoridades comunales posan orgullosos para Diario El Trabajo, atr\u00e1s, el segundo mural.&lt;\/p&gt; \" data-medium-file=\"https:\/\/i0.wp.com\/eltrabajo.cl\/portal\/wp-content\/uploads\/2015\/12\/Murales2.jpg?fit=300%2C198&#038;ssl=1\" data-large-file=\"https:\/\/i0.wp.com\/eltrabajo.cl\/portal\/wp-content\/uploads\/2015\/12\/Murales2.jpg?fit=530%2C349&#038;ssl=1\" src=\"https:\/\/i0.wp.com\/eltrabajo.cl\/portal\/wp-content\/uploads\/2015\/12\/Murales2.jpg?w=423&#038;h=279&#038;ssl=1\" srcset=\"https:\/\/i0.wp.com\/eltrabajo.cl\/portal\/wp-content\/uploads\/2015\/12\/Murales2.jpg?w=530&amp;ssl=1 530w, https:\/\/i0.wp.com\/eltrabajo.cl\/portal\/wp-content\/uploads\/2015\/12\/Murales2.jpg?resize=200%2C132&amp;ssl=1 200w, https:\/\/i0.wp.com\/eltrabajo.cl\/portal\/wp-content\/uploads\/2015\/12\/Murales2.jpg?resize=300%2C198&amp;ssl=1 300w, https:\/\/i0.wp.com\/eltrabajo.cl\/portal\/wp-content\/uploads\/2015\/12\/Murales2.jpg?resize=228%2C150&amp;ssl=1 228w, https:\/\/i0.wp.com\/eltrabajo.cl\/portal\/wp-content\/uploads\/2015\/12\/Murales2.jpg?resize=400%2C263&amp;ssl=1 400w\" width=\"423\" height=\"279\" loading=\"lazy\" data-original-width=\"423\" data-original-height=\"279\" itemprop=\"http:\/\/schema.org\/image\" title=\"Murales2\" alt=\"ARTE DE PRIMERA.- Religiosas y autoridades comunales posan orgullosos para Diario El Trabajo, atr\u00e1s, el segundo mural.\" style=\"width: 423px; height: 279px;\" \/> <\/a> <div class=\"tiled-gallery-caption\" itemprop=\"caption description\"> ARTE DE PRIMERA.- Religiosas y autoridades comunales posan orgullosos para Diario El Trabajo, atr\u00e1s, el segundo mural. <\/div> <\/div> <\/div> <!-- close group --> <div class=\"gallery-group images-2\" style=\"width: 213px; height: 283px;\" data-original-width=\"213\" data-original-height=\"283\" > <div class=\"tiled-gallery-item tiled-gallery-item-small\" itemprop=\"associatedMedia\" itemscope itemtype=\"http:\/\/schema.org\/ImageObject\"> <a href=\"https:\/\/eltrabajo.cl\/portal\/con-magistrales-murales-religiosas-celebran-160-anos-del-buen-pastor\/monica33\/\" border=\"0\" itemprop=\"url\"> <meta itemprop=\"width\" content=\"209\"> <meta itemprop=\"height\" content=\"138\"> <img decoding=\"async\" class=\"\" data-attachment-id=\"64523\" data-orig-file=\"https:\/\/eltrabajo.cl\/portal\/wp-content\/uploads\/2015\/12\/Monica33.jpg\" data-orig-size=\"530,350\" data-comments-opened=\"1\" data-image-meta=\"{&quot;aperture&quot;:&quot;0&quot;,&quot;credit&quot;:&quot;&quot;,&quot;camera&quot;:&quot;&quot;,&quot;caption&quot;:&quot;&quot;,&quot;created_timestamp&quot;:&quot;0&quot;,&quot;copyright&quot;:&quot;&quot;,&quot;focal_length&quot;:&quot;0&quot;,&quot;iso&quot;:&quot;0&quot;,&quot;shutter_speed&quot;:&quot;0&quot;,&quot;title&quot;:&quot;&quot;,&quot;orientation&quot;:&quot;0&quot;}\" data-image-title=\"Monica33\" data-image-description=\"&lt;p&gt;M\u00f3nica Cort\u00e9s Piffaut, artista aconcag\u00fcina a cargo de tan espectacular proyecto.&lt;\/p&gt; \" data-medium-file=\"https:\/\/i0.wp.com\/eltrabajo.cl\/portal\/wp-content\/uploads\/2015\/12\/Monica33.jpg?fit=300%2C198&#038;ssl=1\" data-large-file=\"https:\/\/i0.wp.com\/eltrabajo.cl\/portal\/wp-content\/uploads\/2015\/12\/Monica33.jpg?fit=530%2C350&#038;ssl=1\" src=\"https:\/\/i0.wp.com\/eltrabajo.cl\/portal\/wp-content\/uploads\/2015\/12\/Monica33.jpg?w=209&#038;h=138&#038;ssl=1\" srcset=\"https:\/\/i0.wp.com\/eltrabajo.cl\/portal\/wp-content\/uploads\/2015\/12\/Monica33.jpg?w=530&amp;ssl=1 530w, https:\/\/i0.wp.com\/eltrabajo.cl\/portal\/wp-content\/uploads\/2015\/12\/Monica33.jpg?resize=200%2C132&amp;ssl=1 200w, https:\/\/i0.wp.com\/eltrabajo.cl\/portal\/wp-content\/uploads\/2015\/12\/Monica33.jpg?resize=300%2C198&amp;ssl=1 300w, https:\/\/i0.wp.com\/eltrabajo.cl\/portal\/wp-content\/uploads\/2015\/12\/Monica33.jpg?resize=227%2C150&amp;ssl=1 227w, https:\/\/i0.wp.com\/eltrabajo.cl\/portal\/wp-content\/uploads\/2015\/12\/Monica33.jpg?resize=400%2C264&amp;ssl=1 400w\" width=\"209\" height=\"138\" loading=\"lazy\" data-original-width=\"209\" data-original-height=\"138\" itemprop=\"http:\/\/schema.org\/image\" title=\"Monica33\" alt=\"M\u00f3nica Cort\u00e9s Piffaut, artista aconcag\u00fcina a cargo de tan espectacular proyecto.\" style=\"width: 209px; height: 138px;\" \/> <\/a> <div class=\"tiled-gallery-caption\" itemprop=\"caption description\"> M\u00f3nica Cort\u00e9s Piffaut, artista aconcag\u00fcina a cargo de tan espectacular proyecto. <\/div> <\/div> <div class=\"tiled-gallery-item tiled-gallery-item-small\" itemprop=\"associatedMedia\" itemscope itemtype=\"http:\/\/schema.org\/ImageObject\"> <a href=\"https:\/\/eltrabajo.cl\/portal\/con-magistrales-murales-religiosas-celebran-160-anos-del-buen-pastor\/angelica-guzman\/\" border=\"0\" itemprop=\"url\"> <meta itemprop=\"width\" content=\"209\"> <meta itemprop=\"height\" content=\"137\"> <img decoding=\"async\" class=\"\" data-attachment-id=\"64522\" data-orig-file=\"https:\/\/eltrabajo.cl\/portal\/wp-content\/uploads\/2015\/12\/Angelica-Guzman.jpg\" data-orig-size=\"530,348\" data-comments-opened=\"1\" data-image-meta=\"{&quot;aperture&quot;:&quot;0&quot;,&quot;credit&quot;:&quot;&quot;,&quot;camera&quot;:&quot;&quot;,&quot;caption&quot;:&quot;&quot;,&quot;created_timestamp&quot;:&quot;0&quot;,&quot;copyright&quot;:&quot;&quot;,&quot;focal_length&quot;:&quot;0&quot;,&quot;iso&quot;:&quot;0&quot;,&quot;shutter_speed&quot;:&quot;0&quot;,&quot;title&quot;:&quot;&quot;,&quot;orientation&quot;:&quot;0&quot;}\" data-image-title=\"Angelica Guzman\" data-image-description=\"&lt;p&gt;Hermana Ang\u00e9lica Guzm\u00e1n, hizo la presentaci\u00f3n de las obras.&lt;\/p&gt; \" data-medium-file=\"https:\/\/i0.wp.com\/eltrabajo.cl\/portal\/wp-content\/uploads\/2015\/12\/Angelica-Guzman.jpg?fit=300%2C197&#038;ssl=1\" data-large-file=\"https:\/\/i0.wp.com\/eltrabajo.cl\/portal\/wp-content\/uploads\/2015\/12\/Angelica-Guzman.jpg?fit=530%2C348&#038;ssl=1\" src=\"https:\/\/i0.wp.com\/eltrabajo.cl\/portal\/wp-content\/uploads\/2015\/12\/Angelica-Guzman.jpg?w=209&#038;h=137&#038;ssl=1\" srcset=\"https:\/\/i0.wp.com\/eltrabajo.cl\/portal\/wp-content\/uploads\/2015\/12\/Angelica-Guzman.jpg?w=530&amp;ssl=1 530w, https:\/\/i0.wp.com\/eltrabajo.cl\/portal\/wp-content\/uploads\/2015\/12\/Angelica-Guzman.jpg?resize=200%2C131&amp;ssl=1 200w, https:\/\/i0.wp.com\/eltrabajo.cl\/portal\/wp-content\/uploads\/2015\/12\/Angelica-Guzman.jpg?resize=300%2C197&amp;ssl=1 300w, https:\/\/i0.wp.com\/eltrabajo.cl\/portal\/wp-content\/uploads\/2015\/12\/Angelica-Guzman.jpg?resize=228%2C150&amp;ssl=1 228w, https:\/\/i0.wp.com\/eltrabajo.cl\/portal\/wp-content\/uploads\/2015\/12\/Angelica-Guzman.jpg?resize=400%2C263&amp;ssl=1 400w\" width=\"209\" height=\"137\" loading=\"lazy\" data-original-width=\"209\" data-original-height=\"137\" itemprop=\"http:\/\/schema.org\/image\" title=\"Angelica Guzman\" alt=\"Hermana Ang\u00e9lica Guzm\u00e1n, hizo la presentaci\u00f3n de las obras.\" style=\"width: 209px; height: 137px;\" \/> <\/a> <div class=\"tiled-gallery-caption\" itemprop=\"caption description\"> Hermana Ang\u00e9lica Guzm\u00e1n, hizo la presentaci\u00f3n de las obras. <\/div> <\/div> <\/div> <!-- close group --> <\/div> <!-- close row --> <\/div>\n","protected":false},"excerpt":{"rendered":"<p>El viernes 25 de mayo de 1855 llegaron a San Felipe siete religiosas de la Congregaci\u00f3n Nuestra Se\u00f1ora de la Caridad del Buen Pastor, elegidas personalmente en Angers, Francia, por la fundadora&#8230;<\/p>\n","protected":false},"author":482,"featured_media":64521,"comment_status":"open","ping_status":"open","sticky":false,"template":"","format":"standard","meta":{"advanced_seo_description":"","jetpack_seo_html_title":"","jetpack_seo_noindex":false,"_jetpack_memberships_contains_paid_content":false,"footnotes":""},"categories":[15],"tags":[],"class_list":["post-64520","post","type-post","status-publish","format-standard","has-post-thumbnail","hentry","category-comunidad"],"jetpack_featured_media_url":"https:\/\/i0.wp.com\/eltrabajo.cl\/portal\/wp-content\/uploads\/2015\/12\/Murales1.jpg?fit=530%2C348&ssl=1","jetpack_sharing_enabled":true,"jetpack_likes_enabled":true,"jetpack-related-posts":[],"_links":{"self":[{"href":"https:\/\/eltrabajo.cl\/portal\/wp-json\/wp\/v2\/posts\/64520","targetHints":{"allow":["GET"]}}],"collection":[{"href":"https:\/\/eltrabajo.cl\/portal\/wp-json\/wp\/v2\/posts"}],"about":[{"href":"https:\/\/eltrabajo.cl\/portal\/wp-json\/wp\/v2\/types\/post"}],"author":[{"embeddable":true,"href":"https:\/\/eltrabajo.cl\/portal\/wp-json\/wp\/v2\/users\/482"}],"replies":[{"embeddable":true,"href":"https:\/\/eltrabajo.cl\/portal\/wp-json\/wp\/v2\/comments?post=64520"}],"version-history":[{"count":0,"href":"https:\/\/eltrabajo.cl\/portal\/wp-json\/wp\/v2\/posts\/64520\/revisions"}],"wp:featuredmedia":[{"embeddable":true,"href":"https:\/\/eltrabajo.cl\/portal\/wp-json\/wp\/v2\/media\/64521"}],"wp:attachment":[{"href":"https:\/\/eltrabajo.cl\/portal\/wp-json\/wp\/v2\/media?parent=64520"}],"wp:term":[{"taxonomy":"category","embeddable":true,"href":"https:\/\/eltrabajo.cl\/portal\/wp-json\/wp\/v2\/categories?post=64520"},{"taxonomy":"post_tag","embeddable":true,"href":"https:\/\/eltrabajo.cl\/portal\/wp-json\/wp\/v2\/tags?post=64520"}],"curies":[{"name":"wp","href":"https:\/\/api.w.org\/{rel}","templated":true}]}}