{"id":64526,"date":"2015-12-04T14:33:47","date_gmt":"2015-12-04T17:33:47","guid":{"rendered":"http:\/\/www.eltrabajo.cl\/portal\/?p=64526"},"modified":"2015-12-04T14:33:47","modified_gmt":"2015-12-04T17:33:47","slug":"comerciantes-preocupados-por-el-futuro-de-su-campo-ferial","status":"publish","type":"post","link":"https:\/\/eltrabajo.cl\/portal\/comerciantes-preocupados-por-el-futuro-de-su-campo-ferial\/","title":{"rendered":"Comerciantes preocupados por el futuro de su campo ferial"},"content":{"rendered":"<figure id=\"attachment_64527\" aria-describedby=\"caption-attachment-64527\" style=\"width: 300px\" class=\"wp-caption alignleft\"><a href=\"https:\/\/i0.wp.com\/www.eltrabajo.cl\/portal\/wp-content\/uploads\/2015\/12\/Feriantes33.jpg\"><img data-recalc-dims=\"1\" loading=\"lazy\" decoding=\"async\" class=\"wp-image-64527 size-medium\" src=\"https:\/\/i0.wp.com\/www.eltrabajo.cl\/portal\/wp-content\/uploads\/2015\/12\/Feriantes33-300x198.jpg?resize=300%2C198\" alt=\"FERIANTES PREOCUPADOS.- Estos feriantes aseguran sentirse preocupados por los eventuales cambios de lugar de la feria.\" width=\"300\" height=\"198\" srcset=\"https:\/\/i0.wp.com\/eltrabajo.cl\/portal\/wp-content\/uploads\/2015\/12\/Feriantes33.jpg?resize=300%2C198&amp;ssl=1 300w, https:\/\/i0.wp.com\/eltrabajo.cl\/portal\/wp-content\/uploads\/2015\/12\/Feriantes33.jpg?resize=200%2C132&amp;ssl=1 200w, https:\/\/i0.wp.com\/eltrabajo.cl\/portal\/wp-content\/uploads\/2015\/12\/Feriantes33.jpg?resize=227%2C150&amp;ssl=1 227w, https:\/\/i0.wp.com\/eltrabajo.cl\/portal\/wp-content\/uploads\/2015\/12\/Feriantes33.jpg?resize=400%2C264&amp;ssl=1 400w, https:\/\/i0.wp.com\/eltrabajo.cl\/portal\/wp-content\/uploads\/2015\/12\/Feriantes33.jpg?w=530&amp;ssl=1 530w\" sizes=\"auto, (max-width: 300px) 100vw, 300px\" \/><\/a><figcaption id=\"caption-attachment-64527\" class=\"wp-caption-text\">FERIANTES PREOCUPADOS.- Estos feriantes aseguran sentirse preocupados por los eventuales cambios de lugar de la feria.<\/figcaption><\/figure>\n<p>Aunque ser\u00e1 el pr\u00f3ximo jueves 10 cuando se inaugure oficialmente la Feria Navide\u00f1a N\u00b035 en el bandej\u00f3n de avenida Yungay, lo cierto es que los 53 locatarios que conforman este gremio ya est\u00e1n completamente instalados con sus puestos llenos de juguetes.<br \/>\nDiario El Trabajo realiz\u00f3 un recorrido por el lugar y, efectivamente, ya se respiran aires navide\u00f1os y los villancicos se dejan o\u00edr en cada uno de los puestos de la feria.<br \/>\n\u201cAqu\u00ed estamos, ya arrancamos con nuestra feria, este a\u00f1o tenemos un slogan: \u2018Feria del Juguete 2015, Tradici\u00f3n, Patrimonio e Historia\u2019, y lo dise\u00f1amos as\u00ed porque se nos dijo recientemente que los feriantes tenemos un a\u00f1o para desocupar este lugar, o sea, que en 2016 ya no podremos instalarnos aqu\u00ed, no tenemos claro de cu\u00e1l sea el lugar que nos ofrecer\u00e1n, pero estamos muy preocupados\u201d, dijo a nuestro medio el presidente de la feria, Roberto Ar\u00e1nguiz.<\/p>\n<figure id=\"attachment_64528\" aria-describedby=\"caption-attachment-64528\" style=\"width: 300px\" class=\"wp-caption alignright\"><a href=\"https:\/\/i0.wp.com\/www.eltrabajo.cl\/portal\/wp-content\/uploads\/2015\/12\/Clientes33.jpg\"><img data-recalc-dims=\"1\" loading=\"lazy\" decoding=\"async\" class=\"wp-image-64528 size-medium\" src=\"https:\/\/i0.wp.com\/www.eltrabajo.cl\/portal\/wp-content\/uploads\/2015\/12\/Clientes33-300x197.jpg?resize=300%2C197\" alt=\"JUGUETOTES.- El feriante Alexis Arreola vend\u00eda este auto de juguete a una familia sanfelipe\u00f1a, se\u00f1al de que algunos se est\u00e1n adelantando para regalar a sus hijos y pagar barato.\" width=\"300\" height=\"197\" srcset=\"https:\/\/i0.wp.com\/eltrabajo.cl\/portal\/wp-content\/uploads\/2015\/12\/Clientes33.jpg?resize=300%2C197&amp;ssl=1 300w, https:\/\/i0.wp.com\/eltrabajo.cl\/portal\/wp-content\/uploads\/2015\/12\/Clientes33.jpg?resize=200%2C131&amp;ssl=1 200w, https:\/\/i0.wp.com\/eltrabajo.cl\/portal\/wp-content\/uploads\/2015\/12\/Clientes33.jpg?resize=228%2C150&amp;ssl=1 228w, https:\/\/i0.wp.com\/eltrabajo.cl\/portal\/wp-content\/uploads\/2015\/12\/Clientes33.jpg?resize=400%2C263&amp;ssl=1 400w, https:\/\/i0.wp.com\/eltrabajo.cl\/portal\/wp-content\/uploads\/2015\/12\/Clientes33.jpg?w=530&amp;ssl=1 530w\" sizes=\"auto, (max-width: 300px) 100vw, 300px\" \/><\/a><figcaption id=\"caption-attachment-64528\" class=\"wp-caption-text\">JUGUETOTES.- El feriante Alexis Arreola vend\u00eda este auto de juguete a una familia sanfelipe\u00f1a, se\u00f1al de que algunos se est\u00e1n adelantando para regalar a sus hijos y pagar barato.<\/figcaption><\/figure>\n<p>Nuestro medio habl\u00f3 sobre este tema con el alcalde Patricio Freire, quien aclar\u00f3 que \u201cestamos remodelando los bandejones y otras partes de las alamedas, es verdad que ellos ser\u00e1n reinstalados, pero siempre que sea a un lugar importante de la ciudad, esto ser\u00e1 temporal y no afectar\u00e1 en las ventas a tan importante gremio de nuestra comuna, este a\u00f1o la feria seguir\u00e1 con normalidad\u201d, dijo Freire.<br \/>\nEn los pr\u00f3ximos d\u00edas se estar\u00e1n realizando actividades infantiles, y tambi\u00e9n el Viejo Pascuero estar\u00e1 visitando la feria para obsequiar regalos a un gran grupo de ni\u00f1os que ser\u00e1n invitados.<br \/>\n<strong>Roberto Gonz\u00e1lez Short<\/strong><br \/>\n<strong>rgonzalez@eltrabajo.cl<\/strong><\/p>\n","protected":false},"excerpt":{"rendered":"<p>Aunque ser\u00e1 el pr\u00f3ximo jueves 10 cuando se inaugure oficialmente la Feria Navide\u00f1a N\u00b035 en el bandej\u00f3n de avenida Yungay, lo cierto es que los 53 locatarios que conforman este gremio ya&#8230;<\/p>\n","protected":false},"author":482,"featured_media":64527,"comment_status":"open","ping_status":"open","sticky":false,"template":"","format":"standard","meta":{"advanced_seo_description":"","jetpack_seo_html_title":"","jetpack_seo_noindex":false,"_jetpack_memberships_contains_paid_content":false,"footnotes":""},"categories":[15],"tags":[],"class_list":["post-64526","post","type-post","status-publish","format-standard","has-post-thumbnail","hentry","category-comunidad"],"jetpack_featured_media_url":"https:\/\/i0.wp.com\/eltrabajo.cl\/portal\/wp-content\/uploads\/2015\/12\/Feriantes33.jpg?fit=530%2C350&ssl=1","jetpack_sharing_enabled":true,"jetpack_likes_enabled":true,"jetpack-related-posts":[],"_links":{"self":[{"href":"https:\/\/eltrabajo.cl\/portal\/wp-json\/wp\/v2\/posts\/64526","targetHints":{"allow":["GET"]}}],"collection":[{"href":"https:\/\/eltrabajo.cl\/portal\/wp-json\/wp\/v2\/posts"}],"about":[{"href":"https:\/\/eltrabajo.cl\/portal\/wp-json\/wp\/v2\/types\/post"}],"author":[{"embeddable":true,"href":"https:\/\/eltrabajo.cl\/portal\/wp-json\/wp\/v2\/users\/482"}],"replies":[{"embeddable":true,"href":"https:\/\/eltrabajo.cl\/portal\/wp-json\/wp\/v2\/comments?post=64526"}],"version-history":[{"count":0,"href":"https:\/\/eltrabajo.cl\/portal\/wp-json\/wp\/v2\/posts\/64526\/revisions"}],"wp:featuredmedia":[{"embeddable":true,"href":"https:\/\/eltrabajo.cl\/portal\/wp-json\/wp\/v2\/media\/64527"}],"wp:attachment":[{"href":"https:\/\/eltrabajo.cl\/portal\/wp-json\/wp\/v2\/media?parent=64526"}],"wp:term":[{"taxonomy":"category","embeddable":true,"href":"https:\/\/eltrabajo.cl\/portal\/wp-json\/wp\/v2\/categories?post=64526"},{"taxonomy":"post_tag","embeddable":true,"href":"https:\/\/eltrabajo.cl\/portal\/wp-json\/wp\/v2\/tags?post=64526"}],"curies":[{"name":"wp","href":"https:\/\/api.w.org\/{rel}","templated":true}]}}