{"id":64531,"date":"2015-12-04T14:35:13","date_gmt":"2015-12-04T17:35:13","guid":{"rendered":"http:\/\/www.eltrabajo.cl\/portal\/?p=64531"},"modified":"2015-12-04T14:35:13","modified_gmt":"2015-12-04T17:35:13","slug":"lanzan-novedoso-software-para-estudiantes-ciegos-que-sera-implementado-en-establecimientos-educacionales","status":"publish","type":"post","link":"https:\/\/eltrabajo.cl\/portal\/lanzan-novedoso-software-para-estudiantes-ciegos-que-sera-implementado-en-establecimientos-educacionales\/","title":{"rendered":"Lanzan novedoso software para estudiantes ciegos que ser\u00e1 implementado en establecimientos educacionales"},"content":{"rendered":"<figure id=\"attachment_64532\" aria-describedby=\"caption-attachment-64532\" style=\"width: 300px\" class=\"wp-caption alignleft\"><a href=\"https:\/\/i0.wp.com\/www.eltrabajo.cl\/portal\/wp-content\/uploads\/2015\/12\/lanzamiento-de-software.jpg\"><img data-recalc-dims=\"1\" loading=\"lazy\" decoding=\"async\" class=\"wp-image-64532 size-medium\" src=\"https:\/\/i0.wp.com\/www.eltrabajo.cl\/portal\/wp-content\/uploads\/2015\/12\/lanzamiento-de-software-300x198.jpg?resize=300%2C198\" alt=\"Diversas autoridades participaron del lanzamiento de este novedoso software que permitir\u00e1 que estudiantes ciegos puedan reforzar su aprendizaje.  \" width=\"300\" height=\"198\" srcset=\"https:\/\/i0.wp.com\/eltrabajo.cl\/portal\/wp-content\/uploads\/2015\/12\/lanzamiento-de-software.jpg?resize=300%2C198&amp;ssl=1 300w, https:\/\/i0.wp.com\/eltrabajo.cl\/portal\/wp-content\/uploads\/2015\/12\/lanzamiento-de-software.jpg?resize=200%2C132&amp;ssl=1 200w, https:\/\/i0.wp.com\/eltrabajo.cl\/portal\/wp-content\/uploads\/2015\/12\/lanzamiento-de-software.jpg?resize=227%2C150&amp;ssl=1 227w, https:\/\/i0.wp.com\/eltrabajo.cl\/portal\/wp-content\/uploads\/2015\/12\/lanzamiento-de-software.jpg?resize=400%2C264&amp;ssl=1 400w, https:\/\/i0.wp.com\/eltrabajo.cl\/portal\/wp-content\/uploads\/2015\/12\/lanzamiento-de-software.jpg?w=530&amp;ssl=1 530w\" sizes=\"auto, (max-width: 300px) 100vw, 300px\" \/><\/a><figcaption id=\"caption-attachment-64532\" class=\"wp-caption-text\">Diversas autoridades participaron del lanzamiento de este novedoso software que permitir\u00e1 que estudiantes ciegos puedan reforzar su aprendizaje.<\/figcaption><\/figure>\n<p>Dando otro importante paso en el tema de inclusi\u00f3n, este jueves el alcalde Patricio Freire dio a conocer una muy buena noticia, como es la instalaci\u00f3n de un novedoso software computacional para alumnos ciegos, para que asistan a los establecimientos educacionales, reforzando de esta forma una educaci\u00f3n municipal personalizada, de calidad e inclusiva.<br \/>\nSe trata de una propuesta del programa \u2018San Felipe Inclusivo\u2019 que lidera el jefe comunal y que contempla utilizar una herramienta tecnol\u00f3gica de nivel internacional y que ser\u00e1 instalada en todos los establecimientos del \u00e1rea municipal, tanto rurales como urbanos, con el objetivo de insertar y colocar en igualdad de condiciones a todos los ni\u00f1os y j\u00f3venes de la comuna.<br \/>\n\u201cEste lector de pantalla para personas ciegas va a ser un gran apoyo y con esto continuamos haciendo realidad nuestra propuesta de un San Felipe Inclusivo. Esta es una tecnolog\u00eda de punta que llega a San Felipe y que coloca en igualdad de condiciones a todos los j\u00f3venes de la comuna\u201d, dijo el alcalde Patricio Freire.<br \/>\nSeg\u00fan explic\u00f3 Claudio Gregoire, encargado del programa San Felipe Inclusivo, este programa favorece la independencia y potencialidades de las personas ciegas.<br \/>\n\u201cLo que hacemos con el alcalde Freire es salir del discapacitado como sujeto de protecci\u00f3n y comenzar a ver al discapacitado como sujeto de derecho y parte de los derechos, es que nosotros les demos todas las herramientas para que ellos puedan potenciar las habilidades\u201d, se\u00f1al\u00f3 Gregoire.<br \/>\nSeg\u00fan explic\u00f3 este psic\u00f3logo que qued\u00f3 ciego a los 17 a\u00f1os de edad, fueron profesionales australianos quienes programaron este software, que se puede instalar en cualquier computador de los establecimientos educacionales.<br \/>\n\u201cNosotros podemos instalar este software en este momento, porque es muy f\u00e1cil la instalaci\u00f3n, entonces dependiendo de la matr\u00edcula que tengamos, porque lo importante es que los alumnos ciegos comiencen a estudiar, y que los padres de los alumnos ciegos tengan la confianza que vamos a hacer hasta lo imposible para que ellos tengan una excelente estad\u00eda en los colegios y por eso estamos dando esta herramienta para que ellos se sientan integrados\u201d, dijo Gregoire.<br \/>\nEl software es una importante herramienta para que los estudiantes ciegos puedan estar en iguales condiciones que el resto del alumnado y puedan tener las mismas oportunidades, uno de los objetivos de la gesti\u00f3n del alcalde Freire.<\/p>\n","protected":false},"excerpt":{"rendered":"<p>Dando otro importante paso en el tema de inclusi\u00f3n, este jueves el alcalde Patricio Freire dio a conocer una muy buena noticia, como es la instalaci\u00f3n de un novedoso software computacional para&#8230;<\/p>\n","protected":false},"author":482,"featured_media":64532,"comment_status":"open","ping_status":"open","sticky":false,"template":"","format":"standard","meta":{"advanced_seo_description":"","jetpack_seo_html_title":"","jetpack_seo_noindex":false,"_jetpack_memberships_contains_paid_content":false,"footnotes":""},"categories":[1],"tags":[],"class_list":["post-64531","post","type-post","status-publish","format-standard","has-post-thumbnail","hentry","category-cronica"],"jetpack_featured_media_url":"https:\/\/i0.wp.com\/eltrabajo.cl\/portal\/wp-content\/uploads\/2015\/12\/lanzamiento-de-software.jpg?fit=530%2C350&ssl=1","jetpack_sharing_enabled":true,"jetpack_likes_enabled":true,"jetpack-related-posts":[],"_links":{"self":[{"href":"https:\/\/eltrabajo.cl\/portal\/wp-json\/wp\/v2\/posts\/64531","targetHints":{"allow":["GET"]}}],"collection":[{"href":"https:\/\/eltrabajo.cl\/portal\/wp-json\/wp\/v2\/posts"}],"about":[{"href":"https:\/\/eltrabajo.cl\/portal\/wp-json\/wp\/v2\/types\/post"}],"author":[{"embeddable":true,"href":"https:\/\/eltrabajo.cl\/portal\/wp-json\/wp\/v2\/users\/482"}],"replies":[{"embeddable":true,"href":"https:\/\/eltrabajo.cl\/portal\/wp-json\/wp\/v2\/comments?post=64531"}],"version-history":[{"count":0,"href":"https:\/\/eltrabajo.cl\/portal\/wp-json\/wp\/v2\/posts\/64531\/revisions"}],"wp:featuredmedia":[{"embeddable":true,"href":"https:\/\/eltrabajo.cl\/portal\/wp-json\/wp\/v2\/media\/64532"}],"wp:attachment":[{"href":"https:\/\/eltrabajo.cl\/portal\/wp-json\/wp\/v2\/media?parent=64531"}],"wp:term":[{"taxonomy":"category","embeddable":true,"href":"https:\/\/eltrabajo.cl\/portal\/wp-json\/wp\/v2\/categories?post=64531"},{"taxonomy":"post_tag","embeddable":true,"href":"https:\/\/eltrabajo.cl\/portal\/wp-json\/wp\/v2\/tags?post=64531"}],"curies":[{"name":"wp","href":"https:\/\/api.w.org\/{rel}","templated":true}]}}