{"id":64534,"date":"2015-12-04T14:37:17","date_gmt":"2015-12-04T17:37:17","guid":{"rendered":"http:\/\/www.eltrabajo.cl\/portal\/?p=64534"},"modified":"2015-12-04T14:37:17","modified_gmt":"2015-12-04T17:37:17","slug":"autoridades-destacan-beneficios-de-programa-chile-crece-contigo","status":"publish","type":"post","link":"https:\/\/eltrabajo.cl\/portal\/autoridades-destacan-beneficios-de-programa-chile-crece-contigo\/","title":{"rendered":"Autoridades destacan beneficios de Programa Chile Crece Contigo"},"content":{"rendered":"<figure id=\"attachment_64535\" aria-describedby=\"caption-attachment-64535\" style=\"width: 300px\" class=\"wp-caption alignleft\"><a href=\"https:\/\/i0.wp.com\/www.eltrabajo.cl\/portal\/wp-content\/uploads\/2015\/12\/Chile-crece-contigo-Los-Andes-3.jpg\"><img data-recalc-dims=\"1\" loading=\"lazy\" decoding=\"async\" class=\"wp-image-64535 size-medium\" src=\"https:\/\/i0.wp.com\/www.eltrabajo.cl\/portal\/wp-content\/uploads\/2015\/12\/Chile-crece-contigo-Los-Andes-3-300x198.jpg?resize=300%2C198\" alt=\"Diversas autoridades realizaron una visita a la sala de maternidad del Hospital San Juan de Dios de Los Andes, para contar sobre los beneficios que entrega el programa de Protecci\u00f3n a la Primera Infancia Chile Crece Contigo.\" width=\"300\" height=\"198\" srcset=\"https:\/\/i0.wp.com\/eltrabajo.cl\/portal\/wp-content\/uploads\/2015\/12\/Chile-crece-contigo-Los-Andes-3.jpg?resize=300%2C198&amp;ssl=1 300w, https:\/\/i0.wp.com\/eltrabajo.cl\/portal\/wp-content\/uploads\/2015\/12\/Chile-crece-contigo-Los-Andes-3.jpg?resize=200%2C132&amp;ssl=1 200w, https:\/\/i0.wp.com\/eltrabajo.cl\/portal\/wp-content\/uploads\/2015\/12\/Chile-crece-contigo-Los-Andes-3.jpg?resize=227%2C150&amp;ssl=1 227w, https:\/\/i0.wp.com\/eltrabajo.cl\/portal\/wp-content\/uploads\/2015\/12\/Chile-crece-contigo-Los-Andes-3.jpg?resize=400%2C264&amp;ssl=1 400w, https:\/\/i0.wp.com\/eltrabajo.cl\/portal\/wp-content\/uploads\/2015\/12\/Chile-crece-contigo-Los-Andes-3.jpg?w=530&amp;ssl=1 530w\" sizes=\"auto, (max-width: 300px) 100vw, 300px\" \/><\/a><figcaption id=\"caption-attachment-64535\" class=\"wp-caption-text\">Diversas autoridades realizaron una visita a la sala de maternidad del Hospital San Juan de Dios de Los Andes, para contar sobre los beneficios que entrega el programa de Protecci\u00f3n a la Primera Infancia Chile Crece Contigo.<\/figcaption><\/figure>\n<p><strong>LOS ANDES.<\/strong>&#8211; Con una visita a las mamitas que acababan de tener sus beb\u00e9s en el Servicio de Maternidad del Hospital San Juan de Dios de Los Andes, el Seremi de Desarrollo Social, Abel Gallardo, y la Gobernadora Provincial de Los Andes, Mar\u00eda Victoria Rodr\u00edguez, destacaron los beneficios del Programa de Protecci\u00f3n a la Primera Infancia Chile Crece Contigo, para los ni\u00f1os que nacen en los hospitales p\u00fablicos del pa\u00eds.<br \/>\nEl Seremi de Desarrollo Social, Abel Gallardo, indic\u00f3 que el Chile Crece Contigo es un programa que implement\u00f3 la Presidenta Michelle Bachelet en su primer periodo como mandataria, favoreciendo el desarrollo integral de los ni\u00f1os incluso antes de nacer. \u201cTenemos la convicci\u00f3n que nuestro pa\u00eds se va a desarrollar en la medida que las personas nazcan y crezcan en igualdad de condiciones; y eso se logra con este programa\u201d, se\u00f1al\u00f3. El personero tambi\u00e9n destac\u00f3 que estas pol\u00edticas p\u00fablicas se ven fortalecidas y se vuelven m\u00e1s eficaces cuando se observa la calidad y cercan\u00eda de la atenci\u00f3n que entregan las personas que trabajan en los hospitales, tal como le informaron las madres de los beb\u00e9s que recientemente hab\u00edan nacido en el establecimiento.<br \/>\nEn tanto la Gobernadora de Los Andes, Mar\u00eda Victoria Rodr\u00edguez, expres\u00f3 su alegr\u00eda por la forma en que el Hospital andino desarrolla este programa de protecci\u00f3n social \u201cNo s\u00f3lo se entrega un pack de elementos de estimulaci\u00f3n y cuidado del beb\u00e9, sino que el personal educa a las mamitas para su correcto uso. Es un programa muy bonito que entrega satisfacci\u00f3n porque llega a todos los chilenos, sin distinci\u00f3n, s\u00f3lo por el hecho de tener su beb\u00e9 en un hospital p\u00fablico\u201d, precis\u00f3. Tambi\u00e9n dijo que cada a\u00f1o se mejora el pack de elementos que se entrega a los beb\u00e9s, tanto en la calidad de los elementos como en la diversidad de su contenido. Al igual que el Seremi de Desarrollo Social, la Gobernadora destac\u00f3 el trabajo del Hospital de Los Andes, donde los usuarios agradecen la infraestructura y la calidad t\u00e9cnica de sus trabajadores, pero tambi\u00e9n el esfuerzo de los funcionarios por entregar afectos y empat\u00eda en la atenci\u00f3n.<br \/>\nPor su parte el Director del Hospital, Jimmy Walker, se\u00f1al\u00f3 que el establecimiento parti\u00f3 el a\u00f1o 2006 con una estrategia para fortalecer la relaci\u00f3n materno-infantil, implementando un piloto que posteriormente se oficializ\u00f3 como pol\u00edtica el 2009, a\u00f1o en que inici\u00f3 Chile Crece Contigo. \u201cLa idea naci\u00f3 pensando que es en la relaci\u00f3n madre-hijo donde se va construyendo una sociedad basada en el respeto, la solidaridad y todos los valores que queremos representar como pa\u00eds\u201d. Indic\u00f3 tambi\u00e9n que este sistema de protecci\u00f3n a la primera infancia contribuye a formar mejores personas y mejores ciudadanos en el futuro.<br \/>\nEs preciso se\u00f1alar que el Programa de Protecci\u00f3n a la Primera Infancia Chile Crece Contigo considera una serie de beneficios para todos los ni\u00f1os que nacen en los hospitales p\u00fablicos del pa\u00eds, beneficiarios de Fonasa, Isapres u otros seguros de salud, destacando un pack que incluye cuna, colch\u00f3n, ropa de cama, elementos de cuidado personal, vestuario, implementos de estimulaci\u00f3n para el beb\u00e9 y de educaci\u00f3n para los padres.<\/p>\n","protected":false},"excerpt":{"rendered":"<p>LOS ANDES.&#8211; Con una visita a las mamitas que acababan de tener sus beb\u00e9s en el Servicio de Maternidad del Hospital San Juan de Dios de Los Andes, el Seremi de Desarrollo&#8230;<\/p>\n","protected":false},"author":482,"featured_media":64535,"comment_status":"open","ping_status":"open","sticky":false,"template":"","format":"standard","meta":{"advanced_seo_description":"","jetpack_seo_html_title":"","jetpack_seo_noindex":false,"_jetpack_memberships_contains_paid_content":false,"footnotes":""},"categories":[1],"tags":[],"class_list":["post-64534","post","type-post","status-publish","format-standard","has-post-thumbnail","hentry","category-cronica"],"jetpack_featured_media_url":"https:\/\/i0.wp.com\/eltrabajo.cl\/portal\/wp-content\/uploads\/2015\/12\/Chile-crece-contigo-Los-Andes-3.jpg?fit=530%2C350&ssl=1","jetpack_sharing_enabled":true,"jetpack_likes_enabled":true,"jetpack-related-posts":[],"_links":{"self":[{"href":"https:\/\/eltrabajo.cl\/portal\/wp-json\/wp\/v2\/posts\/64534","targetHints":{"allow":["GET"]}}],"collection":[{"href":"https:\/\/eltrabajo.cl\/portal\/wp-json\/wp\/v2\/posts"}],"about":[{"href":"https:\/\/eltrabajo.cl\/portal\/wp-json\/wp\/v2\/types\/post"}],"author":[{"embeddable":true,"href":"https:\/\/eltrabajo.cl\/portal\/wp-json\/wp\/v2\/users\/482"}],"replies":[{"embeddable":true,"href":"https:\/\/eltrabajo.cl\/portal\/wp-json\/wp\/v2\/comments?post=64534"}],"version-history":[{"count":0,"href":"https:\/\/eltrabajo.cl\/portal\/wp-json\/wp\/v2\/posts\/64534\/revisions"}],"wp:featuredmedia":[{"embeddable":true,"href":"https:\/\/eltrabajo.cl\/portal\/wp-json\/wp\/v2\/media\/64535"}],"wp:attachment":[{"href":"https:\/\/eltrabajo.cl\/portal\/wp-json\/wp\/v2\/media?parent=64534"}],"wp:term":[{"taxonomy":"category","embeddable":true,"href":"https:\/\/eltrabajo.cl\/portal\/wp-json\/wp\/v2\/categories?post=64534"},{"taxonomy":"post_tag","embeddable":true,"href":"https:\/\/eltrabajo.cl\/portal\/wp-json\/wp\/v2\/tags?post=64534"}],"curies":[{"name":"wp","href":"https:\/\/api.w.org\/{rel}","templated":true}]}}