{"id":64537,"date":"2015-12-04T14:40:27","date_gmt":"2015-12-04T17:40:27","guid":{"rendered":"http:\/\/www.eltrabajo.cl\/portal\/?p=64537"},"modified":"2015-12-04T14:40:27","modified_gmt":"2015-12-04T17:40:27","slug":"conversatorio-sobre-inclusion-y-discapacidad-conto-con-numerosa-participacion-comunal","status":"publish","type":"post","link":"https:\/\/eltrabajo.cl\/portal\/conversatorio-sobre-inclusion-y-discapacidad-conto-con-numerosa-participacion-comunal\/","title":{"rendered":"Conversatorio sobre Inclusi\u00f3n y Discapacidad cont\u00f3 con numerosa participaci\u00f3n comunal"},"content":{"rendered":"<figure id=\"attachment_64538\" aria-describedby=\"caption-attachment-64538\" style=\"width: 300px\" class=\"wp-caption alignleft\"><a href=\"https:\/\/i0.wp.com\/www.eltrabajo.cl\/portal\/wp-content\/uploads\/2015\/12\/FOTO-7-Presentacion.jpg\"><img data-recalc-dims=\"1\" loading=\"lazy\" decoding=\"async\" class=\"wp-image-64538 size-medium\" src=\"https:\/\/i0.wp.com\/www.eltrabajo.cl\/portal\/wp-content\/uploads\/2015\/12\/FOTO-7-Presentacion-300x198.jpg?resize=300%2C198\" alt=\"Presentaci\u00f3n art\u00edstica de la agrupaci\u00f3n de ciegos del Valle de Aconcagua, grupo de Teatro \u2018Zapato Roto\u2019 quien present\u00f3 la intervenci\u00f3n Urbana \u2018Somos\u2019.\" width=\"300\" height=\"198\" srcset=\"https:\/\/i0.wp.com\/eltrabajo.cl\/portal\/wp-content\/uploads\/2015\/12\/FOTO-7-Presentacion.jpg?resize=300%2C198&amp;ssl=1 300w, https:\/\/i0.wp.com\/eltrabajo.cl\/portal\/wp-content\/uploads\/2015\/12\/FOTO-7-Presentacion.jpg?resize=200%2C132&amp;ssl=1 200w, https:\/\/i0.wp.com\/eltrabajo.cl\/portal\/wp-content\/uploads\/2015\/12\/FOTO-7-Presentacion.jpg?resize=227%2C150&amp;ssl=1 227w, https:\/\/i0.wp.com\/eltrabajo.cl\/portal\/wp-content\/uploads\/2015\/12\/FOTO-7-Presentacion.jpg?resize=400%2C264&amp;ssl=1 400w, https:\/\/i0.wp.com\/eltrabajo.cl\/portal\/wp-content\/uploads\/2015\/12\/FOTO-7-Presentacion.jpg?w=530&amp;ssl=1 530w\" sizes=\"auto, (max-width: 300px) 100vw, 300px\" \/><\/a><figcaption id=\"caption-attachment-64538\" class=\"wp-caption-text\">Presentaci\u00f3n art\u00edstica de la agrupaci\u00f3n de ciegos del Valle de Aconcagua, grupo de Teatro \u2018Zapato Roto\u2019 quien present\u00f3 la intervenci\u00f3n Urbana \u2018Somos\u2019.<\/figcaption><\/figure>\n<ul>\n<li><strong>La actividad es impulsada desde la Red de Inclusi\u00f3n Social de San Felipe y cont\u00f3 con la organizaci\u00f3n de la Oficina de la Discapacidad y la Carrera de Pedagog\u00eda en Educaci\u00f3n Diferencial de la UPLA.<\/strong><\/li>\n<\/ul>\n<p>En conmemoraci\u00f3n del d\u00eda Internacional de las personas con Discapacidad, ayer en el Teatro Municipal de San Felipe se efectu\u00f3 el Conversatorio Inclusi\u00f3n Social: Autodeterminaci\u00f3n y Calidad de Vida para Personas con Discapacidad, iniciativa impulsada por la Red de Inclusi\u00f3n Social sanfelipe\u00f1a, en coordinaci\u00f3n con la Carrera de Pedagog\u00eda en Educaci\u00f3n Diferencial de la Universidad de Playa Ancha, UPLA.<br \/>\nEn la actividad, donde estuvieron Presentes el Gobernador Provincial Eduardo Le\u00f3n y el alcalde de San Felipe Patricio Freire, se abordaron temas referentes a la forma en que hoy en d\u00eda la sociedad enfrenta el tema de la discapacidad y c\u00f3mo se incluye en la cotidianeidad a personas con capacidades diferentes.<br \/>\nValeria Sald\u00edvar Cortes, trabajadora social, encargada de la Oficina municipal de la Discapacidad explic\u00f3 cu\u00e1l es el objetivo de generar este tipo de espacios en torno a una tem\u00e1tica que necesitan de mucho di\u00e1logo y manifest\u00f3 que \u201cla idea es generar estrategias y actividades que nos permitan generar inclusi\u00f3n social para las personas con discapacidad, a trav\u00e9s de un trabajo articulado con las agrupaciones y con las instituciones q trabajan para llevar un mensaje de sensibilizaci\u00f3n hacia la comunidad e ir rompiendo las barreras que le impiden a estar personas realizar actividades cotidianas y mejorar su calidad de vida\u201d, resalt\u00f3.<br \/>\nEn cuanto a la importancia de generar instancias que promuevan las alternativas laborales que se les puede otorgar a este tipo de personas, Sald\u00edvar rescat\u00f3 \u201cuno de los pilares para poder tener una mejor calidad de vida, es que estas personas con alguna capacidad diferente, que tienen la capacidad de trabajar lo puedan desarrollar y en ese sentido estamos por desarrollar dos importante proyectos q apuntan a sensibilizar a las empresas de la zona y la otra, a la locomoci\u00f3n colectiva tambi\u00e9n que permita una mejora en la calidad de vida de estas personas\u201d, puntualiz\u00f3.<br \/>\nPor su lado, Andr\u00e9s Jil G\u00e1lvez, Jefe de Carrera de Pedagog\u00eda en Educaci\u00f3n Diferencial de la Upla, describi\u00f3 que la intenci\u00f3n es masificar esta tem\u00e1tica y asegur\u00f3 que \u201cen este Conversatorio participa la sociedad civil en general y eso es un foco relevante porque el objetivo es sensibilizar, los que participamos en esto, estamos involucrados en la tem\u00e1tica, pero lo que nos interesa fuertemente es sensibilizar a aquellas personas que no conocen acerca del tema\u201d, detall\u00f3<br \/>\nRespecto de c\u00f3mo focalizan este tipo de actividades, Jil agreg\u00f3 que \u201capuntamos a la inclusi\u00f3n social con un \u00e9nfasis marcado en las transformaci\u00f3n de las entidades que trabajamos en pro de superar las barreras de participaci\u00f3n de las personas que est\u00e1n en situaci\u00f3n de discapacidad y en funci\u00f3n de conmemorar el d\u00eda internacional de la discapacidad, se genera este conversatorio como instancia de di\u00e1logo\u201d.<br \/>\nEl profesional estima adem\u00e1s que actualmente a\u00fan existe cierta reticencia por parte de la poblaci\u00f3n, al momento de tocar y abordar esta situaci\u00f3n, y especula con que un 50 % prefiere mantenerse al margen del tema y otro 50, muestra inter\u00e9s, pero por timidez prefiere abstraerse. \u201cLa idea es ir sensibilizando, que sea algo constante en temas de discapacidad e inclusi\u00f3n\u201d.<br \/>\nAndr\u00e9s Podesta, Consejero Regional y presidente de la Uni\u00f3n Comunal, Unco, de personas discapacitadas de San Felipe destac\u00f3 la importancia que tiene el poder participar de este tipo de instancias, afirmando que \u201ces positivo, llevamos trabajando casi 10 a\u00f1os abriendo puertas, ventanas y tratando de ir generando en las autoridades una ayuda\u201d, asegur\u00f3<br \/>\n\u201cEl alcalde nos ha abierto la puerta creando la oficina de la discapacidad y estamos trabajando en conjunto con ella y hemos avanzado bastante, todos los d\u00edas hacemos algo positivo, aunque todav\u00eda hay mucho trecho por recorrer ya estamos avanzando y encontrando el camino adecuado con este San Felipe inclusivo\u201d, finaliz\u00f3.<\/p>\n<div class=\"tiled-gallery type-rectangular tiled-gallery-unresized\" data-original-width=\"640\" data-carousel-extra='null' itemscope itemtype=\"http:\/\/schema.org\/ImageGallery\" > <div class=\"gallery-row\" style=\"width: 640px; height: 211px;\" data-original-width=\"640\" data-original-height=\"211\" > <div class=\"gallery-group images-1\" style=\"width: 320px; height: 211px;\" data-original-width=\"320\" data-original-height=\"211\" > <div class=\"tiled-gallery-item tiled-gallery-item-large\" itemprop=\"associatedMedia\" itemscope itemtype=\"http:\/\/schema.org\/ImageObject\"> <a href=\"https:\/\/eltrabajo.cl\/portal\/conversatorio-sobre-inclusion-y-discapacidad-conto-con-numerosa-participacion-comunal\/foto-4-andres-jil-galvez-jefe-de-carrera-pedagogia-en-educacion-diferencial-de-la-upla\/\" border=\"0\" itemprop=\"url\"> <meta itemprop=\"width\" content=\"316\"> <meta itemprop=\"height\" content=\"207\"> <img decoding=\"async\" class=\"\" data-attachment-id=\"64539\" data-orig-file=\"https:\/\/eltrabajo.cl\/portal\/wp-content\/uploads\/2015\/12\/FOTO-4-Andres-Jil-Galvez-Jefe-de-Carrera-Pedagogia-en-Educaci\u00f3n-Diferencial-de-la-UPLA.jpg\" data-orig-size=\"530,348\" data-comments-opened=\"1\" data-image-meta=\"{&quot;aperture&quot;:&quot;0&quot;,&quot;credit&quot;:&quot;&quot;,&quot;camera&quot;:&quot;&quot;,&quot;caption&quot;:&quot;&quot;,&quot;created_timestamp&quot;:&quot;0&quot;,&quot;copyright&quot;:&quot;Copyright 2012&quot;,&quot;focal_length&quot;:&quot;0&quot;,&quot;iso&quot;:&quot;0&quot;,&quot;shutter_speed&quot;:&quot;0&quot;,&quot;title&quot;:&quot;&quot;,&quot;orientation&quot;:&quot;0&quot;}\" data-image-title=\"FOTO 4 Andres Jil Galvez Jefe de Carrera Pedagogia en Educaci\u00f3n Diferencial de la UPLA\" data-image-description=\"&lt;p&gt;Andr\u00e9s Jil G\u00e1lez, Jefe de Carrera Pedagog\u00eda en Educaci\u00f3n Diferencial de la Upla&lt;\/p&gt; \" data-medium-file=\"https:\/\/i0.wp.com\/eltrabajo.cl\/portal\/wp-content\/uploads\/2015\/12\/FOTO-4-Andres-Jil-Galvez-Jefe-de-Carrera-Pedagogia-en-Educaci%C3%B3n-Diferencial-de-la-UPLA.jpg?fit=300%2C197&#038;ssl=1\" data-large-file=\"https:\/\/i0.wp.com\/eltrabajo.cl\/portal\/wp-content\/uploads\/2015\/12\/FOTO-4-Andres-Jil-Galvez-Jefe-de-Carrera-Pedagogia-en-Educaci%C3%B3n-Diferencial-de-la-UPLA.jpg?fit=530%2C348&#038;ssl=1\" src=\"https:\/\/i0.wp.com\/eltrabajo.cl\/portal\/wp-content\/uploads\/2015\/12\/FOTO-4-Andres-Jil-Galvez-Jefe-de-Carrera-Pedagogia-en-Educaci%C3%B3n-Diferencial-de-la-UPLA.jpg?w=316&#038;h=207&#038;ssl=1\" width=\"316\" height=\"207\" loading=\"lazy\" data-original-width=\"316\" data-original-height=\"207\" itemprop=\"http:\/\/schema.org\/image\" title=\"FOTO 4 Andres Jil Galvez Jefe de Carrera Pedagogia en Educaci\u00f3n Diferencial de la UPLA\" alt=\"Andr\u00e9s Jil G\u00e1lez, Jefe de Carrera Pedagog\u00eda en Educaci\u00f3n Diferencial de la Upla\" style=\"width: 316px; height: 207px;\" \/> <\/a> <div class=\"tiled-gallery-caption\" itemprop=\"caption description\"> Andr\u00e9s Jil G\u00e1lez, Jefe de Carrera Pedagog\u00eda en Educaci\u00f3n Diferencial de la Upla <\/div> <\/div> <\/div> <!-- close group --> <div class=\"gallery-group images-1\" style=\"width: 320px; height: 211px;\" data-original-width=\"320\" data-original-height=\"211\" > <div class=\"tiled-gallery-item tiled-gallery-item-large\" itemprop=\"associatedMedia\" itemscope itemtype=\"http:\/\/schema.org\/ImageObject\"> <a href=\"https:\/\/eltrabajo.cl\/portal\/conversatorio-sobre-inclusion-y-discapacidad-conto-con-numerosa-participacion-comunal\/foto-6-andres-podesta\/\" border=\"0\" itemprop=\"url\"> <meta itemprop=\"width\" content=\"316\"> <meta itemprop=\"height\" content=\"207\"> <img decoding=\"async\" class=\"\" data-attachment-id=\"64540\" data-orig-file=\"https:\/\/eltrabajo.cl\/portal\/wp-content\/uploads\/2015\/12\/FOTO-6-Andres-Podesta.jpg\" data-orig-size=\"530,348\" data-comments-opened=\"1\" data-image-meta=\"{&quot;aperture&quot;:&quot;0&quot;,&quot;credit&quot;:&quot;&quot;,&quot;camera&quot;:&quot;&quot;,&quot;caption&quot;:&quot;&quot;,&quot;created_timestamp&quot;:&quot;0&quot;,&quot;copyright&quot;:&quot;Copyright 2012&quot;,&quot;focal_length&quot;:&quot;0&quot;,&quot;iso&quot;:&quot;0&quot;,&quot;shutter_speed&quot;:&quot;0&quot;,&quot;title&quot;:&quot;&quot;,&quot;orientation&quot;:&quot;0&quot;}\" data-image-title=\"FOTO 6 Andres Podesta\" data-image-description=\"&lt;p&gt;Andr\u00e9s Podesta, Consejero Regional y presidente de la Uni\u00f3n Comunal, Unco, de personas discapacitadas&lt;\/p&gt; \" data-medium-file=\"https:\/\/i0.wp.com\/eltrabajo.cl\/portal\/wp-content\/uploads\/2015\/12\/FOTO-6-Andres-Podesta.jpg?fit=300%2C197&#038;ssl=1\" data-large-file=\"https:\/\/i0.wp.com\/eltrabajo.cl\/portal\/wp-content\/uploads\/2015\/12\/FOTO-6-Andres-Podesta.jpg?fit=530%2C348&#038;ssl=1\" src=\"https:\/\/i0.wp.com\/eltrabajo.cl\/portal\/wp-content\/uploads\/2015\/12\/FOTO-6-Andres-Podesta.jpg?w=316&#038;h=207&#038;ssl=1\" srcset=\"https:\/\/i0.wp.com\/eltrabajo.cl\/portal\/wp-content\/uploads\/2015\/12\/FOTO-6-Andres-Podesta.jpg?w=530&amp;ssl=1 530w, https:\/\/i0.wp.com\/eltrabajo.cl\/portal\/wp-content\/uploads\/2015\/12\/FOTO-6-Andres-Podesta.jpg?resize=200%2C131&amp;ssl=1 200w, https:\/\/i0.wp.com\/eltrabajo.cl\/portal\/wp-content\/uploads\/2015\/12\/FOTO-6-Andres-Podesta.jpg?resize=300%2C197&amp;ssl=1 300w, https:\/\/i0.wp.com\/eltrabajo.cl\/portal\/wp-content\/uploads\/2015\/12\/FOTO-6-Andres-Podesta.jpg?resize=228%2C150&amp;ssl=1 228w, https:\/\/i0.wp.com\/eltrabajo.cl\/portal\/wp-content\/uploads\/2015\/12\/FOTO-6-Andres-Podesta.jpg?resize=400%2C263&amp;ssl=1 400w\" width=\"316\" height=\"207\" loading=\"lazy\" data-original-width=\"316\" data-original-height=\"207\" itemprop=\"http:\/\/schema.org\/image\" title=\"FOTO 6 Andres Podesta\" alt=\"Andr\u00e9s Podesta, Consejero Regional y presidente de la Uni\u00f3n Comunal, Unco, de personas discapacitadas\" style=\"width: 316px; height: 207px;\" \/> <\/a> <div class=\"tiled-gallery-caption\" itemprop=\"caption description\"> Andr\u00e9s Podesta, Consejero Regional y presidente de la Uni\u00f3n Comunal, Unco, de personas discapacitadas <\/div> <\/div> <\/div> <!-- close group --> <\/div> <!-- close row --> <\/div>\n","protected":false},"excerpt":{"rendered":"<p>La actividad es impulsada desde la Red de Inclusi\u00f3n Social de San Felipe y cont\u00f3 con la organizaci\u00f3n de la Oficina de la Discapacidad y la Carrera de Pedagog\u00eda en Educaci\u00f3n Diferencial&#8230;<\/p>\n","protected":false},"author":482,"featured_media":64538,"comment_status":"open","ping_status":"open","sticky":false,"template":"","format":"standard","meta":{"advanced_seo_description":"","jetpack_seo_html_title":"","jetpack_seo_noindex":false,"_jetpack_memberships_contains_paid_content":false,"footnotes":""},"categories":[15],"tags":[],"class_list":["post-64537","post","type-post","status-publish","format-standard","has-post-thumbnail","hentry","category-comunidad"],"jetpack_featured_media_url":"https:\/\/i0.wp.com\/eltrabajo.cl\/portal\/wp-content\/uploads\/2015\/12\/FOTO-7-Presentacion.jpg?fit=530%2C350&ssl=1","jetpack_sharing_enabled":true,"jetpack_likes_enabled":true,"jetpack-related-posts":[],"_links":{"self":[{"href":"https:\/\/eltrabajo.cl\/portal\/wp-json\/wp\/v2\/posts\/64537","targetHints":{"allow":["GET"]}}],"collection":[{"href":"https:\/\/eltrabajo.cl\/portal\/wp-json\/wp\/v2\/posts"}],"about":[{"href":"https:\/\/eltrabajo.cl\/portal\/wp-json\/wp\/v2\/types\/post"}],"author":[{"embeddable":true,"href":"https:\/\/eltrabajo.cl\/portal\/wp-json\/wp\/v2\/users\/482"}],"replies":[{"embeddable":true,"href":"https:\/\/eltrabajo.cl\/portal\/wp-json\/wp\/v2\/comments?post=64537"}],"version-history":[{"count":0,"href":"https:\/\/eltrabajo.cl\/portal\/wp-json\/wp\/v2\/posts\/64537\/revisions"}],"wp:featuredmedia":[{"embeddable":true,"href":"https:\/\/eltrabajo.cl\/portal\/wp-json\/wp\/v2\/media\/64538"}],"wp:attachment":[{"href":"https:\/\/eltrabajo.cl\/portal\/wp-json\/wp\/v2\/media?parent=64537"}],"wp:term":[{"taxonomy":"category","embeddable":true,"href":"https:\/\/eltrabajo.cl\/portal\/wp-json\/wp\/v2\/categories?post=64537"},{"taxonomy":"post_tag","embeddable":true,"href":"https:\/\/eltrabajo.cl\/portal\/wp-json\/wp\/v2\/tags?post=64537"}],"curies":[{"name":"wp","href":"https:\/\/api.w.org\/{rel}","templated":true}]}}