{"id":64542,"date":"2015-12-04T14:41:56","date_gmt":"2015-12-04T17:41:56","guid":{"rendered":"http:\/\/www.eltrabajo.cl\/portal\/?p=64542"},"modified":"2015-12-04T14:41:56","modified_gmt":"2015-12-04T17:41:56","slug":"feria-de-las-pulgas-se-instala-finalmente-en-bandejon-de-avenida-ohiggins-frente-a-supermercado","status":"publish","type":"post","link":"https:\/\/eltrabajo.cl\/portal\/feria-de-las-pulgas-se-instala-finalmente-en-bandejon-de-avenida-ohiggins-frente-a-supermercado\/","title":{"rendered":"Feria de las Pulgas se instala finalmente en bandej\u00f3n de Avenida O\u2019Higgins frente a supermercado"},"content":{"rendered":"<figure id=\"attachment_64543\" aria-describedby=\"caption-attachment-64543\" style=\"width: 300px\" class=\"wp-caption alignleft\"><a href=\"https:\/\/i0.wp.com\/www.eltrabajo.cl\/portal\/wp-content\/uploads\/2015\/12\/Adminisitrador-Municipal-Patricio-Gonzalez.jpg\"><img data-recalc-dims=\"1\" loading=\"lazy\" decoding=\"async\" class=\"wp-image-64543 size-medium\" src=\"https:\/\/i0.wp.com\/www.eltrabajo.cl\/portal\/wp-content\/uploads\/2015\/12\/Adminisitrador-Municipal-Patricio-Gonzalez-300x197.jpg?resize=300%2C197\" alt=\"Administrador municipal Patricio Gonz\u00e1lez.\" width=\"300\" height=\"197\" srcset=\"https:\/\/i0.wp.com\/eltrabajo.cl\/portal\/wp-content\/uploads\/2015\/12\/Adminisitrador-Municipal-Patricio-Gonzalez.jpg?resize=300%2C197&amp;ssl=1 300w, https:\/\/i0.wp.com\/eltrabajo.cl\/portal\/wp-content\/uploads\/2015\/12\/Adminisitrador-Municipal-Patricio-Gonzalez.jpg?resize=200%2C131&amp;ssl=1 200w, https:\/\/i0.wp.com\/eltrabajo.cl\/portal\/wp-content\/uploads\/2015\/12\/Adminisitrador-Municipal-Patricio-Gonzalez.jpg?resize=228%2C150&amp;ssl=1 228w, https:\/\/i0.wp.com\/eltrabajo.cl\/portal\/wp-content\/uploads\/2015\/12\/Adminisitrador-Municipal-Patricio-Gonzalez.jpg?resize=400%2C263&amp;ssl=1 400w, https:\/\/i0.wp.com\/eltrabajo.cl\/portal\/wp-content\/uploads\/2015\/12\/Adminisitrador-Municipal-Patricio-Gonzalez.jpg?w=530&amp;ssl=1 530w\" sizes=\"auto, (max-width: 300px) 100vw, 300px\" \/><\/a><figcaption id=\"caption-attachment-64543\" class=\"wp-caption-text\">Administrador municipal Patricio Gonz\u00e1lez.<\/figcaption><\/figure>\n<ul>\n<li><strong>El Administrador de la Municipalidad de San Felipe, Patricio Gonz\u00e1lez, asegur\u00f3 que el desborde del canal es un tema a resolver con los canalistas, que el aseo de \u00e9stos se ha efectuado como corresponde y que los desbordes se deben a la cantidad de agua liberada.<\/strong><\/li>\n<\/ul>\n<p>Finalmente los comerciantes de la Feria de las Pulgas navide\u00f1a y la Municipalidad de San Felipe acordaron que, de forma provisoria por el presente a\u00f1o y pese a los riesgos que implica un probable desborde del canal de regad\u00edo de la Alameda O\u2019Higgins, se ubicar\u00e1n frente al Centro Comercial, en la esquina con Yungay, tras desestimar la posibilidad que plante\u00f3 el municipio de ubicarlos en la cuadra ubicada entre las calles Toromazote y Portus.<br \/>\nCabe recordar que en la edici\u00f3n de ayer de Diario El Trabajo, el presidente de la agrupaci\u00f3n de comerciantes de la Feria de las Pulgas, Miguel Torres, apuntaba a la inseguridad que sent\u00edan sus colegas respecto del constante desborde que sufre el canal de regad\u00edo en la intersecci\u00f3n de O\u2019Higgins con Toromazote y que esto podr\u00eda significar la p\u00e9rdida de sus mercader\u00edas, por lo que, solicitaba al alcalde Patricio Freire la posibilidad de ser trasladados a otro terreno.<br \/>\nAnte esto el Administrador Municipal, Patricio Gonz\u00e1lez, ratific\u00f3 que junto a la directiva de la Feria de las Pulgas \u201cacordamos que ante cualquier situaci\u00f3n que pueda ocurrir, la responsabilidad va a correr por parte de ellos, porque a pesar de las providencias que hemos tomado, si llegase a suceder algo, ellos (los comerciantes) han acordado que se har\u00e1n responsables de los da\u00f1os que puedan sufrir, porque nosotros le planteamos la alternativa de ubicarse un brazo m\u00e1s abajo de la alameda, lo que significaba un 100 % de seguridad, pero as\u00ed y todo decidimos en conjunto la instalaci\u00f3n frente al Tottus\u201d, relat\u00f3.<br \/>\nAnte este escenario, Gonz\u00e1lez quiso aclarar que la situaci\u00f3n que se vive con ese canal no es responsabilidad del municipio, aludiendo que \u201chay un inconveniente ah\u00ed porque el canal se rebalsa cuando trae mucha agua, pero no es porque nosotros no tengamos hecha la limpieza hace un a\u00f1o que tenemos un equipo de personas encargada de la limpieza de los canales en nuestra ciudad, por lo tanto ese trabajo est\u00e1 hecho y hoy d\u00eda lo que hemos hecho es un atravieso y canalizaci\u00f3n, por si viene m\u00e1s agua de la que resiste el canal esta pueda ser trasladada\u201d, afirm\u00f3.<br \/>\nDe todas formas, el funcionario hizo hincapi\u00e9 en que intentar\u00e1n resolver ese conflicto argumentando que \u201cen horas de la tarde (ayer) nos reuniremos con los canalistas para solicitarles que sean cuidadosos con el escurrimiento de agua y no liberen m\u00e1s de la que los canales resisten, es un tema muy delicado, pero hay que solucionarlo\u201d, estipul\u00f3.<br \/>\nPara terminar, Gonz\u00e1lez ratific\u00f3 que \u00e9sta ser\u00e1 una ubicaci\u00f3n provisoria y que, al igual como se estableci\u00f3 con la feria del juguete habr\u00e1 que buscar otro lugar para el pr\u00f3ximo a\u00f1o. \u201cNuestras alamedas son de todos los sanfelipe\u00f1os y deben estar abiertas para todos, nosotros entendemos que las ferias son parte de un ingreso familiar que la gente considera a\u00f1o tras a\u00f1o, pero necesitamos solucionarlo y el mejoramiento de las alamedas va a continuar y ese bandej\u00f3n tambi\u00e9n lo haremos en alg\u00fan minuto y buscaremos un espacio para que las ferias se sigan instalando en San Felipe\u201d, enfatiz\u00f3.<\/p>\n","protected":false},"excerpt":{"rendered":"<p>El Administrador de la Municipalidad de San Felipe, Patricio Gonz\u00e1lez, asegur\u00f3 que el desborde del canal es un tema a resolver con los canalistas, que el aseo de \u00e9stos se ha efectuado&#8230;<\/p>\n","protected":false},"author":482,"featured_media":64543,"comment_status":"open","ping_status":"open","sticky":false,"template":"","format":"standard","meta":{"advanced_seo_description":"","jetpack_seo_html_title":"","jetpack_seo_noindex":false,"_jetpack_memberships_contains_paid_content":false,"footnotes":""},"categories":[1],"tags":[],"class_list":["post-64542","post","type-post","status-publish","format-standard","has-post-thumbnail","hentry","category-cronica"],"jetpack_featured_media_url":"https:\/\/i0.wp.com\/eltrabajo.cl\/portal\/wp-content\/uploads\/2015\/12\/Adminisitrador-Municipal-Patricio-Gonzalez.jpg?fit=530%2C348&ssl=1","jetpack_sharing_enabled":true,"jetpack_likes_enabled":true,"jetpack-related-posts":[],"_links":{"self":[{"href":"https:\/\/eltrabajo.cl\/portal\/wp-json\/wp\/v2\/posts\/64542","targetHints":{"allow":["GET"]}}],"collection":[{"href":"https:\/\/eltrabajo.cl\/portal\/wp-json\/wp\/v2\/posts"}],"about":[{"href":"https:\/\/eltrabajo.cl\/portal\/wp-json\/wp\/v2\/types\/post"}],"author":[{"embeddable":true,"href":"https:\/\/eltrabajo.cl\/portal\/wp-json\/wp\/v2\/users\/482"}],"replies":[{"embeddable":true,"href":"https:\/\/eltrabajo.cl\/portal\/wp-json\/wp\/v2\/comments?post=64542"}],"version-history":[{"count":0,"href":"https:\/\/eltrabajo.cl\/portal\/wp-json\/wp\/v2\/posts\/64542\/revisions"}],"wp:featuredmedia":[{"embeddable":true,"href":"https:\/\/eltrabajo.cl\/portal\/wp-json\/wp\/v2\/media\/64543"}],"wp:attachment":[{"href":"https:\/\/eltrabajo.cl\/portal\/wp-json\/wp\/v2\/media?parent=64542"}],"wp:term":[{"taxonomy":"category","embeddable":true,"href":"https:\/\/eltrabajo.cl\/portal\/wp-json\/wp\/v2\/categories?post=64542"},{"taxonomy":"post_tag","embeddable":true,"href":"https:\/\/eltrabajo.cl\/portal\/wp-json\/wp\/v2\/tags?post=64542"}],"curies":[{"name":"wp","href":"https:\/\/api.w.org\/{rel}","templated":true}]}}