{"id":64548,"date":"2015-12-04T14:48:33","date_gmt":"2015-12-04T17:48:33","guid":{"rendered":"http:\/\/www.eltrabajo.cl\/portal\/?p=64548"},"modified":"2015-12-04T14:48:33","modified_gmt":"2015-12-04T17:48:33","slug":"colision-de-vehiculos-deja-dos-heridos-en-el-centro-de-los-andes","status":"publish","type":"post","link":"https:\/\/eltrabajo.cl\/portal\/colision-de-vehiculos-deja-dos-heridos-en-el-centro-de-los-andes\/","title":{"rendered":"Colisi\u00f3n de veh\u00edculos deja dos heridos en el centro de Los Andes"},"content":{"rendered":"<figure id=\"attachment_64549\" aria-describedby=\"caption-attachment-64549\" style=\"width: 300px\" class=\"wp-caption alignleft\"><a href=\"https:\/\/i0.wp.com\/www.eltrabajo.cl\/portal\/wp-content\/uploads\/2015\/12\/andi2.jpg\"><img data-recalc-dims=\"1\" loading=\"lazy\" decoding=\"async\" class=\"wp-image-64549 size-medium\" src=\"https:\/\/i0.wp.com\/www.eltrabajo.cl\/portal\/wp-content\/uploads\/2015\/12\/andi2-300x197.jpg?resize=300%2C197\" alt=\"Testigos se\u00f1alan que el accidente se habr\u00eda producido porque la camioneta de Codelco no habr\u00eda respetado un disco Pare del lugar.\" width=\"300\" height=\"197\" srcset=\"https:\/\/i0.wp.com\/eltrabajo.cl\/portal\/wp-content\/uploads\/2015\/12\/andi2.jpg?resize=300%2C197&amp;ssl=1 300w, https:\/\/i0.wp.com\/eltrabajo.cl\/portal\/wp-content\/uploads\/2015\/12\/andi2.jpg?resize=200%2C131&amp;ssl=1 200w, https:\/\/i0.wp.com\/eltrabajo.cl\/portal\/wp-content\/uploads\/2015\/12\/andi2.jpg?resize=228%2C150&amp;ssl=1 228w, https:\/\/i0.wp.com\/eltrabajo.cl\/portal\/wp-content\/uploads\/2015\/12\/andi2.jpg?resize=400%2C263&amp;ssl=1 400w, https:\/\/i0.wp.com\/eltrabajo.cl\/portal\/wp-content\/uploads\/2015\/12\/andi2.jpg?w=530&amp;ssl=1 530w\" sizes=\"auto, (max-width: 300px) 100vw, 300px\" \/><\/a><figcaption id=\"caption-attachment-64549\" class=\"wp-caption-text\">Testigos se\u00f1alan que el accidente se habr\u00eda producido porque la camioneta de Codelco no habr\u00eda respetado un disco Pare del lugar.<\/figcaption><\/figure>\n<ul>\n<li><strong>Veh\u00edculo de la minera no habr\u00eda respetado un disco Pare y termin\u00f3 semi volcado.<\/strong><\/li>\n<\/ul>\n<p><strong>LOS ANDES<\/strong>.- Dos personas heridas, entre ellas una mujer embarazada, fue el saldo de una violenta colisi\u00f3n entre una camioneta de Codelco Andina y una Suv ocurrida la tarde de este jueves en la esquina de calles Las Heras con Yerbas Buenas.<br \/>\nDe acuerdo a la informaci\u00f3n preliminar, el accidente se produjo a las 18:25 horas, cuando la camioneta de la cupr\u00edfera estatal, matr\u00edcula HD XJ 79, que se desplazaba por calle Las Heras hacia el poniente, al llegar a Yerbas Buenas no habr\u00eda respetado el disco pare siendo colisionado por la SUV Ford Ecosport, patente YX 83-01 que iba por esta \u00faltima arteria en direcci\u00f3n al sur.<\/p>\n<figure id=\"attachment_64550\" aria-describedby=\"caption-attachment-64550\" style=\"width: 300px\" class=\"wp-caption alignright\"><a href=\"https:\/\/i0.wp.com\/www.eltrabajo.cl\/portal\/wp-content\/uploads\/2015\/12\/andi6.jpg\"><img data-recalc-dims=\"1\" loading=\"lazy\" decoding=\"async\" class=\"wp-image-64550 size-medium\" src=\"https:\/\/i0.wp.com\/www.eltrabajo.cl\/portal\/wp-content\/uploads\/2015\/12\/andi6-300x198.jpg?resize=300%2C198\" alt=\"Al lugar, llegaron dos unidades del Cuerpo de Bomberos, y el Samu para socorrer a los lesionados. \" width=\"300\" height=\"198\" srcset=\"https:\/\/i0.wp.com\/eltrabajo.cl\/portal\/wp-content\/uploads\/2015\/12\/andi6.jpg?resize=300%2C198&amp;ssl=1 300w, https:\/\/i0.wp.com\/eltrabajo.cl\/portal\/wp-content\/uploads\/2015\/12\/andi6.jpg?resize=200%2C132&amp;ssl=1 200w, https:\/\/i0.wp.com\/eltrabajo.cl\/portal\/wp-content\/uploads\/2015\/12\/andi6.jpg?resize=228%2C150&amp;ssl=1 228w, https:\/\/i0.wp.com\/eltrabajo.cl\/portal\/wp-content\/uploads\/2015\/12\/andi6.jpg?resize=400%2C263&amp;ssl=1 400w, https:\/\/i0.wp.com\/eltrabajo.cl\/portal\/wp-content\/uploads\/2015\/12\/andi6.jpg?w=530&amp;ssl=1 530w\" sizes=\"auto, (max-width: 300px) 100vw, 300px\" \/><\/a><figcaption id=\"caption-attachment-64550\" class=\"wp-caption-text\">Al lugar, llegaron dos unidades del Cuerpo de Bomberos, y el Samu para socorrer a los lesionados.<\/figcaption><\/figure>\n<p>Producto del violento impacto la camioneta minera fue lanzada hacia la acera sur de calle Las Heras, quedando semi volcada apoyada en el muro de una casa.<br \/>\nUna mujer embarazada que transitaba por el lugar result\u00f3 lesionada leve, as\u00ed como tambi\u00e9n la conductora de uno de los m\u00f3viles.<br \/>\nAl lugar debieron concurrir dos unidades del Cuerpo de Bomberos de Los Andes, as\u00ed como tambi\u00e9n ambulancias de Samu para brindar los primeros auxilios a los lesionados.<br \/>\nPersonal de Carabineros adopt\u00f3 el procedimiento de rigor para determinar las responsabilidades de los conductores, aun cuando testigos se\u00f1alaron a nuestro medio que la camioneta se pas\u00f3 el disco Pare.<\/p>\n","protected":false},"excerpt":{"rendered":"<p>Veh\u00edculo de la minera no habr\u00eda respetado un disco Pare y termin\u00f3 semi volcado. LOS ANDES.- Dos personas heridas, entre ellas una mujer embarazada, fue el saldo de una violenta colisi\u00f3n entre&#8230;<\/p>\n","protected":false},"author":482,"featured_media":64549,"comment_status":"open","ping_status":"open","sticky":false,"template":"","format":"standard","meta":{"advanced_seo_description":"","jetpack_seo_html_title":"","jetpack_seo_noindex":false,"_jetpack_memberships_contains_paid_content":false,"footnotes":""},"categories":[21],"tags":[],"class_list":["post-64548","post","type-post","status-publish","format-standard","has-post-thumbnail","hentry","category-policial"],"jetpack_featured_media_url":"https:\/\/i0.wp.com\/eltrabajo.cl\/portal\/wp-content\/uploads\/2015\/12\/andi2.jpg?fit=530%2C348&ssl=1","jetpack_sharing_enabled":true,"jetpack_likes_enabled":true,"jetpack-related-posts":[],"_links":{"self":[{"href":"https:\/\/eltrabajo.cl\/portal\/wp-json\/wp\/v2\/posts\/64548","targetHints":{"allow":["GET"]}}],"collection":[{"href":"https:\/\/eltrabajo.cl\/portal\/wp-json\/wp\/v2\/posts"}],"about":[{"href":"https:\/\/eltrabajo.cl\/portal\/wp-json\/wp\/v2\/types\/post"}],"author":[{"embeddable":true,"href":"https:\/\/eltrabajo.cl\/portal\/wp-json\/wp\/v2\/users\/482"}],"replies":[{"embeddable":true,"href":"https:\/\/eltrabajo.cl\/portal\/wp-json\/wp\/v2\/comments?post=64548"}],"version-history":[{"count":0,"href":"https:\/\/eltrabajo.cl\/portal\/wp-json\/wp\/v2\/posts\/64548\/revisions"}],"wp:featuredmedia":[{"embeddable":true,"href":"https:\/\/eltrabajo.cl\/portal\/wp-json\/wp\/v2\/media\/64549"}],"wp:attachment":[{"href":"https:\/\/eltrabajo.cl\/portal\/wp-json\/wp\/v2\/media?parent=64548"}],"wp:term":[{"taxonomy":"category","embeddable":true,"href":"https:\/\/eltrabajo.cl\/portal\/wp-json\/wp\/v2\/categories?post=64548"},{"taxonomy":"post_tag","embeddable":true,"href":"https:\/\/eltrabajo.cl\/portal\/wp-json\/wp\/v2\/tags?post=64548"}],"curies":[{"name":"wp","href":"https:\/\/api.w.org\/{rel}","templated":true}]}}