{"id":64552,"date":"2015-12-04T14:52:47","date_gmt":"2015-12-04T17:52:47","guid":{"rendered":"http:\/\/www.eltrabajo.cl\/portal\/?p=64552"},"modified":"2015-12-04T14:52:47","modified_gmt":"2015-12-04T17:52:47","slug":"microsoft-latinoamerica-firma-alianza-estrategica-con-municipalidad-de-san-felipe","status":"publish","type":"post","link":"https:\/\/eltrabajo.cl\/portal\/microsoft-latinoamerica-firma-alianza-estrategica-con-municipalidad-de-san-felipe\/","title":{"rendered":"Microsoft Latinoam\u00e9rica firma alianza estrat\u00e9gica con Municipalidad de San Felipe"},"content":{"rendered":"<figure id=\"attachment_64553\" aria-describedby=\"caption-attachment-64553\" style=\"width: 300px\" class=\"wp-caption alignleft\"><a href=\"https:\/\/i0.wp.com\/www.eltrabajo.cl\/portal\/wp-content\/uploads\/2015\/12\/FOTO-3-El-aclade-Freire-procede-a-firmar-.jpg\"><img data-recalc-dims=\"1\" loading=\"lazy\" decoding=\"async\" class=\"wp-image-64553 size-medium\" src=\"https:\/\/i0.wp.com\/www.eltrabajo.cl\/portal\/wp-content\/uploads\/2015\/12\/FOTO-3-El-aclade-Freire-procede-a-firmar--300x198.jpg?resize=300%2C198\" alt=\"Alcalde Freire procede a firmar Alianza Estrat\u00e9gica con la destacada Empresa Microsoft S.A.\" width=\"300\" height=\"198\" srcset=\"https:\/\/i0.wp.com\/eltrabajo.cl\/portal\/wp-content\/uploads\/2015\/12\/FOTO-3-El-aclade-Freire-procede-a-firmar-.jpg?resize=300%2C198&amp;ssl=1 300w, https:\/\/i0.wp.com\/eltrabajo.cl\/portal\/wp-content\/uploads\/2015\/12\/FOTO-3-El-aclade-Freire-procede-a-firmar-.jpg?resize=200%2C132&amp;ssl=1 200w, https:\/\/i0.wp.com\/eltrabajo.cl\/portal\/wp-content\/uploads\/2015\/12\/FOTO-3-El-aclade-Freire-procede-a-firmar-.jpg?resize=227%2C150&amp;ssl=1 227w, https:\/\/i0.wp.com\/eltrabajo.cl\/portal\/wp-content\/uploads\/2015\/12\/FOTO-3-El-aclade-Freire-procede-a-firmar-.jpg?resize=400%2C264&amp;ssl=1 400w, https:\/\/i0.wp.com\/eltrabajo.cl\/portal\/wp-content\/uploads\/2015\/12\/FOTO-3-El-aclade-Freire-procede-a-firmar-.jpg?w=530&amp;ssl=1 530w\" sizes=\"auto, (max-width: 300px) 100vw, 300px\" \/><\/a><figcaption id=\"caption-attachment-64553\" class=\"wp-caption-text\">Alcalde Freire procede a firmar Alianza Estrat\u00e9gica con la destacada Empresa Microsoft S.A.<\/figcaption><\/figure>\n<ul>\n<li><strong>Alcalde Patricio Freire afirm\u00f3 que este convenio implicar\u00e1 un gran aporte en innovaci\u00f3n y emprendimiento, adem\u00e1s de facilitar la inclusi\u00f3n laboral de los j\u00f3venes sanfelipe\u00f1os.<\/strong><\/li>\n<\/ul>\n<p>Apuntando a la optimizaci\u00f3n de los recursos tecnol\u00f3gicos para la comunidad y especialmente para la educaci\u00f3n, es que ayer la Municipalidad de San Felipe firm\u00f3 una alianza estrat\u00e9gica con Microsoft S.A., a trav\u00e9s de la cual, la firma internacional proporcionar\u00e1 de forma gratuita distintos softwares que apoyar\u00e1n y complementar\u00e1n el aprendizaje de los escolares sanfelipe\u00f1os.<br \/>\nEntre otras cosas, el acuerdo permitir\u00e1 que el municipio se pueda mantener a la vanguardia tecnol\u00f3gica en cada una de las \u00e1reas de trabajo de la administraci\u00f3n. As\u00ed al menos lo manifest\u00f3 el alcalde Patricio Freire Canto quien destac\u00f3 que \u201cestamos muy contentos de esta alianza estrat\u00e9gica que estamos llevando a cabo con Microsoft, dentro de este plan de modernizaci\u00f3n de todos los departamentos del municipio. Esto favorece a toda la comunidad, el emprendimiento, las nuevas tecnolog\u00edas que se van aplicar en relaci\u00f3n con este convenio\u201d, afirm\u00f3<br \/>\nEn relaci\u00f3n a los beneficios que considera este acuerdo, Freire asegur\u00f3 que \u201cse va a dar estudio y conocimiento en el \u00e1mbito de la modernidad. El municipio de San Felipe no puede quedarse atr\u00e1s y hoy eso nos lleva a firmar este acuerdo con esta gran empresa en el marco de la modernidad y el desarrollo\u201d, adujo.<br \/>\nPor su parte, Alberto Bustamante, Director de Educaci\u00f3n para Microsoft Latinoam\u00e9rica, se mostr\u00f3 muy entusiasmado en colaborar con el desarrollo tecnol\u00f3gico de la comuna y ayudar a reforzar algunos procesos educativos, sosteniendo que \u201ccreemos de manera muy fuerte que la educaci\u00f3n es el mayor motor para el desarrollo econ\u00f3mico y social de los pa\u00edses y los individuos y, por consiguiente, el trabajo que comenzamos a hacer es fortalecer la calidad de la educaci\u00f3n y el desarrollo de competencias que lleven a que los estudiantes sean m\u00e1s capaces de insertarse en el mercado laboral\u201d, enfatiz\u00f3<br \/>\nRespecto de qu\u00e9 resultados se pueden obtener con la inclusi\u00f3n de estos programas, Bustamante agreg\u00f3 que \u201ctambi\u00e9n pueden generarse competencias de emprendimiento y que ma\u00f1ana los escolares puedan desarrollar empresas y con esto crear nuevos puestos de empleo, todas esas posibilidades nos entusiasman much\u00edsimo\u201d, recalc\u00f3.<br \/>\nReferente a la forma de materializaci\u00f3n de este acuerdo y c\u00f3mo se llevar\u00e1 a terreno, el alto funcionario de Microsoft describi\u00f3 que \u201cesta alianza implica que nuestra firma pone a disposici\u00f3n del municipio una serie de herramientas que por sus caracter\u00edsticas facilitan el proceso educativo y el desarrollo de competencias. En espec\u00edfico, herramientas de programaci\u00f3n\u201d, detall\u00f3.<br \/>\nEn ese punto, Bustamante a\u00f1adi\u00f3 que \u201ccuando uno piensa en el \u00e1mbito de la programaci\u00f3n, inmediatamente imagina el mundo universitario, sin embargo hemos aprendido que mientras m\u00e1s temprano generemos capacidades de programaci\u00f3n, generamos competencias de pensamiento cr\u00edtico, resoluci\u00f3n de problemas, pensamiento abstracto, que van a tener un impacto directo en matem\u00e1ticas y ciencias, pero adicionalmente va a fomentar que los estudiantes deseen continuar carreras en esta \u00edndole y que son del tipo que posteriormente genera empleos\u201d, sentenci\u00f3.<br \/>\nEn relaci\u00f3n con el rol que cumplen los profesores dentro de estos avances tecnol\u00f3gicos que se introducen en el proceso educativo, el profesional apunt\u00f3 que todo este proceso va acompa\u00f1ado de capacitaciones para los alumnos y los docentes porque estos \u00faltimos son elementos sumamente importantes que generan din\u00e1mica y son los agentes de cambio en el proceso de transformaci\u00f3n de la educaci\u00f3n.<br \/>\nFinalmente Bustamante aclar\u00f3 que la vigencia de esta Alianza Estrat\u00e9gica no tiene un tiempo determinado de duraci\u00f3n y respecto del costo de su implementaci\u00f3n, asegur\u00f3 que es completamente gratuito pues est\u00e1 relacionado con el alto compromiso de la Compa\u00f1\u00eda con la calidad de la educaci\u00f3n en los pa\u00edses en que est\u00e1n insertos.<\/p>\n<div class=\"tiled-gallery type-rectangular tiled-gallery-unresized\" data-original-width=\"640\" data-carousel-extra='null' itemscope itemtype=\"http:\/\/schema.org\/ImageGallery\" > <div class=\"gallery-row\" style=\"width: 640px; height: 211px;\" data-original-width=\"640\" data-original-height=\"211\" > <div class=\"gallery-group images-1\" style=\"width: 320px; height: 211px;\" data-original-width=\"320\" data-original-height=\"211\" > <div class=\"tiled-gallery-item tiled-gallery-item-large\" itemprop=\"associatedMedia\" itemscope itemtype=\"http:\/\/schema.org\/ImageObject\"> <a href=\"https:\/\/eltrabajo.cl\/portal\/microsoft-latinoamerica-firma-alianza-estrategica-con-municipalidad-de-san-felipe\/foto-1-alcalde-de-san-felipe-patricio-freire-canto\/\" border=\"0\" itemprop=\"url\"> <meta itemprop=\"width\" content=\"316\"> <meta itemprop=\"height\" content=\"207\"> <img decoding=\"async\" class=\"\" data-attachment-id=\"64554\" data-orig-file=\"https:\/\/eltrabajo.cl\/portal\/wp-content\/uploads\/2015\/12\/FOTO-1-Alcalde-de-San-Felipe-Patricio-Freire-Canto.jpg\" data-orig-size=\"530,348\" data-comments-opened=\"1\" data-image-meta=\"{&quot;aperture&quot;:&quot;0&quot;,&quot;credit&quot;:&quot;&quot;,&quot;camera&quot;:&quot;&quot;,&quot;caption&quot;:&quot;&quot;,&quot;created_timestamp&quot;:&quot;0&quot;,&quot;copyright&quot;:&quot;Copyright 2012&quot;,&quot;focal_length&quot;:&quot;0&quot;,&quot;iso&quot;:&quot;0&quot;,&quot;shutter_speed&quot;:&quot;0&quot;,&quot;title&quot;:&quot;&quot;,&quot;orientation&quot;:&quot;0&quot;}\" data-image-title=\"FOTO 1 Alcalde de San Felipe Patricio Freire Canto\" data-image-description=\"&lt;p&gt;Alcalde de San Felipe Patricio Freire Canto.&lt;\/p&gt; \" data-medium-file=\"https:\/\/i0.wp.com\/eltrabajo.cl\/portal\/wp-content\/uploads\/2015\/12\/FOTO-1-Alcalde-de-San-Felipe-Patricio-Freire-Canto.jpg?fit=300%2C197&#038;ssl=1\" data-large-file=\"https:\/\/i0.wp.com\/eltrabajo.cl\/portal\/wp-content\/uploads\/2015\/12\/FOTO-1-Alcalde-de-San-Felipe-Patricio-Freire-Canto.jpg?fit=530%2C348&#038;ssl=1\" src=\"https:\/\/i0.wp.com\/eltrabajo.cl\/portal\/wp-content\/uploads\/2015\/12\/FOTO-1-Alcalde-de-San-Felipe-Patricio-Freire-Canto.jpg?w=316&#038;h=207&#038;ssl=1\" srcset=\"https:\/\/i0.wp.com\/eltrabajo.cl\/portal\/wp-content\/uploads\/2015\/12\/FOTO-1-Alcalde-de-San-Felipe-Patricio-Freire-Canto.jpg?w=530&amp;ssl=1 530w, https:\/\/i0.wp.com\/eltrabajo.cl\/portal\/wp-content\/uploads\/2015\/12\/FOTO-1-Alcalde-de-San-Felipe-Patricio-Freire-Canto.jpg?resize=200%2C131&amp;ssl=1 200w, https:\/\/i0.wp.com\/eltrabajo.cl\/portal\/wp-content\/uploads\/2015\/12\/FOTO-1-Alcalde-de-San-Felipe-Patricio-Freire-Canto.jpg?resize=300%2C197&amp;ssl=1 300w, https:\/\/i0.wp.com\/eltrabajo.cl\/portal\/wp-content\/uploads\/2015\/12\/FOTO-1-Alcalde-de-San-Felipe-Patricio-Freire-Canto.jpg?resize=228%2C150&amp;ssl=1 228w, https:\/\/i0.wp.com\/eltrabajo.cl\/portal\/wp-content\/uploads\/2015\/12\/FOTO-1-Alcalde-de-San-Felipe-Patricio-Freire-Canto.jpg?resize=400%2C263&amp;ssl=1 400w\" width=\"316\" height=\"207\" loading=\"lazy\" data-original-width=\"316\" data-original-height=\"207\" itemprop=\"http:\/\/schema.org\/image\" title=\"FOTO 1 Alcalde de San Felipe Patricio Freire Canto\" alt=\"Alcalde de San Felipe Patricio Freire Canto.\" style=\"width: 316px; height: 207px;\" \/> <\/a> <div class=\"tiled-gallery-caption\" itemprop=\"caption description\"> Alcalde de San Felipe Patricio Freire Canto. <\/div> <\/div> <\/div> <!-- close group --> <div class=\"gallery-group images-1\" style=\"width: 320px; height: 211px;\" data-original-width=\"320\" data-original-height=\"211\" > <div class=\"tiled-gallery-item tiled-gallery-item-large\" itemprop=\"associatedMedia\" itemscope itemtype=\"http:\/\/schema.org\/ImageObject\"> <a href=\"https:\/\/eltrabajo.cl\/portal\/microsoft-latinoamerica-firma-alianza-estrategica-con-municipalidad-de-san-felipe\/foto-2-alberto-bustamante-director-de-educacion-microsoft-latinoamerica\/\" border=\"0\" itemprop=\"url\"> <meta itemprop=\"width\" content=\"316\"> <meta itemprop=\"height\" content=\"207\"> <img decoding=\"async\" class=\"\" data-attachment-id=\"64555\" data-orig-file=\"https:\/\/eltrabajo.cl\/portal\/wp-content\/uploads\/2015\/12\/FOTO-2-Alberto-Bustamante-Director-de-Educacion-Microsoft-Latinoamerica.jpg\" data-orig-size=\"530,348\" data-comments-opened=\"1\" data-image-meta=\"{&quot;aperture&quot;:&quot;0&quot;,&quot;credit&quot;:&quot;&quot;,&quot;camera&quot;:&quot;&quot;,&quot;caption&quot;:&quot;&quot;,&quot;created_timestamp&quot;:&quot;0&quot;,&quot;copyright&quot;:&quot;Copyright 2012&quot;,&quot;focal_length&quot;:&quot;0&quot;,&quot;iso&quot;:&quot;0&quot;,&quot;shutter_speed&quot;:&quot;0&quot;,&quot;title&quot;:&quot;&quot;,&quot;orientation&quot;:&quot;0&quot;}\" data-image-title=\"FOTO 2 Alberto Bustamante Director de Educacion Microsoft Latinoamerica\" data-image-description=\"&lt;p&gt;Alberto Bustamante Director de Educaci\u00f3n Microsoft Latinoam\u00e9rica.&lt;\/p&gt; \" data-medium-file=\"https:\/\/i0.wp.com\/eltrabajo.cl\/portal\/wp-content\/uploads\/2015\/12\/FOTO-2-Alberto-Bustamante-Director-de-Educacion-Microsoft-Latinoamerica.jpg?fit=300%2C197&#038;ssl=1\" data-large-file=\"https:\/\/i0.wp.com\/eltrabajo.cl\/portal\/wp-content\/uploads\/2015\/12\/FOTO-2-Alberto-Bustamante-Director-de-Educacion-Microsoft-Latinoamerica.jpg?fit=530%2C348&#038;ssl=1\" src=\"https:\/\/i0.wp.com\/eltrabajo.cl\/portal\/wp-content\/uploads\/2015\/12\/FOTO-2-Alberto-Bustamante-Director-de-Educacion-Microsoft-Latinoamerica.jpg?w=316&#038;h=207&#038;ssl=1\" srcset=\"https:\/\/i0.wp.com\/eltrabajo.cl\/portal\/wp-content\/uploads\/2015\/12\/FOTO-2-Alberto-Bustamante-Director-de-Educacion-Microsoft-Latinoamerica.jpg?w=530&amp;ssl=1 530w, https:\/\/i0.wp.com\/eltrabajo.cl\/portal\/wp-content\/uploads\/2015\/12\/FOTO-2-Alberto-Bustamante-Director-de-Educacion-Microsoft-Latinoamerica.jpg?resize=200%2C131&amp;ssl=1 200w, https:\/\/i0.wp.com\/eltrabajo.cl\/portal\/wp-content\/uploads\/2015\/12\/FOTO-2-Alberto-Bustamante-Director-de-Educacion-Microsoft-Latinoamerica.jpg?resize=300%2C197&amp;ssl=1 300w, https:\/\/i0.wp.com\/eltrabajo.cl\/portal\/wp-content\/uploads\/2015\/12\/FOTO-2-Alberto-Bustamante-Director-de-Educacion-Microsoft-Latinoamerica.jpg?resize=228%2C150&amp;ssl=1 228w, https:\/\/i0.wp.com\/eltrabajo.cl\/portal\/wp-content\/uploads\/2015\/12\/FOTO-2-Alberto-Bustamante-Director-de-Educacion-Microsoft-Latinoamerica.jpg?resize=400%2C263&amp;ssl=1 400w\" width=\"316\" height=\"207\" loading=\"lazy\" data-original-width=\"316\" data-original-height=\"207\" itemprop=\"http:\/\/schema.org\/image\" title=\"FOTO 2 Alberto Bustamante Director de Educacion Microsoft Latinoamerica\" alt=\"Alberto Bustamante Director de Educaci\u00f3n Microsoft Latinoam\u00e9rica.\" style=\"width: 316px; height: 207px;\" \/> <\/a> <div class=\"tiled-gallery-caption\" itemprop=\"caption description\"> Alberto Bustamante Director de Educaci\u00f3n Microsoft Latinoam\u00e9rica. <\/div> <\/div> <\/div> <!-- close group --> <\/div> <!-- close row --> <\/div>\n","protected":false},"excerpt":{"rendered":"<p>Alcalde Patricio Freire afirm\u00f3 que este convenio implicar\u00e1 un gran aporte en innovaci\u00f3n y emprendimiento, adem\u00e1s de facilitar la inclusi\u00f3n laboral de los j\u00f3venes sanfelipe\u00f1os. Apuntando a la optimizaci\u00f3n de los recursos&#8230;<\/p>\n","protected":false},"author":482,"featured_media":64553,"comment_status":"open","ping_status":"open","sticky":false,"template":"","format":"standard","meta":{"advanced_seo_description":"","jetpack_seo_html_title":"","jetpack_seo_noindex":false,"_jetpack_memberships_contains_paid_content":false,"footnotes":""},"categories":[15],"tags":[],"class_list":["post-64552","post","type-post","status-publish","format-standard","has-post-thumbnail","hentry","category-comunidad"],"jetpack_featured_media_url":"https:\/\/i0.wp.com\/eltrabajo.cl\/portal\/wp-content\/uploads\/2015\/12\/FOTO-3-El-aclade-Freire-procede-a-firmar-.jpg?fit=530%2C350&ssl=1","jetpack_sharing_enabled":true,"jetpack_likes_enabled":true,"jetpack-related-posts":[],"_links":{"self":[{"href":"https:\/\/eltrabajo.cl\/portal\/wp-json\/wp\/v2\/posts\/64552","targetHints":{"allow":["GET"]}}],"collection":[{"href":"https:\/\/eltrabajo.cl\/portal\/wp-json\/wp\/v2\/posts"}],"about":[{"href":"https:\/\/eltrabajo.cl\/portal\/wp-json\/wp\/v2\/types\/post"}],"author":[{"embeddable":true,"href":"https:\/\/eltrabajo.cl\/portal\/wp-json\/wp\/v2\/users\/482"}],"replies":[{"embeddable":true,"href":"https:\/\/eltrabajo.cl\/portal\/wp-json\/wp\/v2\/comments?post=64552"}],"version-history":[{"count":0,"href":"https:\/\/eltrabajo.cl\/portal\/wp-json\/wp\/v2\/posts\/64552\/revisions"}],"wp:featuredmedia":[{"embeddable":true,"href":"https:\/\/eltrabajo.cl\/portal\/wp-json\/wp\/v2\/media\/64553"}],"wp:attachment":[{"href":"https:\/\/eltrabajo.cl\/portal\/wp-json\/wp\/v2\/media?parent=64552"}],"wp:term":[{"taxonomy":"category","embeddable":true,"href":"https:\/\/eltrabajo.cl\/portal\/wp-json\/wp\/v2\/categories?post=64552"},{"taxonomy":"post_tag","embeddable":true,"href":"https:\/\/eltrabajo.cl\/portal\/wp-json\/wp\/v2\/tags?post=64552"}],"curies":[{"name":"wp","href":"https:\/\/api.w.org\/{rel}","templated":true}]}}