{"id":64557,"date":"2015-12-04T14:55:25","date_gmt":"2015-12-04T17:55:25","guid":{"rendered":"http:\/\/www.eltrabajo.cl\/portal\/?p=64557"},"modified":"2015-12-04T14:55:25","modified_gmt":"2015-12-04T17:55:25","slug":"fiscalia-persigue-condena-de-10-anos-de-carcel-para-el-rata-messi","status":"publish","type":"post","link":"https:\/\/eltrabajo.cl\/portal\/fiscalia-persigue-condena-de-10-anos-de-carcel-para-el-rata-messi\/","title":{"rendered":"Fiscal\u00eda persigue condena de 10 a\u00f1os de c\u00e1rcel para el \u2018Rata Messi\u2019"},"content":{"rendered":"<figure id=\"attachment_64558\" aria-describedby=\"caption-attachment-64558\" style=\"width: 300px\" class=\"wp-caption alignleft\"><a href=\"https:\/\/i0.wp.com\/www.eltrabajo.cl\/portal\/wp-content\/uploads\/2015\/12\/Camilo-Martinez-Rata-Messi.jpg\"><img data-recalc-dims=\"1\" loading=\"lazy\" decoding=\"async\" class=\"wp-image-64558 size-medium\" src=\"https:\/\/i0.wp.com\/www.eltrabajo.cl\/portal\/wp-content\/uploads\/2015\/12\/Camilo-Martinez-Rata-Messi-300x198.jpg?resize=300%2C198\" alt=\"Camilo Mart\u00ednez Fern\u00e1ndez apodado el \u2018Rata Messi\u2019, acusado de homicidio simple cometido el 26 de julio del 2014 en la comuna de Llay Llay.\" width=\"300\" height=\"198\" srcset=\"https:\/\/i0.wp.com\/eltrabajo.cl\/portal\/wp-content\/uploads\/2015\/12\/Camilo-Martinez-Rata-Messi.jpg?resize=300%2C198&amp;ssl=1 300w, https:\/\/i0.wp.com\/eltrabajo.cl\/portal\/wp-content\/uploads\/2015\/12\/Camilo-Martinez-Rata-Messi.jpg?resize=200%2C132&amp;ssl=1 200w, https:\/\/i0.wp.com\/eltrabajo.cl\/portal\/wp-content\/uploads\/2015\/12\/Camilo-Martinez-Rata-Messi.jpg?resize=228%2C150&amp;ssl=1 228w, https:\/\/i0.wp.com\/eltrabajo.cl\/portal\/wp-content\/uploads\/2015\/12\/Camilo-Martinez-Rata-Messi.jpg?resize=400%2C263&amp;ssl=1 400w, https:\/\/i0.wp.com\/eltrabajo.cl\/portal\/wp-content\/uploads\/2015\/12\/Camilo-Martinez-Rata-Messi.jpg?w=530&amp;ssl=1 530w\" sizes=\"auto, (max-width: 300px) 100vw, 300px\" \/><\/a><figcaption id=\"caption-attachment-64558\" class=\"wp-caption-text\">Camilo Mart\u00ednez Fern\u00e1ndez apodado el \u2018Rata Messi\u2019, acusado de homicidio simple cometido el 26 de julio del 2014 en la comuna de Llay Llay.<\/figcaption><\/figure>\n<ul>\n<li><strong>Camilo Mart\u00ednez Fern\u00e1ndez, es el \u00fanico imputado sometido a juicio oral desde ayer por el homicidio del joven padre y rugbista Danilo Olivares Zamora, asesinado de una certera estocada en el t\u00f3rax el 26 de julio de 2014 en la comuna de Llay Llay.<\/strong><\/li>\n<\/ul>\n<p>Desde la ma\u00f1ana de ayer jueves se dio curso al juicio oral que pretende esclarecer el homicidio de Danilo Olivares Zamora, un joven padre deportista que perdi\u00f3 la vida tras haber sido acuchillado por el actual imputado de este crimen, Camilo Mart\u00ednez Fern\u00e1ndez apodado \u2018El Rata Messi\u2019 en la comuna de Llay Llay.<br \/>\nPor este asesinato, la Fiscal\u00eda persigue en juicio oral una condena que alcance los 10 a\u00f1os de presidio para el acusado. Las pruebas periciales y los relatos de testigos comenzaron a rendirse ante el Tribunal Oral en Lo Penal de San Felipe, los que buscan demostrar la autor\u00eda del homicidio.<\/p>\n<figure id=\"attachment_64559\" aria-describedby=\"caption-attachment-64559\" style=\"width: 300px\" class=\"wp-caption alignright\"><a href=\"https:\/\/i0.wp.com\/www.eltrabajo.cl\/portal\/wp-content\/uploads\/2015\/12\/Danilo-Olivares.jpg\"><img data-recalc-dims=\"1\" loading=\"lazy\" decoding=\"async\" class=\"wp-image-64559 size-medium\" src=\"https:\/\/i0.wp.com\/www.eltrabajo.cl\/portal\/wp-content\/uploads\/2015\/12\/Danilo-Olivares-300x198.jpg?resize=300%2C198\" alt=\"Danilo Olivares Zamora, deportista de 36 a\u00f1os de edad, falleci\u00f3 v\u00edctima de una certera estocada en el t\u00f3rax.\" width=\"300\" height=\"198\" srcset=\"https:\/\/i0.wp.com\/eltrabajo.cl\/portal\/wp-content\/uploads\/2015\/12\/Danilo-Olivares.jpg?resize=300%2C198&amp;ssl=1 300w, https:\/\/i0.wp.com\/eltrabajo.cl\/portal\/wp-content\/uploads\/2015\/12\/Danilo-Olivares.jpg?resize=200%2C132&amp;ssl=1 200w, https:\/\/i0.wp.com\/eltrabajo.cl\/portal\/wp-content\/uploads\/2015\/12\/Danilo-Olivares.jpg?resize=227%2C150&amp;ssl=1 227w, https:\/\/i0.wp.com\/eltrabajo.cl\/portal\/wp-content\/uploads\/2015\/12\/Danilo-Olivares.jpg?resize=400%2C264&amp;ssl=1 400w, https:\/\/i0.wp.com\/eltrabajo.cl\/portal\/wp-content\/uploads\/2015\/12\/Danilo-Olivares.jpg?w=530&amp;ssl=1 530w\" sizes=\"auto, (max-width: 300px) 100vw, 300px\" \/><\/a><figcaption id=\"caption-attachment-64559\" class=\"wp-caption-text\">Danilo Olivares Zamora, deportista de 36 a\u00f1os de edad, falleci\u00f3 v\u00edctima de una certera estocada en el t\u00f3rax.<\/figcaption><\/figure>\n<p><strong>A SANGRE FRIA<\/strong><br \/>\nEl crimen sucedi\u00f3 a eso de las 05:00 horas de la madrugada el 26 de julio del a\u00f1o 2014, en la intersecci\u00f3n de avenida Balmaceda con Ignacio Carrera Pinto de la comuna de Llay Llay. En circunstancias que la v\u00edctima, Danilo Olivares se encontraba junto a un amigo en paradero de locomoci\u00f3n colectiva a la espera de un taxi para dirigirse hasta su domicilio, luego de haber estado en un local nocturno.<br \/>\nSeg\u00fan testigos, en dicho lugar fueron abordados por el acusado Mart\u00ednez Fern\u00e1ndez, quien se desplazaba junto a otro sujeto, los que previamente habr\u00edan estado bebiendo alcohol a un costado de la ex estaci\u00f3n de trenes.<br \/>\nEstas cuatro personas habr\u00edan intercambiado algunas palabras que fueron dando pie a una ri\u00f1a, derivando en un enfrentamiento a golpes de pies y pu\u00f1os, desconoci\u00e9ndose la causa de origen.<\/p>\n<p><strong>CERTERA ESTOCADA<\/strong><br \/>\nLa investigaci\u00f3n apunta a que \u2018El Rata Messi\u2019 extrajo de entre sus vestimentas una cuchilla tipo mariposa, la que clav\u00f3 en el t\u00f3rax de Danilo a la altura del coraz\u00f3n con un movimiento hacia arriba del tipo criminal, provocando que la v\u00edctima se desplomara sobre el suelo perdiendo la vida a los pocos minutos.<br \/>\nEl testigo que acompa\u00f1aba al joven asesinado, sufri\u00f3 algunos cortes en su cara debido a que su atacante, que acompa\u00f1aba al presunto asesino, habr\u00eda utilizado unas latas de cervezas recortadas para herirlo, quedando previamente inconsciente por unos minutos luego de recibir violentos golpes de pu\u00f1o sobre su cabeza. Este importante testigo revel\u00f3 a la polic\u00eda que al recobrar la conciencia hall\u00f3 a su amigo Danilo agonizando en el suelo, con una herida en el pecho y cubierto de sangre.<br \/>\nUn testigo ocular del homicidio asegur\u00f3 que el autor de la certera estocada en el pecho del deportista, fue el antisocial conocido como \u2018Rata Messi\u2019, quien tras cometer el homicidio escap\u00f3 hasta su domicilio. Para asistir a la v\u00edctima, se requiri\u00f3 la presencia del Samu, sin embargo, el deceso fue confirmado en el lugar.<\/p>\n<p><strong>CAPTURAN AL RATA MESSI<\/strong><br \/>\nCarabineros de la Subcomisar\u00eda de Llay Llay, inici\u00f3 las primeras diligencias concurriendo hasta el domicilio del acusado, quien tras ser capturado, manten\u00eda manchas de sangre en sus vestimentas e incluso en sus manos. En tanto el arma homicida fue hallada a 500 metros del lugar, la que fue sometida a pericias de ADN.<br \/>\nCamilo Mart\u00ednez Fern\u00e1ndez al ser detenido confes\u00f3 el crimen, argumentando a la polic\u00eda que utiliz\u00f3 el arma blanca en defensa propia para protegerse de los golpes que habr\u00eda recibido de la v\u00edctima asesinada, a quien conoc\u00eda de vista, descartando rencillas anteriores.<br \/>\nEl informe preliminar de la autopsia practicada al cuerpo de Olivares, indica que presenta una herida punzo-cortante de 2 cent\u00edmetros de largo, heridas de defensa en sus manos y erosiones en distintas partes de su cuerpo, producto de los golpes al caer al suelo.<\/p>\n<p><strong>ENORME CONMOCI\u00d3N<\/strong><br \/>\nDanilo Olivares era padre de una peque\u00f1a ni\u00f1a y ex alumno del Colegio Pumanque de San Felipe. Esta v\u00edctima fue un reconocido deportista integrante del Club de Rugby \u2018Traikanes\u2019, cuyo deceso caus\u00f3 gran conmoci\u00f3n entre sus familiares y amigos tanto en la comuna de Llay Llay como en San Felipe.<br \/>\nA partir de las 08:30 horas de hoy viernes el juicio concluir\u00eda con el veredicto de los jueces del Tribunal Oral, resolviendo si Camilo Mart\u00ednez Fern\u00e1ndez, quien posee antecedentes policiales por delitos de desacato, amenazas y lesiones graves, es culpable o inocente de los cargos de homicidio que le imputa el Ministerio P\u00fablico de San Felipe, arriesgando una pena que podr\u00eda alcanzar diez a\u00f1os de c\u00e1rcel. La sentencia ser\u00e1 dada a conocer la pr\u00f3xima semana.<br \/>\n<strong>Pablo Salinas Sald\u00edas<\/strong><\/p>\n","protected":false},"excerpt":{"rendered":"<p>Camilo Mart\u00ednez Fern\u00e1ndez, es el \u00fanico imputado sometido a juicio oral desde ayer por el homicidio del joven padre y rugbista Danilo Olivares Zamora, asesinado de una certera estocada en el t\u00f3rax&#8230;<\/p>\n","protected":false},"author":482,"featured_media":64558,"comment_status":"open","ping_status":"open","sticky":false,"template":"","format":"standard","meta":{"advanced_seo_description":"","jetpack_seo_html_title":"","jetpack_seo_noindex":false,"_jetpack_memberships_contains_paid_content":false,"footnotes":""},"categories":[21],"tags":[],"class_list":["post-64557","post","type-post","status-publish","format-standard","has-post-thumbnail","hentry","category-policial"],"jetpack_featured_media_url":"https:\/\/i0.wp.com\/eltrabajo.cl\/portal\/wp-content\/uploads\/2015\/12\/Camilo-Martinez-Rata-Messi.jpg?fit=530%2C349&ssl=1","jetpack_sharing_enabled":true,"jetpack_likes_enabled":true,"jetpack-related-posts":[],"_links":{"self":[{"href":"https:\/\/eltrabajo.cl\/portal\/wp-json\/wp\/v2\/posts\/64557","targetHints":{"allow":["GET"]}}],"collection":[{"href":"https:\/\/eltrabajo.cl\/portal\/wp-json\/wp\/v2\/posts"}],"about":[{"href":"https:\/\/eltrabajo.cl\/portal\/wp-json\/wp\/v2\/types\/post"}],"author":[{"embeddable":true,"href":"https:\/\/eltrabajo.cl\/portal\/wp-json\/wp\/v2\/users\/482"}],"replies":[{"embeddable":true,"href":"https:\/\/eltrabajo.cl\/portal\/wp-json\/wp\/v2\/comments?post=64557"}],"version-history":[{"count":0,"href":"https:\/\/eltrabajo.cl\/portal\/wp-json\/wp\/v2\/posts\/64557\/revisions"}],"wp:featuredmedia":[{"embeddable":true,"href":"https:\/\/eltrabajo.cl\/portal\/wp-json\/wp\/v2\/media\/64558"}],"wp:attachment":[{"href":"https:\/\/eltrabajo.cl\/portal\/wp-json\/wp\/v2\/media?parent=64557"}],"wp:term":[{"taxonomy":"category","embeddable":true,"href":"https:\/\/eltrabajo.cl\/portal\/wp-json\/wp\/v2\/categories?post=64557"},{"taxonomy":"post_tag","embeddable":true,"href":"https:\/\/eltrabajo.cl\/portal\/wp-json\/wp\/v2\/tags?post=64557"}],"curies":[{"name":"wp","href":"https:\/\/api.w.org\/{rel}","templated":true}]}}