{"id":64568,"date":"2015-12-07T14:23:08","date_gmt":"2015-12-07T17:23:08","guid":{"rendered":"http:\/\/www.eltrabajo.cl\/portal\/?p=64568"},"modified":"2015-12-07T14:23:08","modified_gmt":"2015-12-07T17:23:08","slug":"esc-jorge-barros-en-74o-aniversario","status":"publish","type":"post","link":"https:\/\/eltrabajo.cl\/portal\/esc-jorge-barros-en-74o-aniversario\/","title":{"rendered":"Esc. Jorge Barros en 74\u00ba Aniversario"},"content":{"rendered":"<figure id=\"attachment_64569\" aria-describedby=\"caption-attachment-64569\" style=\"width: 300px\" class=\"wp-caption alignleft\"><a href=\"https:\/\/i0.wp.com\/www.eltrabajo.cl\/portal\/wp-content\/uploads\/2015\/12\/Escuela-Jorge-Barros.jpg\"><img data-recalc-dims=\"1\" loading=\"lazy\" decoding=\"async\" class=\"wp-image-64569 size-medium\" src=\"https:\/\/i0.wp.com\/www.eltrabajo.cl\/portal\/wp-content\/uploads\/2015\/12\/Escuela-Jorge-Barros-300x198.jpg?resize=300%2C198\" alt=\"Con presentaciones art\u00edsticas, la escuela Jorge Barros celebr\u00f3 junto a estudiantes, docentes y apoderados un nuevo aniversario. \" width=\"300\" height=\"198\" srcset=\"https:\/\/i0.wp.com\/eltrabajo.cl\/portal\/wp-content\/uploads\/2015\/12\/Escuela-Jorge-Barros.jpg?resize=300%2C198&amp;ssl=1 300w, https:\/\/i0.wp.com\/eltrabajo.cl\/portal\/wp-content\/uploads\/2015\/12\/Escuela-Jorge-Barros.jpg?resize=200%2C132&amp;ssl=1 200w, https:\/\/i0.wp.com\/eltrabajo.cl\/portal\/wp-content\/uploads\/2015\/12\/Escuela-Jorge-Barros.jpg?resize=227%2C150&amp;ssl=1 227w, https:\/\/i0.wp.com\/eltrabajo.cl\/portal\/wp-content\/uploads\/2015\/12\/Escuela-Jorge-Barros.jpg?resize=400%2C264&amp;ssl=1 400w, https:\/\/i0.wp.com\/eltrabajo.cl\/portal\/wp-content\/uploads\/2015\/12\/Escuela-Jorge-Barros.jpg?w=530&amp;ssl=1 530w\" sizes=\"auto, (max-width: 300px) 100vw, 300px\" \/><\/a><figcaption id=\"caption-attachment-64569\" class=\"wp-caption-text\">Con presentaciones art\u00edsticas, la escuela Jorge Barros celebr\u00f3 junto a estudiantes, docentes y apoderados un nuevo aniversario.<\/figcaption><\/figure>\n<p><strong>PANQUEHUE<\/strong>.- A trav\u00e9s de una sencilla, pero solemne ceremonia, la escuela Jorge Barros, ubicada en el sector de Palomar en la comuna de Panquehue, celebr\u00f3 su aniversario N\u00ba 74.<br \/>\nEn la oportunidad, y con la presencia de alumnos, padres y apoderados, la Directora de la escuela, \u00c9rica Pe\u00f1a, aprovech\u00f3 la instancia para realizar la cuenta p\u00fablica sobre la gesti\u00f3n educacional y financiera, destacando los avances en materia de inclusi\u00f3n y los resultados logrados hasta ahora en la prueba Simce, que pone a la escuela en un promedio a la media a nivel nacional.<br \/>\n\u00abNuestra escuela est\u00e1 en un nivel de mejoramiento, destacando que el colegio est\u00e1 en un primer nivel de instalaci\u00f3n de ciertas pr\u00e1cticas, ya sea en base a la imagen y de las instancias que exigen los curr\u00edculo, para luego llegar a una etapa de consolidaci\u00f3n, gracias al apoyo que tenemos del alcalde de la comuna\u00bb.<br \/>\nTras la realizaci\u00f3n de dos n\u00fameros art\u00edsticos, a cargo de alumnos del establecimiento, hizo uso de la palabra el alcalde Luis Pradenas, quien anunci\u00f3 que existe la entera voluntad de su administraci\u00f3n por mejorar la calidad de la educaci\u00f3n municipal, y para ello se est\u00e1 postulando un proyecto por 180 millones de pesos, con el fin de realizar obras de conservaci\u00f3n.<br \/>\nLa escuela Jorge Barros cuenta a la fecha con 133 alumnos de k\u00ednder a octavo b\u00e1sico, a cargo de destacados profesionales y otros profesionales, que permiten una formaci\u00f3n adecuada de cada uno de los menores.<\/p>\n","protected":false},"excerpt":{"rendered":"<p>PANQUEHUE.- A trav\u00e9s de una sencilla, pero solemne ceremonia, la escuela Jorge Barros, ubicada en el sector de Palomar en la comuna de Panquehue, celebr\u00f3 su aniversario N\u00ba 74. En la oportunidad,&#8230;<\/p>\n","protected":false},"author":482,"featured_media":64569,"comment_status":"open","ping_status":"open","sticky":false,"template":"","format":"standard","meta":{"advanced_seo_description":"","jetpack_seo_html_title":"","jetpack_seo_noindex":false,"_jetpack_memberships_contains_paid_content":false,"footnotes":""},"categories":[15],"tags":[],"class_list":["post-64568","post","type-post","status-publish","format-standard","has-post-thumbnail","hentry","category-comunidad"],"jetpack_featured_media_url":"https:\/\/i0.wp.com\/eltrabajo.cl\/portal\/wp-content\/uploads\/2015\/12\/Escuela-Jorge-Barros.jpg?fit=530%2C350&ssl=1","jetpack_sharing_enabled":true,"jetpack_likes_enabled":true,"jetpack-related-posts":[],"_links":{"self":[{"href":"https:\/\/eltrabajo.cl\/portal\/wp-json\/wp\/v2\/posts\/64568","targetHints":{"allow":["GET"]}}],"collection":[{"href":"https:\/\/eltrabajo.cl\/portal\/wp-json\/wp\/v2\/posts"}],"about":[{"href":"https:\/\/eltrabajo.cl\/portal\/wp-json\/wp\/v2\/types\/post"}],"author":[{"embeddable":true,"href":"https:\/\/eltrabajo.cl\/portal\/wp-json\/wp\/v2\/users\/482"}],"replies":[{"embeddable":true,"href":"https:\/\/eltrabajo.cl\/portal\/wp-json\/wp\/v2\/comments?post=64568"}],"version-history":[{"count":0,"href":"https:\/\/eltrabajo.cl\/portal\/wp-json\/wp\/v2\/posts\/64568\/revisions"}],"wp:featuredmedia":[{"embeddable":true,"href":"https:\/\/eltrabajo.cl\/portal\/wp-json\/wp\/v2\/media\/64569"}],"wp:attachment":[{"href":"https:\/\/eltrabajo.cl\/portal\/wp-json\/wp\/v2\/media?parent=64568"}],"wp:term":[{"taxonomy":"category","embeddable":true,"href":"https:\/\/eltrabajo.cl\/portal\/wp-json\/wp\/v2\/categories?post=64568"},{"taxonomy":"post_tag","embeddable":true,"href":"https:\/\/eltrabajo.cl\/portal\/wp-json\/wp\/v2\/tags?post=64568"}],"curies":[{"name":"wp","href":"https:\/\/api.w.org\/{rel}","templated":true}]}}