{"id":64574,"date":"2015-12-07T14:26:21","date_gmt":"2015-12-07T17:26:21","guid":{"rendered":"http:\/\/www.eltrabajo.cl\/portal\/?p=64574"},"modified":"2015-12-07T14:26:21","modified_gmt":"2015-12-07T17:26:21","slug":"entregan-reconocimiento-a-la-trayectoria-profesional-del-alcalde-mario-marillanca","status":"publish","type":"post","link":"https:\/\/eltrabajo.cl\/portal\/entregan-reconocimiento-a-la-trayectoria-profesional-del-alcalde-mario-marillanca\/","title":{"rendered":"Entregan reconocimiento a la trayectoria profesional del alcalde Mario Marillanca"},"content":{"rendered":"<figure id=\"attachment_64575\" aria-describedby=\"caption-attachment-64575\" style=\"width: 300px\" class=\"wp-caption alignleft\"><a href=\"https:\/\/i0.wp.com\/www.eltrabajo.cl\/portal\/wp-content\/uploads\/2015\/12\/Reconocimiento-Alcalde-Mario-Marillanca.jpg\"><img data-recalc-dims=\"1\" loading=\"lazy\" decoding=\"async\" class=\"wp-image-64575 size-medium\" src=\"https:\/\/i0.wp.com\/www.eltrabajo.cl\/portal\/wp-content\/uploads\/2015\/12\/Reconocimiento-Alcalde-Mario-Marillanca-300x198.jpg?resize=300%2C198\" alt=\"La directora del Hospital San Francisco de Llay Llay Gloria Leiva, le entreg\u00f3 un reconocimiento al El Alcalde Mario Marillanca, por 40 a\u00f1os de servicio a la comunidad. \" width=\"300\" height=\"198\" srcset=\"https:\/\/i0.wp.com\/eltrabajo.cl\/portal\/wp-content\/uploads\/2015\/12\/Reconocimiento-Alcalde-Mario-Marillanca.jpg?resize=300%2C198&amp;ssl=1 300w, https:\/\/i0.wp.com\/eltrabajo.cl\/portal\/wp-content\/uploads\/2015\/12\/Reconocimiento-Alcalde-Mario-Marillanca.jpg?resize=200%2C132&amp;ssl=1 200w, https:\/\/i0.wp.com\/eltrabajo.cl\/portal\/wp-content\/uploads\/2015\/12\/Reconocimiento-Alcalde-Mario-Marillanca.jpg?resize=228%2C150&amp;ssl=1 228w, https:\/\/i0.wp.com\/eltrabajo.cl\/portal\/wp-content\/uploads\/2015\/12\/Reconocimiento-Alcalde-Mario-Marillanca.jpg?resize=400%2C263&amp;ssl=1 400w, https:\/\/i0.wp.com\/eltrabajo.cl\/portal\/wp-content\/uploads\/2015\/12\/Reconocimiento-Alcalde-Mario-Marillanca.jpg?w=530&amp;ssl=1 530w\" sizes=\"auto, (max-width: 300px) 100vw, 300px\" \/><\/a><figcaption id=\"caption-attachment-64575\" class=\"wp-caption-text\">La directora del Hospital San Francisco de Llay Llay Gloria Leiva, le entreg\u00f3 un reconocimiento al El Alcalde Mario Marillanca, por 40 a\u00f1os de servicio a la comunidad.<\/figcaption><\/figure>\n<p><strong>LLAY LLAY<\/strong>.- En una emotiva ceremonia, la directora del Hospital San Francisco, Gloria Leiva, entreg\u00f3 un diploma de reconocimiento por 40 a\u00f1os de servicio al Alcalde Mario Marillanca Ram\u00edrez, trabajador social de profesi\u00f3n, por su gesti\u00f3n \u201cen el establecimiento como en la comuna\u201d. El profesional forma parte del hospital, desde el 15 de marzo de 1973, siendo electo alcalde en 2004 y reelecto por dos periodos consecutivos, por lo que la directora Leiva destac\u00f3 \u201ca pesar de no formar parte activa de nuestro hospital, siempre ha mantenido los lazos desde su cargo de Alcalde. Jam\u00e1s ha dejado de ser nuestro compa\u00f1ero de trabajo\u201d.<br \/>\nAdem\u00e1s, la Directora expres\u00f3 que el capital m\u00e1s importante de la instituci\u00f3n es el humano \u201ccada uno de los funcionarios, son fundamentales para el desarrollo de nuestro hospital\u201d.<br \/>\nLa actividad se enmarca dentro la pol\u00edtica impulsada por el Servicio de Salud Aconcagua, que busca reconocer la labor que desempe\u00f1an los funcionarios y funcionarias de los establecimientos de salud.<br \/>\nEn la ocasi\u00f3n, tambi\u00e9n fueron reconocidos funcionarios con 15, 20, 25, 30 y 40 a\u00f1os de servicios.<br \/>\n<strong>Marianela Quevedo<\/strong><\/p>\n","protected":false},"excerpt":{"rendered":"<p>LLAY LLAY.- En una emotiva ceremonia, la directora del Hospital San Francisco, Gloria Leiva, entreg\u00f3 un diploma de reconocimiento por 40 a\u00f1os de servicio al Alcalde Mario Marillanca Ram\u00edrez, trabajador social de&#8230;<\/p>\n","protected":false},"author":482,"featured_media":64575,"comment_status":"open","ping_status":"open","sticky":false,"template":"","format":"standard","meta":{"advanced_seo_description":"","jetpack_seo_html_title":"","jetpack_seo_noindex":false,"_jetpack_memberships_contains_paid_content":false,"footnotes":""},"categories":[1],"tags":[],"class_list":["post-64574","post","type-post","status-publish","format-standard","has-post-thumbnail","hentry","category-cronica"],"jetpack_featured_media_url":"https:\/\/i0.wp.com\/eltrabajo.cl\/portal\/wp-content\/uploads\/2015\/12\/Reconocimiento-Alcalde-Mario-Marillanca.jpg?fit=530%2C349&ssl=1","jetpack_sharing_enabled":true,"jetpack_likes_enabled":true,"jetpack-related-posts":[],"_links":{"self":[{"href":"https:\/\/eltrabajo.cl\/portal\/wp-json\/wp\/v2\/posts\/64574","targetHints":{"allow":["GET"]}}],"collection":[{"href":"https:\/\/eltrabajo.cl\/portal\/wp-json\/wp\/v2\/posts"}],"about":[{"href":"https:\/\/eltrabajo.cl\/portal\/wp-json\/wp\/v2\/types\/post"}],"author":[{"embeddable":true,"href":"https:\/\/eltrabajo.cl\/portal\/wp-json\/wp\/v2\/users\/482"}],"replies":[{"embeddable":true,"href":"https:\/\/eltrabajo.cl\/portal\/wp-json\/wp\/v2\/comments?post=64574"}],"version-history":[{"count":0,"href":"https:\/\/eltrabajo.cl\/portal\/wp-json\/wp\/v2\/posts\/64574\/revisions"}],"wp:featuredmedia":[{"embeddable":true,"href":"https:\/\/eltrabajo.cl\/portal\/wp-json\/wp\/v2\/media\/64575"}],"wp:attachment":[{"href":"https:\/\/eltrabajo.cl\/portal\/wp-json\/wp\/v2\/media?parent=64574"}],"wp:term":[{"taxonomy":"category","embeddable":true,"href":"https:\/\/eltrabajo.cl\/portal\/wp-json\/wp\/v2\/categories?post=64574"},{"taxonomy":"post_tag","embeddable":true,"href":"https:\/\/eltrabajo.cl\/portal\/wp-json\/wp\/v2\/tags?post=64574"}],"curies":[{"name":"wp","href":"https:\/\/api.w.org\/{rel}","templated":true}]}}