{"id":64577,"date":"2015-12-07T14:31:44","date_gmt":"2015-12-07T17:31:44","guid":{"rendered":"http:\/\/www.eltrabajo.cl\/portal\/?p=64577"},"modified":"2015-12-07T14:31:44","modified_gmt":"2015-12-07T17:31:44","slug":"nuevo-generador-en-apr-las-coimas-beneficiara-a-mas-de-250-familias","status":"publish","type":"post","link":"https:\/\/eltrabajo.cl\/portal\/nuevo-generador-en-apr-las-coimas-beneficiara-a-mas-de-250-familias\/","title":{"rendered":"Nuevo generador en APR Las Coimas beneficiar\u00e1 a m\u00e1s de 250 familias"},"content":{"rendered":"<figure id=\"attachment_64578\" aria-describedby=\"caption-attachment-64578\" style=\"width: 300px\" class=\"wp-caption alignleft\"><a href=\"https:\/\/i0.wp.com\/www.eltrabajo.cl\/portal\/wp-content\/uploads\/2015\/12\/Generador-APR-Las-Coimas.jpg\"><img data-recalc-dims=\"1\" loading=\"lazy\" decoding=\"async\" class=\"wp-image-64578 size-medium\" src=\"https:\/\/i0.wp.com\/www.eltrabajo.cl\/portal\/wp-content\/uploads\/2015\/12\/Generador-APR-Las-Coimas-300x198.jpg?resize=300%2C198\" alt=\"El gobernador Eduardo Le\u00f3n, haciendo entrega del nuevo generador para el APR Las Coimas.\" width=\"300\" height=\"198\" srcset=\"https:\/\/i0.wp.com\/eltrabajo.cl\/portal\/wp-content\/uploads\/2015\/12\/Generador-APR-Las-Coimas.jpg?resize=300%2C198&amp;ssl=1 300w, https:\/\/i0.wp.com\/eltrabajo.cl\/portal\/wp-content\/uploads\/2015\/12\/Generador-APR-Las-Coimas.jpg?resize=200%2C132&amp;ssl=1 200w, https:\/\/i0.wp.com\/eltrabajo.cl\/portal\/wp-content\/uploads\/2015\/12\/Generador-APR-Las-Coimas.jpg?resize=227%2C150&amp;ssl=1 227w, https:\/\/i0.wp.com\/eltrabajo.cl\/portal\/wp-content\/uploads\/2015\/12\/Generador-APR-Las-Coimas.jpg?resize=400%2C264&amp;ssl=1 400w, https:\/\/i0.wp.com\/eltrabajo.cl\/portal\/wp-content\/uploads\/2015\/12\/Generador-APR-Las-Coimas.jpg?w=530&amp;ssl=1 530w\" sizes=\"auto, (max-width: 300px) 100vw, 300px\" \/><\/a><figcaption id=\"caption-attachment-64578\" class=\"wp-caption-text\">El gobernador Eduardo Le\u00f3n, haciendo entrega del nuevo generador para el APR Las Coimas.<\/figcaption><\/figure>\n<ul>\n<li><strong>Iniciativa permite mantener servicio a pesar de cortes de suministro el\u00e9ctrico y desastre natural.<\/strong><\/li>\n<\/ul>\n<p>Un nuevo equipamiento fue entregado por el Gobernador Eduardo Le\u00f3n a la directiva del APR Las Coimas de Putaendo. Se trata de un generador monof\u00e1sico diesel de 14000W, que le permitir\u00e1 mantener el funcionamiento al sistema pese a distintas condiciones adversas como cortes de suministro el\u00e9ctrico o desastres naturales.<br \/>\nSeg\u00fan los dirigentes, este grupo electr\u00f3geno estaba siendo requerido hace bastante tiempo. Situaci\u00f3n que se vio agravada durante el \u00faltimo terremoto donde los usuarios quedaron sin agua potable durante varios d\u00edas. As\u00ed lo precis\u00f3 la presidenta, Jessica Vega, quien se mostr\u00f3 muy agradecida con la entrega. \u201cQuisiera dar las gracias a la Gobernaci\u00f3n. Esto fue un trabajo en conjunto durante m\u00e1s de 2 a\u00f1os y medio, ya que alto Las Coimas cuenta con una planta relevadora y cuando se corta la luz, 250 familias se quedaban sin agua. Sin embargo, con este generador, esto no ocurrir\u00e1\u201d, manifest\u00f3.<br \/>\nEl trabajo desarrollado por la Gobernaci\u00f3n de San Felipe desde un comienzo, puso el foco en el trabajo colaborativo y el apoyo a los sistemas de APR de la Provincia. En esa l\u00ednea, el Gobernador Eduardo Le\u00f3n destac\u00f3 las coordinaciones que se han mantenido en la mesa del agua. \u201cEstamos trabajando en un plan integral de mejoramiento de los APR como es el caso de Las Coimas, que cuando se corta la luz quedan sin agua, pero tambi\u00e9n tenemos un plan a largo plazo, como incluir a los APR a que est\u00e9n bajo la asistencia t\u00e9cnica del MOP, entre otros\u201d, sostuvo la m\u00e1xima autoridad provincial.<\/p>\n","protected":false},"excerpt":{"rendered":"<p>Iniciativa permite mantener servicio a pesar de cortes de suministro el\u00e9ctrico y desastre natural. Un nuevo equipamiento fue entregado por el Gobernador Eduardo Le\u00f3n a la directiva del APR Las Coimas de&#8230;<\/p>\n","protected":false},"author":482,"featured_media":64578,"comment_status":"open","ping_status":"open","sticky":false,"template":"","format":"standard","meta":{"advanced_seo_description":"","jetpack_seo_html_title":"","jetpack_seo_noindex":false,"_jetpack_memberships_contains_paid_content":false,"footnotes":""},"categories":[1],"tags":[],"class_list":["post-64577","post","type-post","status-publish","format-standard","has-post-thumbnail","hentry","category-cronica"],"jetpack_featured_media_url":"https:\/\/i0.wp.com\/eltrabajo.cl\/portal\/wp-content\/uploads\/2015\/12\/Generador-APR-Las-Coimas.jpg?fit=530%2C350&ssl=1","jetpack_sharing_enabled":true,"jetpack_likes_enabled":true,"jetpack-related-posts":[],"_links":{"self":[{"href":"https:\/\/eltrabajo.cl\/portal\/wp-json\/wp\/v2\/posts\/64577","targetHints":{"allow":["GET"]}}],"collection":[{"href":"https:\/\/eltrabajo.cl\/portal\/wp-json\/wp\/v2\/posts"}],"about":[{"href":"https:\/\/eltrabajo.cl\/portal\/wp-json\/wp\/v2\/types\/post"}],"author":[{"embeddable":true,"href":"https:\/\/eltrabajo.cl\/portal\/wp-json\/wp\/v2\/users\/482"}],"replies":[{"embeddable":true,"href":"https:\/\/eltrabajo.cl\/portal\/wp-json\/wp\/v2\/comments?post=64577"}],"version-history":[{"count":0,"href":"https:\/\/eltrabajo.cl\/portal\/wp-json\/wp\/v2\/posts\/64577\/revisions"}],"wp:featuredmedia":[{"embeddable":true,"href":"https:\/\/eltrabajo.cl\/portal\/wp-json\/wp\/v2\/media\/64578"}],"wp:attachment":[{"href":"https:\/\/eltrabajo.cl\/portal\/wp-json\/wp\/v2\/media?parent=64577"}],"wp:term":[{"taxonomy":"category","embeddable":true,"href":"https:\/\/eltrabajo.cl\/portal\/wp-json\/wp\/v2\/categories?post=64577"},{"taxonomy":"post_tag","embeddable":true,"href":"https:\/\/eltrabajo.cl\/portal\/wp-json\/wp\/v2\/tags?post=64577"}],"curies":[{"name":"wp","href":"https:\/\/api.w.org\/{rel}","templated":true}]}}