{"id":64580,"date":"2015-12-07T14:34:01","date_gmt":"2015-12-07T17:34:01","guid":{"rendered":"http:\/\/www.eltrabajo.cl\/portal\/?p=64580"},"modified":"2015-12-07T14:34:01","modified_gmt":"2015-12-07T17:34:01","slug":"preparan-primera-marcha-contra-la-mineria-al-interior-de-los-patos","status":"publish","type":"post","link":"https:\/\/eltrabajo.cl\/portal\/preparan-primera-marcha-contra-la-mineria-al-interior-de-los-patos\/","title":{"rendered":"Preparan primera marcha contra la miner\u00eda al interior de Los Patos"},"content":{"rendered":"<figure id=\"attachment_64581\" aria-describedby=\"caption-attachment-64581\" style=\"width: 300px\" class=\"wp-caption alignleft\"><a href=\"https:\/\/i0.wp.com\/www.eltrabajo.cl\/portal\/wp-content\/uploads\/2015\/12\/Protesta-Putaendo.jpg\"><img data-recalc-dims=\"1\" loading=\"lazy\" decoding=\"async\" class=\"wp-image-64581 size-medium\" src=\"https:\/\/i0.wp.com\/www.eltrabajo.cl\/portal\/wp-content\/uploads\/2015\/12\/Protesta-Putaendo-300x198.jpg?resize=300%2C198\" alt=\"Para el jueves 17 de diciembre est\u00e1 agendada la primera gran marcha contra los proyectos mineros que se est\u00e1n desarrollando al interior de Los Patos. (Foto archivo).\" width=\"300\" height=\"198\" srcset=\"https:\/\/i0.wp.com\/eltrabajo.cl\/portal\/wp-content\/uploads\/2015\/12\/Protesta-Putaendo.jpg?resize=300%2C198&amp;ssl=1 300w, https:\/\/i0.wp.com\/eltrabajo.cl\/portal\/wp-content\/uploads\/2015\/12\/Protesta-Putaendo.jpg?resize=200%2C132&amp;ssl=1 200w, https:\/\/i0.wp.com\/eltrabajo.cl\/portal\/wp-content\/uploads\/2015\/12\/Protesta-Putaendo.jpg?resize=228%2C150&amp;ssl=1 228w, https:\/\/i0.wp.com\/eltrabajo.cl\/portal\/wp-content\/uploads\/2015\/12\/Protesta-Putaendo.jpg?resize=400%2C263&amp;ssl=1 400w, https:\/\/i0.wp.com\/eltrabajo.cl\/portal\/wp-content\/uploads\/2015\/12\/Protesta-Putaendo.jpg?w=530&amp;ssl=1 530w\" sizes=\"auto, (max-width: 300px) 100vw, 300px\" \/><\/a><figcaption id=\"caption-attachment-64581\" class=\"wp-caption-text\">Para el jueves 17 de diciembre est\u00e1 agendada la primera gran marcha contra los proyectos mineros que se est\u00e1n desarrollando al interior de Los Patos. (Foto archivo).<\/figcaption><\/figure>\n<p><strong>PUTAENDO<\/strong>.- Gracias a una iniciativa de la Agrupaci\u00f3n Medioambiental Tres R\u00edos y con el apoyo de la Junta de Vigilancia del R\u00edo Putaendo, ya se prepara la primera gran marcha con la cual, la comuna comenzar\u00e1 decir No a los proyectos mineros que pretenden instalarse al interior de Los Patos.<br \/>\nHector Fuentealba, presidente de la Agrupaci\u00f3n Tres R\u00edos invit\u00f3 a toda la comunidad para el pr\u00f3ximo jueves 17 de diciembre desde las 19:00 horas en la plaza de la comuna, a participar de una gran marcha que permitir\u00e1, por un lado, mostrar la uni\u00f3n del pueblo contra Andes Cooper y cualquier otro consorcio que pretenda construir centrales hidroel\u00e9ctricas o grandes proyectos mineros, y por otro, mostrar a estos mismos que el pueblo de Putaendo rechaza totalmente la destrucci\u00f3n del medioambiente y sus riquezas naturales.<br \/>\nFuentealba agreg\u00f3 que es un deber de cada vecino asegurar la salud de las futuras generaciones pues el da\u00f1o que dejaran las mineras, si es que llegan a instalarse en la comuna, ser\u00e1 apocal\u00edptico e inimaginable ya que nunca m\u00e1s se podr\u00e1 reparar.<br \/>\nEsta agrupaci\u00f3n reiter\u00f3 la invitaci\u00f3n para el pr\u00f3ximo jueves 17 de diciembre desde las 19:00 horas y con pancartas, banderas negras, m\u00fasica y en forma pac\u00edfica se dir\u00e1 no a Andes Cooper, no a la miner\u00eda, no a la destrucci\u00f3n de los glaciares de roca y si a la vida en Putaendo.<br \/>\n<strong>Patricio Gallardo M.<\/strong><\/p>\n","protected":false},"excerpt":{"rendered":"<p>PUTAENDO.- Gracias a una iniciativa de la Agrupaci\u00f3n Medioambiental Tres R\u00edos y con el apoyo de la Junta de Vigilancia del R\u00edo Putaendo, ya se prepara la primera gran marcha con la&#8230;<\/p>\n","protected":false},"author":482,"featured_media":64581,"comment_status":"open","ping_status":"open","sticky":false,"template":"","format":"standard","meta":{"advanced_seo_description":"","jetpack_seo_html_title":"","jetpack_seo_noindex":false,"_jetpack_memberships_contains_paid_content":false,"footnotes":""},"categories":[15],"tags":[],"class_list":["post-64580","post","type-post","status-publish","format-standard","has-post-thumbnail","hentry","category-comunidad"],"jetpack_featured_media_url":"https:\/\/i0.wp.com\/eltrabajo.cl\/portal\/wp-content\/uploads\/2015\/12\/Protesta-Putaendo.jpg?fit=530%2C349&ssl=1","jetpack_sharing_enabled":true,"jetpack_likes_enabled":true,"jetpack-related-posts":[],"_links":{"self":[{"href":"https:\/\/eltrabajo.cl\/portal\/wp-json\/wp\/v2\/posts\/64580","targetHints":{"allow":["GET"]}}],"collection":[{"href":"https:\/\/eltrabajo.cl\/portal\/wp-json\/wp\/v2\/posts"}],"about":[{"href":"https:\/\/eltrabajo.cl\/portal\/wp-json\/wp\/v2\/types\/post"}],"author":[{"embeddable":true,"href":"https:\/\/eltrabajo.cl\/portal\/wp-json\/wp\/v2\/users\/482"}],"replies":[{"embeddable":true,"href":"https:\/\/eltrabajo.cl\/portal\/wp-json\/wp\/v2\/comments?post=64580"}],"version-history":[{"count":0,"href":"https:\/\/eltrabajo.cl\/portal\/wp-json\/wp\/v2\/posts\/64580\/revisions"}],"wp:featuredmedia":[{"embeddable":true,"href":"https:\/\/eltrabajo.cl\/portal\/wp-json\/wp\/v2\/media\/64581"}],"wp:attachment":[{"href":"https:\/\/eltrabajo.cl\/portal\/wp-json\/wp\/v2\/media?parent=64580"}],"wp:term":[{"taxonomy":"category","embeddable":true,"href":"https:\/\/eltrabajo.cl\/portal\/wp-json\/wp\/v2\/categories?post=64580"},{"taxonomy":"post_tag","embeddable":true,"href":"https:\/\/eltrabajo.cl\/portal\/wp-json\/wp\/v2\/tags?post=64580"}],"curies":[{"name":"wp","href":"https:\/\/api.w.org\/{rel}","templated":true}]}}