{"id":64583,"date":"2015-12-07T14:37:02","date_gmt":"2015-12-07T17:37:02","guid":{"rendered":"http:\/\/www.eltrabajo.cl\/portal\/?p=64583"},"modified":"2015-12-07T14:37:02","modified_gmt":"2015-12-07T17:37:02","slug":"cinco-meses-demoraran-trabajos-de-mejoramiento-ruta-internacional","status":"publish","type":"post","link":"https:\/\/eltrabajo.cl\/portal\/cinco-meses-demoraran-trabajos-de-mejoramiento-ruta-internacional\/","title":{"rendered":"Cinco meses demorar\u00e1n trabajos de mejoramiento ruta internacional"},"content":{"rendered":"<figure id=\"attachment_64584\" aria-describedby=\"caption-attachment-64584\" style=\"width: 300px\" class=\"wp-caption alignleft\"><a href=\"https:\/\/i0.wp.com\/www.eltrabajo.cl\/portal\/wp-content\/uploads\/2015\/12\/cobertizo-Camino-internacional.jpg\"><img data-recalc-dims=\"1\" loading=\"lazy\" decoding=\"async\" class=\"wp-image-64584 size-medium\" src=\"https:\/\/i0.wp.com\/www.eltrabajo.cl\/portal\/wp-content\/uploads\/2015\/12\/cobertizo-Camino-internacional-300x198.jpg?resize=300%2C198\" alt=\"Autoridades esperan que los trabajos de mejoramiento del Camino Internacional est\u00e9n terminados en marzo.\" width=\"300\" height=\"198\" srcset=\"https:\/\/i0.wp.com\/eltrabajo.cl\/portal\/wp-content\/uploads\/2015\/12\/cobertizo-Camino-internacional.jpg?resize=300%2C198&amp;ssl=1 300w, https:\/\/i0.wp.com\/eltrabajo.cl\/portal\/wp-content\/uploads\/2015\/12\/cobertizo-Camino-internacional.jpg?resize=200%2C132&amp;ssl=1 200w, https:\/\/i0.wp.com\/eltrabajo.cl\/portal\/wp-content\/uploads\/2015\/12\/cobertizo-Camino-internacional.jpg?resize=227%2C150&amp;ssl=1 227w, https:\/\/i0.wp.com\/eltrabajo.cl\/portal\/wp-content\/uploads\/2015\/12\/cobertizo-Camino-internacional.jpg?resize=400%2C264&amp;ssl=1 400w, https:\/\/i0.wp.com\/eltrabajo.cl\/portal\/wp-content\/uploads\/2015\/12\/cobertizo-Camino-internacional.jpg?w=530&amp;ssl=1 530w\" sizes=\"auto, (max-width: 300px) 100vw, 300px\" \/><\/a><figcaption id=\"caption-attachment-64584\" class=\"wp-caption-text\">Autoridades esperan que los trabajos de mejoramiento del Camino Internacional est\u00e9n terminados en marzo.<\/figcaption><\/figure>\n<ul>\n<li><strong>Habr\u00e1 cortes parciales del camino entre Las Vizcachas y Los Libertadores<\/strong><\/li>\n<\/ul>\n<p><strong>LOS ANDES.<\/strong>&#8211; Durante cinco meses se prolongar\u00e1n los trabajos de mejoramiento del camino internacional en el tramo comprendido entre el puente Las Vizcachas y el complejo Los Libertadores.<br \/>\nEn la gobernaci\u00f3n provincial de Los Andes se realiz\u00f3 la reuni\u00f3n de coordinaci\u00f3n entre las autoridades y jefes de servicio a fin de dar a conocer las medidas a implementar durante este per\u00edodo.<br \/>\nEn tal sentido, la gobernadora Mar\u00eda Victoria Rodr\u00edguez se\u00f1al\u00f3 que la idea de este encuentro fue analizar la mantenci\u00f3n de las medidas de seguridad para quienes transitan por la ruta, ya que se llevar\u00e1n adelante cortes parciales del camino en algunos sectores.<br \/>\nDestac\u00f3 que esta es una inversi\u00f3n importante de recursos por parte del Gobierno de Chile a fin de mejorar los accesos al pa\u00eds.<br \/>\nLa autoridad precis\u00f3 que los trabajos se concentrar\u00e1n b\u00e1sicamente en los cobertizos uno y cuatro, \u201ca los cuales se le van a reparar las techumbres, ya que algunos rodados las han da\u00f1ado y aqu\u00ed estamos hablando de seguridad vial para quienes transitan por dicho lugar especialmente en el invierno\u201d.<br \/>\n\u201cHay un contrato de mantenci\u00f3n del camino que es por dos a\u00f1os y es la misma empresa que se adjudic\u00f3 el contrato por la reparaci\u00f3n de los cobertizos y esto significa arreglos en el camino, limpieza, mantenimiento de la se\u00f1al\u00e9tica\u201d, apunt\u00f3.<br \/>\nLa autoridad dijo que los trabajos ya partieron con la instalaci\u00f3n de faenas y deber\u00edan estar terminando a fines del mes de marzo.<br \/>\nPor su parte, el Jefe Provincial de la Direcci\u00f3n de Vialidad, Oscar Guerra, precis\u00f3 que se va a intervenir las lozas de los cobertizos, algunos mejoramientos en sus pilares, \u201cy adem\u00e1s se suma un mejoramiento a ciertos sectores cordilleranos en los cuales hay demasiado desprendimiento de rocas que son en el kil\u00f3metro 71 y en el 104 espec\u00edficamente es a la salida de Los Azules y del cobertizo cinco\u201d.<br \/>\nEl personero se\u00f1al\u00f3 que la principal preocupaci\u00f3n de las autoridades son los cortes de camino, especialmente en per\u00edodo estival por el mayor flujo de veh\u00edculos, \u201cpues los trabajos obligar\u00e1n al cierre total de algunos cobertizos\u201d.<br \/>\nPara ello se habilitar\u00e1n desv\u00edos por el costado de los cobertizos, los que si bien son de tierra se encuentran en buenas condiciones.<br \/>\n\u201cEsto provocar\u00e1 sin duda una lentitud en el desplazamiento vehicular, pero todo eso tendr\u00e1 que ser mejorado por el plan de contingencia que tendr\u00e1 que presentar la empresa a cargo de las obras\u201d, agreg\u00f3 Guerra.<\/p>\n<p>&nbsp;<\/p>\n","protected":false},"excerpt":{"rendered":"<p>Habr\u00e1 cortes parciales del camino entre Las Vizcachas y Los Libertadores LOS ANDES.&#8211; Durante cinco meses se prolongar\u00e1n los trabajos de mejoramiento del camino internacional en el tramo comprendido entre el puente&#8230;<\/p>\n","protected":false},"author":482,"featured_media":64584,"comment_status":"open","ping_status":"open","sticky":false,"template":"","format":"standard","meta":{"advanced_seo_description":"","jetpack_seo_html_title":"","jetpack_seo_noindex":false,"_jetpack_memberships_contains_paid_content":false,"footnotes":""},"categories":[1],"tags":[],"class_list":["post-64583","post","type-post","status-publish","format-standard","has-post-thumbnail","hentry","category-cronica"],"jetpack_featured_media_url":"https:\/\/i0.wp.com\/eltrabajo.cl\/portal\/wp-content\/uploads\/2015\/12\/cobertizo-Camino-internacional.jpg?fit=530%2C350&ssl=1","jetpack_sharing_enabled":true,"jetpack_likes_enabled":true,"jetpack-related-posts":[],"_links":{"self":[{"href":"https:\/\/eltrabajo.cl\/portal\/wp-json\/wp\/v2\/posts\/64583","targetHints":{"allow":["GET"]}}],"collection":[{"href":"https:\/\/eltrabajo.cl\/portal\/wp-json\/wp\/v2\/posts"}],"about":[{"href":"https:\/\/eltrabajo.cl\/portal\/wp-json\/wp\/v2\/types\/post"}],"author":[{"embeddable":true,"href":"https:\/\/eltrabajo.cl\/portal\/wp-json\/wp\/v2\/users\/482"}],"replies":[{"embeddable":true,"href":"https:\/\/eltrabajo.cl\/portal\/wp-json\/wp\/v2\/comments?post=64583"}],"version-history":[{"count":0,"href":"https:\/\/eltrabajo.cl\/portal\/wp-json\/wp\/v2\/posts\/64583\/revisions"}],"wp:featuredmedia":[{"embeddable":true,"href":"https:\/\/eltrabajo.cl\/portal\/wp-json\/wp\/v2\/media\/64584"}],"wp:attachment":[{"href":"https:\/\/eltrabajo.cl\/portal\/wp-json\/wp\/v2\/media?parent=64583"}],"wp:term":[{"taxonomy":"category","embeddable":true,"href":"https:\/\/eltrabajo.cl\/portal\/wp-json\/wp\/v2\/categories?post=64583"},{"taxonomy":"post_tag","embeddable":true,"href":"https:\/\/eltrabajo.cl\/portal\/wp-json\/wp\/v2\/tags?post=64583"}],"curies":[{"name":"wp","href":"https:\/\/api.w.org\/{rel}","templated":true}]}}