{"id":64586,"date":"2015-12-07T14:38:14","date_gmt":"2015-12-07T17:38:14","guid":{"rendered":"http:\/\/www.eltrabajo.cl\/portal\/?p=64586"},"modified":"2015-12-07T14:38:14","modified_gmt":"2015-12-07T17:38:14","slug":"efectuan-1a-muestra-intercultural-en-plaza-de-armas-de-san-felipe","status":"publish","type":"post","link":"https:\/\/eltrabajo.cl\/portal\/efectuan-1a-muestra-intercultural-en-plaza-de-armas-de-san-felipe\/","title":{"rendered":"Efect\u00faan 1\u00aa Muestra Intercultural en Plaza de Armas de San Felipe"},"content":{"rendered":"<figure id=\"attachment_64587\" aria-describedby=\"caption-attachment-64587\" style=\"width: 300px\" class=\"wp-caption alignleft\"><a href=\"https:\/\/i0.wp.com\/www.eltrabajo.cl\/portal\/wp-content\/uploads\/2015\/12\/Muestra-intercultural-en-San-Felipe.jpg\"><img data-recalc-dims=\"1\" loading=\"lazy\" decoding=\"async\" class=\"wp-image-64587 size-medium\" src=\"https:\/\/i0.wp.com\/www.eltrabajo.cl\/portal\/wp-content\/uploads\/2015\/12\/Muestra-intercultural-en-San-Felipe-300x198.jpg?resize=300%2C198\" alt=\"En la muestra se estuvo ofreciendo productos t\u00edpicos de cada pa\u00eds o entregando informaci\u00f3n a quien lo requer\u00eda.\" width=\"300\" height=\"198\" srcset=\"https:\/\/i0.wp.com\/eltrabajo.cl\/portal\/wp-content\/uploads\/2015\/12\/Muestra-intercultural-en-San-Felipe.jpg?resize=300%2C198&amp;ssl=1 300w, https:\/\/i0.wp.com\/eltrabajo.cl\/portal\/wp-content\/uploads\/2015\/12\/Muestra-intercultural-en-San-Felipe.jpg?resize=200%2C132&amp;ssl=1 200w, https:\/\/i0.wp.com\/eltrabajo.cl\/portal\/wp-content\/uploads\/2015\/12\/Muestra-intercultural-en-San-Felipe.jpg?resize=227%2C150&amp;ssl=1 227w, https:\/\/i0.wp.com\/eltrabajo.cl\/portal\/wp-content\/uploads\/2015\/12\/Muestra-intercultural-en-San-Felipe.jpg?resize=400%2C264&amp;ssl=1 400w, https:\/\/i0.wp.com\/eltrabajo.cl\/portal\/wp-content\/uploads\/2015\/12\/Muestra-intercultural-en-San-Felipe.jpg?w=530&amp;ssl=1 530w\" sizes=\"auto, (max-width: 300px) 100vw, 300px\" \/><\/a><figcaption id=\"caption-attachment-64587\" class=\"wp-caption-text\">En la muestra se estuvo ofreciendo productos t\u00edpicos de cada pa\u00eds o entregando informaci\u00f3n a quien lo requer\u00eda.<\/figcaption><\/figure>\n<ul>\n<li><strong>En la ocasi\u00f3n, participaron 7 pa\u00edses, incluyendo Chile, en esta feria organizada por el Departamento de extranjer\u00eda de la Gobernaci\u00f3n de San Felipe y el Fosis.<\/strong><\/li>\n<\/ul>\n<p>Hasta la Plaza de Armas de San Felipe arribaron delegaciones de distintos pa\u00edses para participar en la 1\u00aa muestra intercultural que se ha desarrollado en la Provincia y que se realiz\u00f3 en el marco de la celebraci\u00f3n del mes de migrante.<br \/>\nEl objetivo de la iniciativa, llevada a cabo por la Gobernaci\u00f3n y Fosis a trav\u00e9s del proyecto Piloto de Animaci\u00f3n Sociocultural para el Fomento de la Interculturalidad, busca mostrar parte de las distintas culturas que conviven y convergen en la Provincia de San Felipe.<br \/>\nEn la oportunidad, el gobernador Eduardo Le\u00f3n se mostr\u00f3 contento con el desarrollo de esta muestra que celebra a los extranjeros que viven en esta zona. \u201cEl Gobierno de la Presidenta Bachelet quieren avanzar en el tema de la migraci\u00f3n, en temas de derecho y as\u00ed incorporarlos a la sociedad. Es por eso que con el Fosis realizaremos un trabajo justamente para apoyarlos en la incorporaci\u00f3n a nuestro pa\u00eds\u201d, sostuvo la m\u00e1xima autoridad provincial.<br \/>\nEsta feria estuvo durante toda la ma\u00f1ana ofreciendo sus productos t\u00edpicos de cada pa\u00eds, entregando informaci\u00f3n a quien lo requer\u00eda y te\u00f1\u00eda con los colores de las distintas banderas el coraz\u00f3n de la comuna sanfelipe\u00f1a.<br \/>\nPor su parte, Marcelo Aguilar, Director Regional de Fosis, explic\u00f3 que est\u00e1n desarrollando diversos programas pilotos en las diversas provincias. \u201cLa idea es generar acciones comunitarias de trabajo social con el tema migrante tanto en San Felipe como en Los Andes, y esto porque es una zona fronteriza, donde se asienta mucho migrante y el trabajo comunitario, de inserci\u00f3n comunitaria, en juntas de vecinos y colegios es un tema que tenemos en esta riqueza cultural que tiene ambas ciudades\u201d, especific\u00f3.<br \/>\nEn esa l\u00ednea, Aguilar sostuvo que mantendr\u00e1n el trabajo en conjunto con la Gobernaci\u00f3n. \u201cEstamos trabajando fuertemente en el diagn\u00f3stico de intervenciones comunitarias en San Felipe y estos programas han dado muy buenos resultados. Nos sentimos satisfechos porque en Chile hay una mirada m\u00e1s integradora, se est\u00e1 eliminando la xenofobia y el trabajo demuestra que hay una l\u00ednea m\u00e1s abierta de trabajo entre los pueblos\u201d, afirm\u00f3.<br \/>\nEn tanto, Le\u00f3n inform\u00f3 que estas iniciativas se replicar\u00e1n en los pr\u00f3ximos meses, ya que la intenci\u00f3n es seguir generando espacios para la cultura en los distintos rincones de la Provincia.<br \/>\nLos pa\u00edses que participaron de esta 1\u00b0 muestra fueron Hait\u00ed, China, Per\u00fa, Colombia, Palestina, Chile, Aimara y Jap\u00f3n.<br \/>\nY adem\u00e1s, se cont\u00f3 con la presencia del Instituto de Derechos Humanos de la regi\u00f3n de Valpara\u00edso.<\/p>\n","protected":false},"excerpt":{"rendered":"<p>En la ocasi\u00f3n, participaron 7 pa\u00edses, incluyendo Chile, en esta feria organizada por el Departamento de extranjer\u00eda de la Gobernaci\u00f3n de San Felipe y el Fosis. Hasta la Plaza de Armas de&#8230;<\/p>\n","protected":false},"author":482,"featured_media":64587,"comment_status":"open","ping_status":"open","sticky":false,"template":"","format":"standard","meta":{"advanced_seo_description":"","jetpack_seo_html_title":"","jetpack_seo_noindex":false,"_jetpack_memberships_contains_paid_content":false,"footnotes":""},"categories":[1],"tags":[],"class_list":["post-64586","post","type-post","status-publish","format-standard","has-post-thumbnail","hentry","category-cronica"],"jetpack_featured_media_url":"https:\/\/i0.wp.com\/eltrabajo.cl\/portal\/wp-content\/uploads\/2015\/12\/Muestra-intercultural-en-San-Felipe.jpg?fit=530%2C350&ssl=1","jetpack_sharing_enabled":true,"jetpack_likes_enabled":true,"jetpack-related-posts":[],"_links":{"self":[{"href":"https:\/\/eltrabajo.cl\/portal\/wp-json\/wp\/v2\/posts\/64586","targetHints":{"allow":["GET"]}}],"collection":[{"href":"https:\/\/eltrabajo.cl\/portal\/wp-json\/wp\/v2\/posts"}],"about":[{"href":"https:\/\/eltrabajo.cl\/portal\/wp-json\/wp\/v2\/types\/post"}],"author":[{"embeddable":true,"href":"https:\/\/eltrabajo.cl\/portal\/wp-json\/wp\/v2\/users\/482"}],"replies":[{"embeddable":true,"href":"https:\/\/eltrabajo.cl\/portal\/wp-json\/wp\/v2\/comments?post=64586"}],"version-history":[{"count":0,"href":"https:\/\/eltrabajo.cl\/portal\/wp-json\/wp\/v2\/posts\/64586\/revisions"}],"wp:featuredmedia":[{"embeddable":true,"href":"https:\/\/eltrabajo.cl\/portal\/wp-json\/wp\/v2\/media\/64587"}],"wp:attachment":[{"href":"https:\/\/eltrabajo.cl\/portal\/wp-json\/wp\/v2\/media?parent=64586"}],"wp:term":[{"taxonomy":"category","embeddable":true,"href":"https:\/\/eltrabajo.cl\/portal\/wp-json\/wp\/v2\/categories?post=64586"},{"taxonomy":"post_tag","embeddable":true,"href":"https:\/\/eltrabajo.cl\/portal\/wp-json\/wp\/v2\/tags?post=64586"}],"curies":[{"name":"wp","href":"https:\/\/api.w.org\/{rel}","templated":true}]}}