{"id":64589,"date":"2015-12-07T14:39:29","date_gmt":"2015-12-07T17:39:29","guid":{"rendered":"http:\/\/www.eltrabajo.cl\/portal\/?p=64589"},"modified":"2015-12-07T14:39:29","modified_gmt":"2015-12-07T17:39:29","slug":"entregan-mas-de-90-estanques-acumuladores-en-provincia-de-san-felipe","status":"publish","type":"post","link":"https:\/\/eltrabajo.cl\/portal\/entregan-mas-de-90-estanques-acumuladores-en-provincia-de-san-felipe\/","title":{"rendered":"Entregan m\u00e1s de 90 estanques acumuladores en provincia de San Felipe"},"content":{"rendered":"<figure id=\"attachment_64590\" aria-describedby=\"caption-attachment-64590\" style=\"width: 300px\" class=\"wp-caption alignleft\"><a href=\"https:\/\/i0.wp.com\/www.eltrabajo.cl\/portal\/wp-content\/uploads\/2015\/12\/Entrega-estanques.jpg\"><img data-recalc-dims=\"1\" loading=\"lazy\" decoding=\"async\" class=\"wp-image-64590 size-medium\" src=\"https:\/\/i0.wp.com\/www.eltrabajo.cl\/portal\/wp-content\/uploads\/2015\/12\/Entrega-estanques-300x198.jpg?resize=300%2C198\" alt=\"El gobernador Eduardo Le\u00f3n, junto al alcalde Patricio Freire, el alcalde de Llay Llay Mario Marillanca y la Dideco de Panquehue, Camila Arag\u00f3n, en la entrega de estanques acumuladores de agua. \" width=\"300\" height=\"198\" srcset=\"https:\/\/i0.wp.com\/eltrabajo.cl\/portal\/wp-content\/uploads\/2015\/12\/Entrega-estanques.jpg?resize=300%2C198&amp;ssl=1 300w, https:\/\/i0.wp.com\/eltrabajo.cl\/portal\/wp-content\/uploads\/2015\/12\/Entrega-estanques.jpg?resize=200%2C132&amp;ssl=1 200w, https:\/\/i0.wp.com\/eltrabajo.cl\/portal\/wp-content\/uploads\/2015\/12\/Entrega-estanques.jpg?resize=227%2C150&amp;ssl=1 227w, https:\/\/i0.wp.com\/eltrabajo.cl\/portal\/wp-content\/uploads\/2015\/12\/Entrega-estanques.jpg?resize=400%2C264&amp;ssl=1 400w, https:\/\/i0.wp.com\/eltrabajo.cl\/portal\/wp-content\/uploads\/2015\/12\/Entrega-estanques.jpg?w=530&amp;ssl=1 530w\" sizes=\"auto, (max-width: 300px) 100vw, 300px\" \/><\/a><figcaption id=\"caption-attachment-64590\" class=\"wp-caption-text\">El gobernador Eduardo Le\u00f3n, junto al alcalde Patricio Freire, el alcalde de Llay Llay Mario Marillanca y la Dideco de Panquehue, Camila Arag\u00f3n, en la entrega de estanques acumuladores de agua.<\/figcaption><\/figure>\n<p>La intenci\u00f3n es ir en apoyo de las comunidades afectadas por la sequ\u00eda y por la ausencia del recurso h\u00eddrico.<\/p>\n<p>Durante la ma\u00f1ana de este s\u00e1bado, el Gobernador Eduardo Le\u00f3n hizo entrega de 96 estanques a los municipios de San Felipe, Panquehue y Llay Llay destinados por el Ministerio del Interior para enfrentar de mejor manera la sequ\u00eda que a\u00fan afecta al valle de Aconcagua y, por otro lado, mantener el trabajo con las comunidades que han tenido complicaciones con el suministro de agua potable.<br \/>\nEn esa l\u00ednea, la m\u00e1xima autoridad provincial destac\u00f3 que \u201cafortunadamente este invierno tuvimos mayor disposici\u00f3n de agua, lo que no significa que el problema haya terminado. Nosotros hicimos un diagn\u00f3stico preventivo junto a los municipios, sus unidades de emergencias y Didecos para ver d\u00f3nde se requiere m\u00e1s suministro de agua. Para nosotros es prioridad el agua potable. As\u00ed que lo que entregamos hoy tiene que ver con acciones preventivas para este verano\u201d, afirm\u00f3.<br \/>\nAsimismo, Le\u00f3n inform\u00f3 que se mantendr\u00e1 el trabajo que se ha desarrollado con los APR. \u201cTenemos una fuerte inversi\u00f3n y trabajo con ellos. As\u00ed que estamos preparados para enfrentar posibles consecuencias del verano para as\u00ed reaccionar de mejor manera a las necesidades de las personas\u201d.<br \/>\nEn tanto, el alcalde Patricio Freire dijo que \u201cexisten varios sectores rurales en la comuna de San Felipe sin agua potable, por lo estos estanques ser\u00e1n un gran alivio para los vecinos que podr\u00e1n suplir las falta de agua\u201d, se\u00f1al\u00f3.<br \/>\nPor su parte, el jefe comunal de Llay Llay, Mario Marillanca, destac\u00f3 la iniciativa, ya que permitir\u00e1 reforzar el trabajo que se ha desarrollado con los vecinos, quienes se vieron afectados por la sequ\u00eda durante el verano anterior. \u201cIndependiente que el r\u00edo Aconcagua traiga mayor cuadal, yo creo que este cambio clim\u00e1tico va a persistir, por lo que hay que estar preparado para estos escenarios donde habr\u00e1n m\u00e1s o igual sequ\u00eda. Nosotros tenemos catastrados los hogares que mantienen estos problemas para apoyarlos oportunamente\u201d destac\u00f3.<br \/>\nFinalmente, Camila Arag\u00f3n, Dideco de Panquehue, agradeci\u00f3 la entrega de estos acumuladores, que servir\u00e1n de mucha ayuda para los vecinos del sector. \u201cSiempre existir\u00e1 la necesidad de apoyar a los vecinos, por eso agradecemos en nombre del Alcalde Luis Pradenas la entrega de estos recursos que permitir\u00e1n estar mejor preparados en la entrega y apoyo\u201d.<br \/>\nLa entrega de estos estanques se dividi\u00f3 de la siguiente manera: Panquehue, 10 estanques: 5 de 500 litros, m\u00e1s 5 de 1000; San Felipe, 40 estanques: 38 de 500 litros, m\u00e1s 2 de 1000; Llay Llay, 46 estanques: 29 de 500 litros, m\u00e1s 17 de 1000.<\/p>\n","protected":false},"excerpt":{"rendered":"<p>La intenci\u00f3n es ir en apoyo de las comunidades afectadas por la sequ\u00eda y por la ausencia del recurso h\u00eddrico. Durante la ma\u00f1ana de este s\u00e1bado, el Gobernador Eduardo Le\u00f3n hizo entrega&#8230;<\/p>\n","protected":false},"author":482,"featured_media":64590,"comment_status":"open","ping_status":"open","sticky":false,"template":"","format":"standard","meta":{"advanced_seo_description":"","jetpack_seo_html_title":"","jetpack_seo_noindex":false,"_jetpack_memberships_contains_paid_content":false,"footnotes":""},"categories":[1],"tags":[],"class_list":["post-64589","post","type-post","status-publish","format-standard","has-post-thumbnail","hentry","category-cronica"],"jetpack_featured_media_url":"https:\/\/i0.wp.com\/eltrabajo.cl\/portal\/wp-content\/uploads\/2015\/12\/Entrega-estanques.jpg?fit=530%2C350&ssl=1","jetpack_sharing_enabled":true,"jetpack_likes_enabled":true,"jetpack-related-posts":[],"_links":{"self":[{"href":"https:\/\/eltrabajo.cl\/portal\/wp-json\/wp\/v2\/posts\/64589","targetHints":{"allow":["GET"]}}],"collection":[{"href":"https:\/\/eltrabajo.cl\/portal\/wp-json\/wp\/v2\/posts"}],"about":[{"href":"https:\/\/eltrabajo.cl\/portal\/wp-json\/wp\/v2\/types\/post"}],"author":[{"embeddable":true,"href":"https:\/\/eltrabajo.cl\/portal\/wp-json\/wp\/v2\/users\/482"}],"replies":[{"embeddable":true,"href":"https:\/\/eltrabajo.cl\/portal\/wp-json\/wp\/v2\/comments?post=64589"}],"version-history":[{"count":0,"href":"https:\/\/eltrabajo.cl\/portal\/wp-json\/wp\/v2\/posts\/64589\/revisions"}],"wp:featuredmedia":[{"embeddable":true,"href":"https:\/\/eltrabajo.cl\/portal\/wp-json\/wp\/v2\/media\/64590"}],"wp:attachment":[{"href":"https:\/\/eltrabajo.cl\/portal\/wp-json\/wp\/v2\/media?parent=64589"}],"wp:term":[{"taxonomy":"category","embeddable":true,"href":"https:\/\/eltrabajo.cl\/portal\/wp-json\/wp\/v2\/categories?post=64589"},{"taxonomy":"post_tag","embeddable":true,"href":"https:\/\/eltrabajo.cl\/portal\/wp-json\/wp\/v2\/tags?post=64589"}],"curies":[{"name":"wp","href":"https:\/\/api.w.org\/{rel}","templated":true}]}}