{"id":64592,"date":"2015-12-07T14:42:43","date_gmt":"2015-12-07T17:42:43","guid":{"rendered":"http:\/\/www.eltrabajo.cl\/portal\/?p=64592"},"modified":"2015-12-07T14:42:43","modified_gmt":"2015-12-07T17:42:43","slug":"autismo-san-felipe-convoca-a-encuentro-de-familias-que-viven-trastorno","status":"publish","type":"post","link":"https:\/\/eltrabajo.cl\/portal\/autismo-san-felipe-convoca-a-encuentro-de-familias-que-viven-trastorno\/","title":{"rendered":"Autismo San Felipe convoca a encuentro de familias que viven trastorno"},"content":{"rendered":"<figure id=\"attachment_64593\" aria-describedby=\"caption-attachment-64593\" style=\"width: 300px\" class=\"wp-caption alignleft\"><a href=\"https:\/\/i0.wp.com\/www.eltrabajo.cl\/portal\/wp-content\/uploads\/2015\/12\/VOLUNTARIAS-DE-LA-ASOCIACION-DE-AUTISMO-SAN-FELIPE.jpg\"><img data-recalc-dims=\"1\" loading=\"lazy\" decoding=\"async\" class=\"wp-image-64593 size-medium\" src=\"https:\/\/i0.wp.com\/www.eltrabajo.cl\/portal\/wp-content\/uploads\/2015\/12\/VOLUNTARIAS-DE-LA-ASOCIACION-DE-AUTISMO-SAN-FELIPE-300x198.jpg?resize=300%2C198\" alt=\"Voluntarias de la Asociaci\u00f3n de Autismo San Felipe de Aconcagua, Fabiola Maldonado (a la derecha) junto a la kinesi\u00f3loga Giovanna Cesario (izquierda).\" width=\"300\" height=\"198\" srcset=\"https:\/\/i0.wp.com\/eltrabajo.cl\/portal\/wp-content\/uploads\/2015\/12\/VOLUNTARIAS-DE-LA-ASOCIACION-DE-AUTISMO-SAN-FELIPE.jpg?resize=300%2C198&amp;ssl=1 300w, https:\/\/i0.wp.com\/eltrabajo.cl\/portal\/wp-content\/uploads\/2015\/12\/VOLUNTARIAS-DE-LA-ASOCIACION-DE-AUTISMO-SAN-FELIPE.jpg?resize=200%2C132&amp;ssl=1 200w, https:\/\/i0.wp.com\/eltrabajo.cl\/portal\/wp-content\/uploads\/2015\/12\/VOLUNTARIAS-DE-LA-ASOCIACION-DE-AUTISMO-SAN-FELIPE.jpg?resize=228%2C150&amp;ssl=1 228w, https:\/\/i0.wp.com\/eltrabajo.cl\/portal\/wp-content\/uploads\/2015\/12\/VOLUNTARIAS-DE-LA-ASOCIACION-DE-AUTISMO-SAN-FELIPE.jpg?resize=400%2C263&amp;ssl=1 400w, https:\/\/i0.wp.com\/eltrabajo.cl\/portal\/wp-content\/uploads\/2015\/12\/VOLUNTARIAS-DE-LA-ASOCIACION-DE-AUTISMO-SAN-FELIPE.jpg?w=530&amp;ssl=1 530w\" sizes=\"auto, (max-width: 300px) 100vw, 300px\" \/><\/a><figcaption id=\"caption-attachment-64593\" class=\"wp-caption-text\">Voluntarias de la Asociaci\u00f3n de Autismo San Felipe de Aconcagua, Fabiola Maldonado (a la derecha) junto a la kinesi\u00f3loga Giovanna Cesario (izquierda).<\/figcaption><\/figure>\n<ul>\n<li><strong>Adem\u00e1s de abordar diversas tem\u00e1ticas. la organizaci\u00f3n pretende elaborar un catastro oficial de personas que viven bajo esta condici\u00f3n en la ciudad.<\/strong><\/li>\n<\/ul>\n<p>Con el objetivo de dar a conocer el proyecto terap\u00e9utico de la Casa Azul y hacer visible a la comunidad la tem\u00e1tica del autismo, este mi\u00e9rcoles a las 18:30 horas en el Sal\u00f3n subterr\u00e1neo de la Municipalidad de San Felipe, se realizar\u00e1 un encuentro para padres de ni\u00f1os con este trastorno, el evento es organizado por la Asociaci\u00f3n de Autismo San Felipe de Aconcagua.<br \/>\nSi bien la cita est\u00e1 destinada espec\u00edficamente a los familiares m\u00e1s cercanos de peque\u00f1os y peque\u00f1as con esta condici\u00f3n, Fabiola Maldonado, voluntaria de esta agrupaci\u00f3n, asegur\u00f3 que puede participar toda la comunidad pues se abordar\u00e1n temas relacionados con metodolog\u00edas de control del estr\u00e9s de las personas vinculadas a ni\u00f1os y ni\u00f1as con autismo.<br \/>\n\u201cEl que quiera apoyar y aprender es bienvenido, pero ponemos esencial \u00e9nfasis en los cuidadores, vamos a ocupar una metodolog\u00eda que se llama mindfulness (terapia de meditaci\u00f3n) para controlar el estr\u00e9s del cuidador, porque nos dimos cuenta en terreno que los pap\u00e1s sufre mucho con el tema y tenemos que partir por las familias y necesitamos de su apoyo para poder trabajar con sus hijos\u201d, expres\u00f3 Maldonado.<br \/>\nLa profesional inform\u00f3 adem\u00e1s que la reuni\u00f3n servir\u00e1 para realizar un catastro de las familias que conviven con este trastorno, pues en la ciudad a\u00fan no se tiene un registro certero de cu\u00e1ntas personas est\u00e1n afectadas por esta condici\u00f3n y por lo tanto \u201cnecesitamos saber con quienes vamos a trabajar durante el verano en los talleres recreativos y terap\u00e9uticos que tenemos pensado comenzar en Enero y que est\u00e1n dentro de nuestro plan de trabajo\u201d, a\u00f1adi\u00f3.<br \/>\nPara esto, el mismo d\u00eda de la actividad se entregar\u00e1 una ficha de inscripci\u00f3n a los participantes, porque hasta el momento han sido unos 60 padres los que han presentado la inquietud de adquirir conocimiento referente a la tem\u00e1tica, pero seg\u00fan Maldonado \u201cla idea es crear un registro oficial de las familias que necesitan apoyo, por eso estamos haciendo la convocatoria, porque estamos realizando un estudio y buscando informaci\u00f3n tanto a nivel provincial como nacional para poder determinar cu\u00e1nta es la gente que est\u00e1 bajo este trastorno. La ficha nos va a permitir conocer a quienes vamos a intervenir\u201d, destac\u00f3<br \/>\nRespecto del proyecto Casa Azul, Maldonado asever\u00f3 que actualmente est\u00e1n viviendo un per\u00edodo de marcha blanca, pero que pretenden desarrollar todos sus talleres en esta propiedad a partir del 2016<\/p>\n","protected":false},"excerpt":{"rendered":"<p>Adem\u00e1s de abordar diversas tem\u00e1ticas. la organizaci\u00f3n pretende elaborar un catastro oficial de personas que viven bajo esta condici\u00f3n en la ciudad. Con el objetivo de dar a conocer el proyecto terap\u00e9utico&#8230;<\/p>\n","protected":false},"author":482,"featured_media":64593,"comment_status":"open","ping_status":"open","sticky":false,"template":"","format":"standard","meta":{"advanced_seo_description":"","jetpack_seo_html_title":"","jetpack_seo_noindex":false,"_jetpack_memberships_contains_paid_content":false,"footnotes":""},"categories":[15],"tags":[],"class_list":["post-64592","post","type-post","status-publish","format-standard","has-post-thumbnail","hentry","category-comunidad"],"jetpack_featured_media_url":"https:\/\/i0.wp.com\/eltrabajo.cl\/portal\/wp-content\/uploads\/2015\/12\/VOLUNTARIAS-DE-LA-ASOCIACION-DE-AUTISMO-SAN-FELIPE.jpg?fit=530%2C349&ssl=1","jetpack_sharing_enabled":true,"jetpack_likes_enabled":true,"jetpack-related-posts":[],"_links":{"self":[{"href":"https:\/\/eltrabajo.cl\/portal\/wp-json\/wp\/v2\/posts\/64592","targetHints":{"allow":["GET"]}}],"collection":[{"href":"https:\/\/eltrabajo.cl\/portal\/wp-json\/wp\/v2\/posts"}],"about":[{"href":"https:\/\/eltrabajo.cl\/portal\/wp-json\/wp\/v2\/types\/post"}],"author":[{"embeddable":true,"href":"https:\/\/eltrabajo.cl\/portal\/wp-json\/wp\/v2\/users\/482"}],"replies":[{"embeddable":true,"href":"https:\/\/eltrabajo.cl\/portal\/wp-json\/wp\/v2\/comments?post=64592"}],"version-history":[{"count":0,"href":"https:\/\/eltrabajo.cl\/portal\/wp-json\/wp\/v2\/posts\/64592\/revisions"}],"wp:featuredmedia":[{"embeddable":true,"href":"https:\/\/eltrabajo.cl\/portal\/wp-json\/wp\/v2\/media\/64593"}],"wp:attachment":[{"href":"https:\/\/eltrabajo.cl\/portal\/wp-json\/wp\/v2\/media?parent=64592"}],"wp:term":[{"taxonomy":"category","embeddable":true,"href":"https:\/\/eltrabajo.cl\/portal\/wp-json\/wp\/v2\/categories?post=64592"},{"taxonomy":"post_tag","embeddable":true,"href":"https:\/\/eltrabajo.cl\/portal\/wp-json\/wp\/v2\/tags?post=64592"}],"curies":[{"name":"wp","href":"https:\/\/api.w.org\/{rel}","templated":true}]}}