{"id":64601,"date":"2015-12-07T14:48:55","date_gmt":"2015-12-07T17:48:55","guid":{"rendered":"http:\/\/www.eltrabajo.cl\/portal\/?p=64601"},"modified":"2015-12-07T14:48:55","modified_gmt":"2015-12-07T17:48:55","slug":"un-muerto-y-ocho-damnificados-deja-brutal-incendio-en-llay-llay","status":"publish","type":"post","link":"https:\/\/eltrabajo.cl\/portal\/un-muerto-y-ocho-damnificados-deja-brutal-incendio-en-llay-llay\/","title":{"rendered":"Un muerto y ocho damnificados deja brutal incendio en Llay Llay"},"content":{"rendered":"<figure id=\"attachment_64602\" aria-describedby=\"caption-attachment-64602\" style=\"width: 300px\" class=\"wp-caption alignleft\"><a href=\"https:\/\/i0.wp.com\/www.eltrabajo.cl\/portal\/wp-content\/uploads\/2015\/12\/INCENDIO-LLAY-LLAY-2.jpg\"><img data-recalc-dims=\"1\" loading=\"lazy\" decoding=\"async\" class=\"wp-image-64602 size-medium\" src=\"https:\/\/i0.wp.com\/www.eltrabajo.cl\/portal\/wp-content\/uploads\/2015\/12\/INCENDIO-LLAY-LLAY-2-300x198.jpg?resize=300%2C198\" alt=\"Hasta las primeras horas de la ma\u00f1ana de ayer domingo personal de Bomberos trabaj\u00f3 en el combate de las llamas. (Fotograf\u00eda: @CB_LlayLlay).\" width=\"300\" height=\"198\" srcset=\"https:\/\/i0.wp.com\/eltrabajo.cl\/portal\/wp-content\/uploads\/2015\/12\/INCENDIO-LLAY-LLAY-2.jpg?resize=300%2C198&amp;ssl=1 300w, https:\/\/i0.wp.com\/eltrabajo.cl\/portal\/wp-content\/uploads\/2015\/12\/INCENDIO-LLAY-LLAY-2.jpg?resize=200%2C132&amp;ssl=1 200w, https:\/\/i0.wp.com\/eltrabajo.cl\/portal\/wp-content\/uploads\/2015\/12\/INCENDIO-LLAY-LLAY-2.jpg?resize=227%2C150&amp;ssl=1 227w, https:\/\/i0.wp.com\/eltrabajo.cl\/portal\/wp-content\/uploads\/2015\/12\/INCENDIO-LLAY-LLAY-2.jpg?resize=400%2C264&amp;ssl=1 400w, https:\/\/i0.wp.com\/eltrabajo.cl\/portal\/wp-content\/uploads\/2015\/12\/INCENDIO-LLAY-LLAY-2.jpg?w=530&amp;ssl=1 530w\" sizes=\"auto, (max-width: 300px) 100vw, 300px\" \/><\/a><figcaption id=\"caption-attachment-64602\" class=\"wp-caption-text\">Hasta las primeras horas de la ma\u00f1ana de ayer domingo personal de Bomberos trabaj\u00f3 en el combate de las llamas. (Fotograf\u00eda: @CB_LlayLlay).<\/figcaption><\/figure>\n<ul>\n<li><strong>Jaime Moraga Araya, de 55 a\u00f1os de edad, falleci\u00f3 v\u00edctima de intensa inhalaci\u00f3n de mon\u00f3xido de carbono al interior de su vivienda ubicada en la villa Santa Teresa de Llay Llay. Primeras diligencias de la PDI indicar\u00edan que el fuego se habr\u00eda originado por una vela encendida a imagen religiosa.<\/strong><\/li>\n<\/ul>\n<p>V\u00edctima de una asfixia por inhalaci\u00f3n de mon\u00f3xido de carbono y con un 50% de quemaduras en su cuerpo, falleci\u00f3 un hombre de 55 a\u00f1os de edad identificado como Jaime Moraga Araya, tras un voraz incendio que consumi\u00f3 en su totalidad dos viviendas, afectando a otras dos que resultaron con da\u00f1os de consideraci\u00f3n, ubicadas en el pasaje Victoria de la villa Santa Teresa de la comuna de Llay Llay.<br \/>\nEl lamentable hecho se origin\u00f3 pasadas las 04:30 horas de la madrugada de ayer domingo, cuando las llamas r\u00e1pidamente comenzaron a propagarse por la vivienda donde resid\u00eda el actual occiso y cuyo origen habr\u00eda sido una vela que se encontraba encendida junto a una imagen religiosa.<br \/>\nEl siniestro comenz\u00f3 a desatarse mientras los residentes se encontraban durmiendo, y tras la inhalaci\u00f3n del t\u00f3xico humo, Jaime Araya falleci\u00f3 de manera instant\u00e1nea sufriendo adem\u00e1s heridas producto de las llamas que quemaron su cuerpo, sin lograr que familiares lo pudieran salvar.<br \/>\nLa propagaci\u00f3n del fuego comenz\u00f3 a destruir en segundos una vivienda vecina donde residen familiares del malogrado hombre, dejando como consecuencia a m\u00e1s de ocho personas literalmente en la calle, tras la p\u00e9rdida total de ambos domicilios que resultaron calcinados.<br \/>\nPersonal de Bomberos de esa localidad trabaj\u00f3 arduamente en el combate de las llamas que amenazaban a otros inmuebles, causando gran conmoci\u00f3n entre los vecinos que resguardaron sus enseres materiales llev\u00e1ndolos hasta la v\u00eda p\u00fablica, por el temor de aumentar las v\u00edctimas de este tr\u00e1gico incendio.<br \/>\nSin embargo, la brutalidad del siniestro dej\u00f3 como resultado dos viviendas completamente calcinadas con p\u00e9rdida total y otras dos con da\u00f1os de consideraci\u00f3n menor habitable, seg\u00fan la evaluaci\u00f3n que resolvi\u00f3 la direcci\u00f3n regional de la Onemi.<br \/>\nControlada la emergencia, concurri\u00f3 al lugar el fiscal de turno junto con los peritos de la Brigada de Homicidios de la Polic\u00eda de Investigaciones de Los Andes para iniciar las diligencias que establecer\u00e1n en primera instancia la causa de muerte de este vecino.<br \/>\nEl Comisario de la polic\u00eda civil, Gino Guti\u00e9rrez afirm\u00f3 a Diario El Trabajo que tras la revisi\u00f3n superficial al cuerpo del occiso, \u00e9ste no presentaba intervenci\u00f3n de terceras personas en el fallecimiento, estableciendo como causa de muerte la asfixia por inhalaci\u00f3n de mon\u00f3xido de carbono, la que deber\u00e1 ser confirmada tras la autopsia de rigor.<br \/>\n\u201cBomberos acude al lugar, extingue el siniestro afectando tambi\u00e9n a otra vivienda que tambi\u00e9n son familiares, con p\u00e9rdida total. Se trabaj\u00f3 en el sitio del suceso, estamos hablando que la causa de muerte fue asfixia por mon\u00f3xido de carbono y el origen del incendio fue accidental, ocasionado por una vela. Se trata de una muerte accidental, no hay participaci\u00f3n de terceros, no obstante hay que esperar el resultado de la autopsia\u201d.<br \/>\nGuti\u00e9rrez agreg\u00f3 que tras este procedimiento en el lugar de los hechos de acuerdo a las pruebas testimoniales, las pericias fotogr\u00e1ficas, planimetr\u00eda, mec\u00e1nico y qu\u00edmico de la PDI, los indicios en el cuerpo descartar\u00edan la ocurrencia de un eventual homicidio.<br \/>\n\u201cEsta persona no logr\u00f3 salir del inmueble y la combusti\u00f3n de art\u00edculos sint\u00e9ticos y pl\u00e1sticos que emanan gases t\u00f3xicos y la combusti\u00f3n de la madera provocaron su deceso tras la inhalaci\u00f3n. La persona que resid\u00eda con el actual occiso result\u00f3 con quemaduras en su cuerpo de menor consideraci\u00f3n\u201d, concluy\u00f3 el jefe de la Brigada de Homicidios.<br \/>\n<strong>Pablo Salinas Sald\u00edas<\/strong><\/p>\n","protected":false},"excerpt":{"rendered":"<p>Jaime Moraga Araya, de 55 a\u00f1os de edad, falleci\u00f3 v\u00edctima de intensa inhalaci\u00f3n de mon\u00f3xido de carbono al interior de su vivienda ubicada en la villa Santa Teresa de Llay Llay. Primeras&#8230;<\/p>\n","protected":false},"author":482,"featured_media":64602,"comment_status":"open","ping_status":"open","sticky":false,"template":"","format":"standard","meta":{"advanced_seo_description":"","jetpack_seo_html_title":"","jetpack_seo_noindex":false,"_jetpack_memberships_contains_paid_content":false,"footnotes":""},"categories":[21],"tags":[],"class_list":["post-64601","post","type-post","status-publish","format-standard","has-post-thumbnail","hentry","category-policial"],"jetpack_featured_media_url":"https:\/\/i0.wp.com\/eltrabajo.cl\/portal\/wp-content\/uploads\/2015\/12\/INCENDIO-LLAY-LLAY-2.jpg?fit=530%2C350&ssl=1","jetpack_sharing_enabled":true,"jetpack_likes_enabled":true,"jetpack-related-posts":[],"_links":{"self":[{"href":"https:\/\/eltrabajo.cl\/portal\/wp-json\/wp\/v2\/posts\/64601","targetHints":{"allow":["GET"]}}],"collection":[{"href":"https:\/\/eltrabajo.cl\/portal\/wp-json\/wp\/v2\/posts"}],"about":[{"href":"https:\/\/eltrabajo.cl\/portal\/wp-json\/wp\/v2\/types\/post"}],"author":[{"embeddable":true,"href":"https:\/\/eltrabajo.cl\/portal\/wp-json\/wp\/v2\/users\/482"}],"replies":[{"embeddable":true,"href":"https:\/\/eltrabajo.cl\/portal\/wp-json\/wp\/v2\/comments?post=64601"}],"version-history":[{"count":0,"href":"https:\/\/eltrabajo.cl\/portal\/wp-json\/wp\/v2\/posts\/64601\/revisions"}],"wp:featuredmedia":[{"embeddable":true,"href":"https:\/\/eltrabajo.cl\/portal\/wp-json\/wp\/v2\/media\/64602"}],"wp:attachment":[{"href":"https:\/\/eltrabajo.cl\/portal\/wp-json\/wp\/v2\/media?parent=64601"}],"wp:term":[{"taxonomy":"category","embeddable":true,"href":"https:\/\/eltrabajo.cl\/portal\/wp-json\/wp\/v2\/categories?post=64601"},{"taxonomy":"post_tag","embeddable":true,"href":"https:\/\/eltrabajo.cl\/portal\/wp-json\/wp\/v2\/tags?post=64601"}],"curies":[{"name":"wp","href":"https:\/\/api.w.org\/{rel}","templated":true}]}}