{"id":64608,"date":"2015-12-09T14:22:53","date_gmt":"2015-12-09T17:22:53","guid":{"rendered":"http:\/\/www.eltrabajo.cl\/portal\/?p=64608"},"modified":"2015-12-09T14:22:53","modified_gmt":"2015-12-09T17:22:53","slug":"dirigentes-esperan-que-mop-retire-proyecto-de-embalse-puntilla-del-viento","status":"publish","type":"post","link":"https:\/\/eltrabajo.cl\/portal\/dirigentes-esperan-que-mop-retire-proyecto-de-embalse-puntilla-del-viento\/","title":{"rendered":"Dirigentes esperan que MOP retire proyecto de embalse Puntilla del Viento"},"content":{"rendered":"<figure id=\"attachment_64609\" aria-describedby=\"caption-attachment-64609\" style=\"width: 300px\" class=\"wp-caption alignleft\"><a href=\"https:\/\/i0.wp.com\/www.eltrabajo.cl\/portal\/wp-content\/uploads\/2015\/12\/mesa_internacional.jpg\"><img data-recalc-dims=\"1\" loading=\"lazy\" decoding=\"async\" class=\"wp-image-64609 size-medium\" src=\"https:\/\/i0.wp.com\/www.eltrabajo.cl\/portal\/wp-content\/uploads\/2015\/12\/mesa_internacional-300x198.jpg?resize=300%2C198\" alt=\"Autoridades provinciales se reunieron con representantes de la Agrupaci\u00f3n por el Mejoramiento del Camino Internacional, para hablar sobre el proyecto de embalse Puntilla del Viento.\" width=\"300\" height=\"198\" srcset=\"https:\/\/i0.wp.com\/eltrabajo.cl\/portal\/wp-content\/uploads\/2015\/12\/mesa_internacional.jpg?resize=300%2C198&amp;ssl=1 300w, https:\/\/i0.wp.com\/eltrabajo.cl\/portal\/wp-content\/uploads\/2015\/12\/mesa_internacional.jpg?resize=200%2C132&amp;ssl=1 200w, https:\/\/i0.wp.com\/eltrabajo.cl\/portal\/wp-content\/uploads\/2015\/12\/mesa_internacional.jpg?resize=228%2C150&amp;ssl=1 228w, https:\/\/i0.wp.com\/eltrabajo.cl\/portal\/wp-content\/uploads\/2015\/12\/mesa_internacional.jpg?resize=400%2C263&amp;ssl=1 400w, https:\/\/i0.wp.com\/eltrabajo.cl\/portal\/wp-content\/uploads\/2015\/12\/mesa_internacional.jpg?w=530&amp;ssl=1 530w\" sizes=\"auto, (max-width: 300px) 100vw, 300px\" \/><\/a><figcaption id=\"caption-attachment-64609\" class=\"wp-caption-text\">Autoridades provinciales se reunieron con representantes de la Agrupaci\u00f3n por el Mejoramiento del Camino Internacional, para hablar sobre el proyecto de embalse Puntilla del Viento.<\/figcaption><\/figure>\n<ul>\n<li><strong>Exigen un compromiso por escrito de la autoridad en la pr\u00f3xima reuni\u00f3n de la mesa t\u00e9cnica.<\/strong><\/li>\n<\/ul>\n<p><strong>LOS ANDES.-<\/strong> El Presidente de la Agrupaci\u00f3n por el Mejoramiento del Camino Internacional, Manuel Arredondo Pereira, dijo que esperar\u00e1n hasta el pr\u00f3ximo 11 de diciembre para recibir una respuesta oficial y formal por parte del Ministerio de Obras P\u00fablicas de que el embalse Puntilla del Viento ser\u00e1 retirado de la cartera de proyectos del gobierno.<br \/>\nEl dirigente afirm\u00f3 que requieren contar con ese compromiso firmado a fin de dar tranquilidad a los vecinos y zanjar en forma definitiva el tema de Puntilla del Viento.<br \/>\n\u201cNosotros nos oponemos a que se haga un embalse frontal porque todos los estudios indican que debe ser un embalse lateral e independiente al que se est\u00e9 pensando en hacer en Calle Larga donde tambi\u00e9n debe haber un estudio de impacto ambiental y todo debe hacerse de cara a la comunidad\u201d, afirm\u00f3.<br \/>\nManuel Arredondo dijo que hasta ahora solamente de palabra les han dicho que Puntilla del Viento no se construir\u00e1 y por eso quieren que todo quede debidamente documentado como respaldo, \u201cporque las palabras se las lleva el viento y queremos algo real\u201d.<\/p>\n<p><strong>MESA DE TRABAJO<\/strong><br \/>\nEsta tem\u00e1tica fue analizada en la mesa t\u00e9cnica por el mejoramiento del camino internacional efectuada en la gobernaci\u00f3n donde se desarrollaron reuniones de trabajo de sub-comisiones correspondientes a Tr\u00e1nsito, Infraestructura Vial, Recurso h\u00eddrico y Seguridad P\u00fablica.<br \/>\nEn la ocasi\u00f3n asistieron diversos servicios p\u00fablicos, empresas y organizaciones de vecinos del camino internacional, adem\u00e1s de Codelco Divisi\u00f3n Andina, Minera El Piment\u00f3n y Colb\u00fan, con el fin de dar soluci\u00f3n a diversas problem\u00e1ticas de este extenso e importante sector de la provincia que abarca las comunas de Los Andes y San Esteban.<br \/>\nLa instancia fue presidida por la Gobernadora Mar\u00eda Victoria Rodr\u00edguez y la Consejera Regional Sandra Miranda, quienes destacaron la participaci\u00f3n de los diferentes estamentos encargados de velar por la seguridad vial y habitabilidad de las familias del Camino Internacional.<br \/>\nDentro de los principales acuerdos de estas reuniones de trabajo est\u00e1 desarrollar un consolidado de tem\u00e1ticas priorizadas para presentar a las autoridades regionales y buscar alternativas de proyectos de mejoramiento para el sector camino internacional, siendo el Comit\u00e9 T\u00e9cnico Asesor una instancia de participaci\u00f3n y conocimiento de diversas realidades.<br \/>\nEl objetivo que persigue cada una de estas reuniones es avanzar en definir las fuentes de financiamiento disponibles para los temas identificados por cada sub-comisi\u00f3n en el diagn\u00f3stico participativo.<\/p>\n","protected":false},"excerpt":{"rendered":"<p>Exigen un compromiso por escrito de la autoridad en la pr\u00f3xima reuni\u00f3n de la mesa t\u00e9cnica. LOS ANDES.- El Presidente de la Agrupaci\u00f3n por el Mejoramiento del Camino Internacional, Manuel Arredondo Pereira,&#8230;<\/p>\n","protected":false},"author":482,"featured_media":64609,"comment_status":"open","ping_status":"open","sticky":false,"template":"","format":"standard","meta":{"advanced_seo_description":"","jetpack_seo_html_title":"","jetpack_seo_noindex":false,"_jetpack_memberships_contains_paid_content":false,"footnotes":""},"categories":[15],"tags":[],"class_list":["post-64608","post","type-post","status-publish","format-standard","has-post-thumbnail","hentry","category-comunidad"],"jetpack_featured_media_url":"https:\/\/i0.wp.com\/eltrabajo.cl\/portal\/wp-content\/uploads\/2015\/12\/mesa_internacional.jpg?fit=530%2C349&ssl=1","jetpack_sharing_enabled":true,"jetpack_likes_enabled":true,"jetpack-related-posts":[],"_links":{"self":[{"href":"https:\/\/eltrabajo.cl\/portal\/wp-json\/wp\/v2\/posts\/64608","targetHints":{"allow":["GET"]}}],"collection":[{"href":"https:\/\/eltrabajo.cl\/portal\/wp-json\/wp\/v2\/posts"}],"about":[{"href":"https:\/\/eltrabajo.cl\/portal\/wp-json\/wp\/v2\/types\/post"}],"author":[{"embeddable":true,"href":"https:\/\/eltrabajo.cl\/portal\/wp-json\/wp\/v2\/users\/482"}],"replies":[{"embeddable":true,"href":"https:\/\/eltrabajo.cl\/portal\/wp-json\/wp\/v2\/comments?post=64608"}],"version-history":[{"count":0,"href":"https:\/\/eltrabajo.cl\/portal\/wp-json\/wp\/v2\/posts\/64608\/revisions"}],"wp:featuredmedia":[{"embeddable":true,"href":"https:\/\/eltrabajo.cl\/portal\/wp-json\/wp\/v2\/media\/64609"}],"wp:attachment":[{"href":"https:\/\/eltrabajo.cl\/portal\/wp-json\/wp\/v2\/media?parent=64608"}],"wp:term":[{"taxonomy":"category","embeddable":true,"href":"https:\/\/eltrabajo.cl\/portal\/wp-json\/wp\/v2\/categories?post=64608"},{"taxonomy":"post_tag","embeddable":true,"href":"https:\/\/eltrabajo.cl\/portal\/wp-json\/wp\/v2\/tags?post=64608"}],"curies":[{"name":"wp","href":"https:\/\/api.w.org\/{rel}","templated":true}]}}