{"id":64611,"date":"2015-12-09T14:24:33","date_gmt":"2015-12-09T17:24:33","guid":{"rendered":"http:\/\/www.eltrabajo.cl\/portal\/?p=64611"},"modified":"2015-12-09T14:24:33","modified_gmt":"2015-12-09T17:24:33","slug":"premian-a-funcionarios-y-servicios-de-hospital-san-camilo-que-destacan-por-su-buen-trato","status":"publish","type":"post","link":"https:\/\/eltrabajo.cl\/portal\/premian-a-funcionarios-y-servicios-de-hospital-san-camilo-que-destacan-por-su-buen-trato\/","title":{"rendered":"Premian a funcionarios y servicios de Hospital San Camilo que destacan por su buen trato"},"content":{"rendered":"<figure id=\"attachment_64612\" aria-describedby=\"caption-attachment-64612\" style=\"width: 300px\" class=\"wp-caption alignleft\"><a href=\"https:\/\/i0.wp.com\/www.eltrabajo.cl\/portal\/wp-content\/uploads\/2015\/12\/Premiacion-funcionarios-Hospital-San-Camilo-3.jpg\"><img data-recalc-dims=\"1\" loading=\"lazy\" decoding=\"async\" class=\"wp-image-64612 size-medium\" src=\"https:\/\/i0.wp.com\/www.eltrabajo.cl\/portal\/wp-content\/uploads\/2015\/12\/Premiacion-funcionarios-Hospital-San-Camilo-3-300x198.jpg?resize=300%2C198\" alt=\"En la ceremonia, fueron premiados 4 funcionarios y 6 servicios cl\u00ednicos, por su buen trato al momento de dar atenci\u00f3n a la ciudadan\u00eda.\" width=\"300\" height=\"198\" srcset=\"https:\/\/i0.wp.com\/eltrabajo.cl\/portal\/wp-content\/uploads\/2015\/12\/Premiacion-funcionarios-Hospital-San-Camilo-3.jpg?resize=300%2C198&amp;ssl=1 300w, https:\/\/i0.wp.com\/eltrabajo.cl\/portal\/wp-content\/uploads\/2015\/12\/Premiacion-funcionarios-Hospital-San-Camilo-3.jpg?resize=200%2C132&amp;ssl=1 200w, https:\/\/i0.wp.com\/eltrabajo.cl\/portal\/wp-content\/uploads\/2015\/12\/Premiacion-funcionarios-Hospital-San-Camilo-3.jpg?resize=227%2C150&amp;ssl=1 227w, https:\/\/i0.wp.com\/eltrabajo.cl\/portal\/wp-content\/uploads\/2015\/12\/Premiacion-funcionarios-Hospital-San-Camilo-3.jpg?resize=400%2C264&amp;ssl=1 400w, https:\/\/i0.wp.com\/eltrabajo.cl\/portal\/wp-content\/uploads\/2015\/12\/Premiacion-funcionarios-Hospital-San-Camilo-3.jpg?w=530&amp;ssl=1 530w\" sizes=\"auto, (max-width: 300px) 100vw, 300px\" \/><\/a><figcaption id=\"caption-attachment-64612\" class=\"wp-caption-text\">En la ceremonia, fueron premiados 4 funcionarios y 6 servicios cl\u00ednicos, por su buen trato al momento de dar atenci\u00f3n a la ciudadan\u00eda.<\/figcaption><\/figure>\n<ul>\n<li><strong>En colorida ceremonia, fueron reconocidos 4 trabajadores y 6 servicios cl\u00ednicos como una manera de incentivar y potenciar el buen trato hacia los usuarios.<\/strong><\/li>\n<\/ul>\n<p>En una alegre ceremonia, el Consejo Consultivo y de Desarrollo de Hospital San Camilo que representa a la comunidad organizada, premi\u00f3 a los funcionarios que se destacan por su buen trato y disposici\u00f3n hacia los usuarios, subrayando el que este reconocimiento busca recalcar el \u00e1mbito positivo que tiene el trabajo que realizan los funcionarios del sector p\u00fablico y que muchas veces no es reconocido.<br \/>\nDe esta manera, los funcionarios premiados fueron Leslei Cort\u00e9s, del servicio de G\u00edneco-Obstetricia, Carlos Mancilla, de Cirug\u00eda, el Dr. Mario Varela, cirujano infantil y H\u00e9ctor Carmona, de comunicaciones. Por su parte, los servicios que recibieron el homenaje fueron la Unidad de Medicina Transfusional, el Centro de Rehabilitaci\u00f3n Integral, Kinesiolog\u00eda, Imagenolog\u00eda, Pensionado y Neonatolog\u00eda.<br \/>\n\u201cLa Comunidad desea agradecer y valorar a la gran cantidad de funcionarios que se la juegan por atender bien al p\u00fablico, sacando la cara por el Hospital, ya que esto muchas veces no es valorado, y nos quedamos s\u00f3lo con las cosas negativas y los reclamos, en circunstancias que de las miles de atenciones que se realizan, siempre existen m\u00e1s cosas buenas que malas, y eso es lo que hoy queremos destacar\u201d, se\u00f1al\u00f3 Max Riquelme, presidente del Consejo Consultivo y de Desarrollo del Hospital San Camilo.<br \/>\nPor su parte, el Director del establecimiento, Dr. Juan de Dios Reyes, valor\u00f3 el reconocimiento, agradeciendo este gesto a la comunidad, pues de alguna manera, asegur\u00f3, se hace justicia con ese gran porcentaje de funcionarios que se la juega por una buena atenci\u00f3n.<br \/>\n\u201cNosotros somos m\u00e1s de setecientos trabajadores y hacemos miles de atenciones mes a mes, la mayor\u00eda de la cuales son con mucho cari\u00f1o por nuestros usuarios, cosa que tambi\u00e9n se grafica en las encuestas, y en actos como este, en donde la propia comunidad, reconoce que la salud que entregamos es de calidad\u201d, sostuvo, recordando que en la reciente encuesta sobre trato al usuario, realizada por la Universidad Cat\u00f3lica a los usuarios que se iban de alta tras su hospitalizaci\u00f3n, el Hospital San Camilo obtuvo la mejor nota de toda la regi\u00f3n, con un 6.7.<br \/>\nEn la oportunidad, tambi\u00e9n se aprovech\u00f3 de destacar por parte del Hospital el trabajo de los voluntarios, entregando arreglos florales a cada uno de ellos, por su destacada participaci\u00f3n en los diversos servicios cl\u00ednicos en que trabajan, contribuyendo de manera significativa a la calidad de atenci\u00f3n a los usuarios.<\/p>\n","protected":false},"excerpt":{"rendered":"<p>En colorida ceremonia, fueron reconocidos 4 trabajadores y 6 servicios cl\u00ednicos como una manera de incentivar y potenciar el buen trato hacia los usuarios. En una alegre ceremonia, el Consejo Consultivo y&#8230;<\/p>\n","protected":false},"author":482,"featured_media":64612,"comment_status":"open","ping_status":"open","sticky":false,"template":"","format":"standard","meta":{"advanced_seo_description":"","jetpack_seo_html_title":"","jetpack_seo_noindex":false,"_jetpack_memberships_contains_paid_content":false,"footnotes":""},"categories":[1],"tags":[],"class_list":["post-64611","post","type-post","status-publish","format-standard","has-post-thumbnail","hentry","category-cronica"],"jetpack_featured_media_url":"https:\/\/i0.wp.com\/eltrabajo.cl\/portal\/wp-content\/uploads\/2015\/12\/Premiacion-funcionarios-Hospital-San-Camilo-3.jpg?fit=530%2C350&ssl=1","jetpack_sharing_enabled":true,"jetpack_likes_enabled":true,"jetpack-related-posts":[],"_links":{"self":[{"href":"https:\/\/eltrabajo.cl\/portal\/wp-json\/wp\/v2\/posts\/64611","targetHints":{"allow":["GET"]}}],"collection":[{"href":"https:\/\/eltrabajo.cl\/portal\/wp-json\/wp\/v2\/posts"}],"about":[{"href":"https:\/\/eltrabajo.cl\/portal\/wp-json\/wp\/v2\/types\/post"}],"author":[{"embeddable":true,"href":"https:\/\/eltrabajo.cl\/portal\/wp-json\/wp\/v2\/users\/482"}],"replies":[{"embeddable":true,"href":"https:\/\/eltrabajo.cl\/portal\/wp-json\/wp\/v2\/comments?post=64611"}],"version-history":[{"count":0,"href":"https:\/\/eltrabajo.cl\/portal\/wp-json\/wp\/v2\/posts\/64611\/revisions"}],"wp:featuredmedia":[{"embeddable":true,"href":"https:\/\/eltrabajo.cl\/portal\/wp-json\/wp\/v2\/media\/64612"}],"wp:attachment":[{"href":"https:\/\/eltrabajo.cl\/portal\/wp-json\/wp\/v2\/media?parent=64611"}],"wp:term":[{"taxonomy":"category","embeddable":true,"href":"https:\/\/eltrabajo.cl\/portal\/wp-json\/wp\/v2\/categories?post=64611"},{"taxonomy":"post_tag","embeddable":true,"href":"https:\/\/eltrabajo.cl\/portal\/wp-json\/wp\/v2\/tags?post=64611"}],"curies":[{"name":"wp","href":"https:\/\/api.w.org\/{rel}","templated":true}]}}