{"id":64614,"date":"2015-12-09T14:27:25","date_gmt":"2015-12-09T17:27:25","guid":{"rendered":"http:\/\/www.eltrabajo.cl\/portal\/?p=64614"},"modified":"2015-12-09T14:27:25","modified_gmt":"2015-12-09T17:27:25","slug":"de-manera-oficial-comienza-llenado-del-embalse-chacrillas","status":"publish","type":"post","link":"https:\/\/eltrabajo.cl\/portal\/de-manera-oficial-comienza-llenado-del-embalse-chacrillas\/","title":{"rendered":"De manera oficial comienza llenado del Embalse Chacrillas"},"content":{"rendered":"<figure id=\"attachment_64615\" aria-describedby=\"caption-attachment-64615\" style=\"width: 300px\" class=\"wp-caption alignleft\"><a href=\"https:\/\/i0.wp.com\/www.eltrabajo.cl\/portal\/wp-content\/uploads\/2015\/12\/Embalse.jpg\"><img data-recalc-dims=\"1\" loading=\"lazy\" decoding=\"async\" class=\"wp-image-64615 size-medium\" src=\"https:\/\/i0.wp.com\/www.eltrabajo.cl\/portal\/wp-content\/uploads\/2015\/12\/Embalse-300x198.jpg?resize=300%2C198\" alt=\"Siguiendo todos los protocolos internacionales, ayer comenz\u00f3 oficialmente el llenado del Embalse Chacrillas.\" width=\"300\" height=\"198\" srcset=\"https:\/\/i0.wp.com\/eltrabajo.cl\/portal\/wp-content\/uploads\/2015\/12\/Embalse.jpg?resize=300%2C198&amp;ssl=1 300w, https:\/\/i0.wp.com\/eltrabajo.cl\/portal\/wp-content\/uploads\/2015\/12\/Embalse.jpg?resize=200%2C132&amp;ssl=1 200w, https:\/\/i0.wp.com\/eltrabajo.cl\/portal\/wp-content\/uploads\/2015\/12\/Embalse.jpg?resize=227%2C150&amp;ssl=1 227w, https:\/\/i0.wp.com\/eltrabajo.cl\/portal\/wp-content\/uploads\/2015\/12\/Embalse.jpg?resize=400%2C264&amp;ssl=1 400w, https:\/\/i0.wp.com\/eltrabajo.cl\/portal\/wp-content\/uploads\/2015\/12\/Embalse.jpg?w=530&amp;ssl=1 530w\" sizes=\"auto, (max-width: 300px) 100vw, 300px\" \/><\/a><figcaption id=\"caption-attachment-64615\" class=\"wp-caption-text\">Siguiendo todos los protocolos internacionales, ayer comenz\u00f3 oficialmente el llenado del Embalse Chacrillas.<\/figcaption><\/figure>\n<p><strong>PUTAENDO<\/strong>.- De manera oficial y cumpliendo con el cronograma establecido, la Junta de Vigilancia del R\u00edo Putaendo inform\u00f3 que ya ha comenzado el llenado del Embalse Chacrillas.<br \/>\nMiguel Vega, Presidente de la Junta de Vigilancia del R\u00edo Putaendo, sostuvo que han avanzado bastante en las inyecciones de sellado de la estructura, lo que les est\u00e1 permitiendo almacenar el recurso h\u00eddrico y liberarlo durante los meses de mayor demanda de riego, como enero, febrero y marzo.<br \/>\n\u201cEstamos contentos con las noticias que hemos tenido y eso nos motiva a seguir trabajando como Junta de Vigilancia\u201d, recalc\u00f3 Vega en el marco de una visita realizada al Embalse Chacrillas durante este lunes, donde recibieron una exposici\u00f3n detallada de los procesos por los que atraviesa la tan anhelada obra de riego.<br \/>\nEn tanto, Luis Becerra, Inspector Fiscal del Contrato de Inyecciones de Impermeabilizaci\u00f3n, explic\u00f3 que desde ayer se comenz\u00f3 con el llenado del Embalse Chacrillas, en su primer tercio (primera etapa) \u201cy esto va a ser bien pausado, porque tenemos que ver c\u00f3mo se va comportando el t\u00fanel, siguiendo el protocolo de llenado internacional\u201d, precis\u00f3.<br \/>\nEsta noticia fue muy bien recibida por los asistentes a esta visita, quienes catalogaron el comienzo del llenado del Embalse Chacrillas como un hito m\u00e1s en la concreci\u00f3n de un sue\u00f1o anhelado por la comunidad de Putaendo.<br \/>\n<strong>Patricio Gallardo M.<\/strong><\/p>\n","protected":false},"excerpt":{"rendered":"<p>PUTAENDO.- De manera oficial y cumpliendo con el cronograma establecido, la Junta de Vigilancia del R\u00edo Putaendo inform\u00f3 que ya ha comenzado el llenado del Embalse Chacrillas. Miguel Vega, Presidente de la&#8230;<\/p>\n","protected":false},"author":482,"featured_media":64615,"comment_status":"open","ping_status":"open","sticky":false,"template":"","format":"standard","meta":{"advanced_seo_description":"","jetpack_seo_html_title":"","jetpack_seo_noindex":false,"_jetpack_memberships_contains_paid_content":false,"footnotes":""},"categories":[1],"tags":[],"class_list":["post-64614","post","type-post","status-publish","format-standard","has-post-thumbnail","hentry","category-cronica"],"jetpack_featured_media_url":"https:\/\/i0.wp.com\/eltrabajo.cl\/portal\/wp-content\/uploads\/2015\/12\/Embalse.jpg?fit=530%2C350&ssl=1","jetpack_sharing_enabled":true,"jetpack_likes_enabled":true,"jetpack-related-posts":[],"_links":{"self":[{"href":"https:\/\/eltrabajo.cl\/portal\/wp-json\/wp\/v2\/posts\/64614","targetHints":{"allow":["GET"]}}],"collection":[{"href":"https:\/\/eltrabajo.cl\/portal\/wp-json\/wp\/v2\/posts"}],"about":[{"href":"https:\/\/eltrabajo.cl\/portal\/wp-json\/wp\/v2\/types\/post"}],"author":[{"embeddable":true,"href":"https:\/\/eltrabajo.cl\/portal\/wp-json\/wp\/v2\/users\/482"}],"replies":[{"embeddable":true,"href":"https:\/\/eltrabajo.cl\/portal\/wp-json\/wp\/v2\/comments?post=64614"}],"version-history":[{"count":0,"href":"https:\/\/eltrabajo.cl\/portal\/wp-json\/wp\/v2\/posts\/64614\/revisions"}],"wp:featuredmedia":[{"embeddable":true,"href":"https:\/\/eltrabajo.cl\/portal\/wp-json\/wp\/v2\/media\/64615"}],"wp:attachment":[{"href":"https:\/\/eltrabajo.cl\/portal\/wp-json\/wp\/v2\/media?parent=64614"}],"wp:term":[{"taxonomy":"category","embeddable":true,"href":"https:\/\/eltrabajo.cl\/portal\/wp-json\/wp\/v2\/categories?post=64614"},{"taxonomy":"post_tag","embeddable":true,"href":"https:\/\/eltrabajo.cl\/portal\/wp-json\/wp\/v2\/tags?post=64614"}],"curies":[{"name":"wp","href":"https:\/\/api.w.org\/{rel}","templated":true}]}}