{"id":64617,"date":"2015-12-09T14:28:28","date_gmt":"2015-12-09T17:28:28","guid":{"rendered":"http:\/\/www.eltrabajo.cl\/portal\/?p=64617"},"modified":"2015-12-09T14:28:28","modified_gmt":"2015-12-09T17:28:28","slug":"establecen-proceso-consultivo-de-pueblos-originarios-en-salud","status":"publish","type":"post","link":"https:\/\/eltrabajo.cl\/portal\/establecen-proceso-consultivo-de-pueblos-originarios-en-salud\/","title":{"rendered":"Establecen proceso consultivo de pueblos originarios en salud"},"content":{"rendered":"<figure id=\"attachment_64618\" aria-describedby=\"caption-attachment-64618\" style=\"width: 300px\" class=\"wp-caption alignleft\"><a href=\"https:\/\/i0.wp.com\/www.eltrabajo.cl\/portal\/wp-content\/uploads\/2015\/12\/Consulta-Pueblos-Originarios-4.jpg\"><img data-recalc-dims=\"1\" loading=\"lazy\" decoding=\"async\" class=\"wp-image-64618 size-medium\" src=\"https:\/\/i0.wp.com\/www.eltrabajo.cl\/portal\/wp-content\/uploads\/2015\/12\/Consulta-Pueblos-Originarios-4-300x198.jpg?resize=300%2C198\" alt=\"En este nuevo encuentro del proceso de Consulta Ind\u00edgena en el sector salud, participaron representantes de pueblos originarios de las diez comunas del Valle de Aconcagua.\" width=\"300\" height=\"198\" srcset=\"https:\/\/i0.wp.com\/eltrabajo.cl\/portal\/wp-content\/uploads\/2015\/12\/Consulta-Pueblos-Originarios-4.jpg?resize=300%2C198&amp;ssl=1 300w, https:\/\/i0.wp.com\/eltrabajo.cl\/portal\/wp-content\/uploads\/2015\/12\/Consulta-Pueblos-Originarios-4.jpg?resize=200%2C132&amp;ssl=1 200w, https:\/\/i0.wp.com\/eltrabajo.cl\/portal\/wp-content\/uploads\/2015\/12\/Consulta-Pueblos-Originarios-4.jpg?resize=228%2C150&amp;ssl=1 228w, https:\/\/i0.wp.com\/eltrabajo.cl\/portal\/wp-content\/uploads\/2015\/12\/Consulta-Pueblos-Originarios-4.jpg?resize=400%2C263&amp;ssl=1 400w, https:\/\/i0.wp.com\/eltrabajo.cl\/portal\/wp-content\/uploads\/2015\/12\/Consulta-Pueblos-Originarios-4.jpg?w=530&amp;ssl=1 530w\" sizes=\"auto, (max-width: 300px) 100vw, 300px\" \/><\/a><figcaption id=\"caption-attachment-64618\" class=\"wp-caption-text\">En este nuevo encuentro del proceso de Consulta Ind\u00edgena en el sector salud, participaron representantes de pueblos originarios de las diez comunas del Valle de Aconcagua.<\/figcaption><\/figure>\n<p>Las provincias del Aconcagua fueron el escenario de un nuevo encuentro del proceso de Consulta Ind\u00edgena en el sector salud, iniciativa que busca dar respuesta al modelo de atenci\u00f3n de salud intercultural que debe garantizarse en los centros asistenciales de la regi\u00f3n.<br \/>\nEl proceso est\u00e1 a cargo de la Secretaria Ejecutiva Regional, instancia liderada por los equipos de la Seremi de Salud y los Servicios de Salud Vi\u00f1a del Mar &#8211; Quillota, Valpara\u00edso &#8211; San Antonio y de Aconcagua. En esta reuni\u00f3n se congreg\u00f3 a dirigentes de comunidades de pueblos ind\u00edgenas de las provincias de San Felipe y Los Andes.<br \/>\nLa materia de an\u00e1lisis es la propuesta de \u201cReglamento que establece el derecho de las personas pertenecientes a pueblos ind\u00edgenas a recibir atenci\u00f3n de salud con pertinencia cultural\u201d. Este derecho se encuentra establecido en el art\u00edculo 7 de la Ley N\u00ba 20.584 sobre derechos y deberes que tienen las personas en relaci\u00f3n con acciones vinculadas a su atenci\u00f3n en salud.<br \/>\nEl Seremi (s) de Salud, Mario M\u00e9ndez Allendes, destac\u00f3 el desarrollo de la jornada en el que participaron representantes de pueblos originarios de las diez comunas del Valle de Aconcagua, donde tanto los servicios de salud como la autoridad sanitaria han trabajado de manera conjunta para su concreci\u00f3n.<br \/>\n\u201cEl Servicio de Salud Aconcagua y la Oficina Provincial de la Seremi de Salud, estamos trabajando en conjunto y eso nos ha permitido establecer una sinergia para que efectivamente esta sea una consulta real, donde se inicia el proceso y de esa manera recabar la opini\u00f3n y hacer realmente participativa esta consulta de manera de recoger el mayor n\u00famero de elementos, de opiniones y de contenidos que sirvan para mejorarla, as\u00ed que este inicio de proceso lo vemos exitoso\u201d, se\u00f1al\u00f3 M\u00e9ndez.<br \/>\nLa Directora del Servicio de Salud, Dra. Vilma Olave, indic\u00f3 que en salud se trabaja para mejorar la calidad de vida de las personas y esto se logra al hacernos cargo de los derechos que tienen las personas, de las inequidades existentes en el pa\u00eds, \u201cy nuestro Valle del Aconcagua, como en cada una de las regiones y una de las inequidades que existe tiene que ver con poder responder a las necesidades de salud en la cosmovisi\u00f3n que tienen las personas.\u201d<br \/>\n\u201cCreo que tenemos un gran camino por delante, en el sentido de conocer m\u00e1s, de entendernos mucho m\u00e1s, que los profesionales de la salud tengamos formaci\u00f3n y capacitaci\u00f3n respecto de las distintas cosmovisiones de los pueblos originarios para poder hacernos cargo de eso y poder avanzar en forma conjunta en mejorar la calidad de vida. Este es una jornada que da inicio a un proceso que como Servicio de Salud pretendemos que sea permanente en el tiempo, que podemos enriquecernos mutuamente, tanto los equipos de salud como las comunidades ind\u00edgenas\u201d, indic\u00f3 la Dra. Vilma Olave.<br \/>\nDurante el a\u00f1o 2014 el Minsal desarroll\u00f3 un proceso de formulaci\u00f3n participativa de las definiciones del art\u00edculo 7 de la Ley N\u00ba 20.584 sobre derechos y deberes que tienen las personas en relaci\u00f3n con acciones vinculadas a su atenci\u00f3n en salud, a trav\u00e9s de los mecanismos de participaci\u00f3n permanentes en los Servicios de Salud, las Seremi de Salud y los establecimientos de salud, en el que participaron alrededor de 700 personas ind\u00edgenas y 300 funcionarios de salud.<\/p>\n","protected":false},"excerpt":{"rendered":"<p>Las provincias del Aconcagua fueron el escenario de un nuevo encuentro del proceso de Consulta Ind\u00edgena en el sector salud, iniciativa que busca dar respuesta al modelo de atenci\u00f3n de salud intercultural&#8230;<\/p>\n","protected":false},"author":482,"featured_media":64618,"comment_status":"open","ping_status":"open","sticky":false,"template":"","format":"standard","meta":{"advanced_seo_description":"","jetpack_seo_html_title":"","jetpack_seo_noindex":false,"_jetpack_memberships_contains_paid_content":false,"footnotes":""},"categories":[1],"tags":[],"class_list":["post-64617","post","type-post","status-publish","format-standard","has-post-thumbnail","hentry","category-cronica"],"jetpack_featured_media_url":"https:\/\/i0.wp.com\/eltrabajo.cl\/portal\/wp-content\/uploads\/2015\/12\/Consulta-Pueblos-Originarios-4.jpg?fit=530%2C349&ssl=1","jetpack_sharing_enabled":true,"jetpack_likes_enabled":true,"jetpack-related-posts":[],"_links":{"self":[{"href":"https:\/\/eltrabajo.cl\/portal\/wp-json\/wp\/v2\/posts\/64617","targetHints":{"allow":["GET"]}}],"collection":[{"href":"https:\/\/eltrabajo.cl\/portal\/wp-json\/wp\/v2\/posts"}],"about":[{"href":"https:\/\/eltrabajo.cl\/portal\/wp-json\/wp\/v2\/types\/post"}],"author":[{"embeddable":true,"href":"https:\/\/eltrabajo.cl\/portal\/wp-json\/wp\/v2\/users\/482"}],"replies":[{"embeddable":true,"href":"https:\/\/eltrabajo.cl\/portal\/wp-json\/wp\/v2\/comments?post=64617"}],"version-history":[{"count":0,"href":"https:\/\/eltrabajo.cl\/portal\/wp-json\/wp\/v2\/posts\/64617\/revisions"}],"wp:featuredmedia":[{"embeddable":true,"href":"https:\/\/eltrabajo.cl\/portal\/wp-json\/wp\/v2\/media\/64618"}],"wp:attachment":[{"href":"https:\/\/eltrabajo.cl\/portal\/wp-json\/wp\/v2\/media?parent=64617"}],"wp:term":[{"taxonomy":"category","embeddable":true,"href":"https:\/\/eltrabajo.cl\/portal\/wp-json\/wp\/v2\/categories?post=64617"},{"taxonomy":"post_tag","embeddable":true,"href":"https:\/\/eltrabajo.cl\/portal\/wp-json\/wp\/v2\/tags?post=64617"}],"curies":[{"name":"wp","href":"https:\/\/api.w.org\/{rel}","templated":true}]}}