{"id":64621,"date":"2015-12-09T14:29:20","date_gmt":"2015-12-09T17:29:20","guid":{"rendered":"http:\/\/www.eltrabajo.cl\/portal\/?p=64621"},"modified":"2015-12-09T14:29:20","modified_gmt":"2015-12-09T17:29:20","slug":"organizaciones-buscan-consolidar-oposicion-a-proyectos-mineros-en-putaendo","status":"publish","type":"post","link":"https:\/\/eltrabajo.cl\/portal\/organizaciones-buscan-consolidar-oposicion-a-proyectos-mineros-en-putaendo\/","title":{"rendered":"Organizaciones buscan consolidar oposici\u00f3n a proyectos mineros en Putaendo"},"content":{"rendered":"<figure id=\"attachment_64622\" aria-describedby=\"caption-attachment-64622\" style=\"width: 300px\" class=\"wp-caption alignleft\"><a href=\"https:\/\/i0.wp.com\/www.eltrabajo.cl\/portal\/wp-content\/uploads\/2015\/12\/Abogada-Gabriela-Meza.jpg\"><img data-recalc-dims=\"1\" loading=\"lazy\" decoding=\"async\" class=\"wp-image-64622 size-medium\" src=\"https:\/\/i0.wp.com\/www.eltrabajo.cl\/portal\/wp-content\/uploads\/2015\/12\/Abogada-Gabriela-Meza-300x198.jpg?resize=300%2C198\" alt=\"Gabriela Meza, abogada y Gerente de la Junta de Vigilancia del R\u00edo Lluta.\" width=\"300\" height=\"198\" srcset=\"https:\/\/i0.wp.com\/eltrabajo.cl\/portal\/wp-content\/uploads\/2015\/12\/Abogada-Gabriela-Meza.jpg?resize=300%2C198&amp;ssl=1 300w, https:\/\/i0.wp.com\/eltrabajo.cl\/portal\/wp-content\/uploads\/2015\/12\/Abogada-Gabriela-Meza.jpg?resize=200%2C132&amp;ssl=1 200w, https:\/\/i0.wp.com\/eltrabajo.cl\/portal\/wp-content\/uploads\/2015\/12\/Abogada-Gabriela-Meza.jpg?resize=228%2C150&amp;ssl=1 228w, https:\/\/i0.wp.com\/eltrabajo.cl\/portal\/wp-content\/uploads\/2015\/12\/Abogada-Gabriela-Meza.jpg?resize=400%2C263&amp;ssl=1 400w, https:\/\/i0.wp.com\/eltrabajo.cl\/portal\/wp-content\/uploads\/2015\/12\/Abogada-Gabriela-Meza.jpg?w=530&amp;ssl=1 530w\" sizes=\"auto, (max-width: 300px) 100vw, 300px\" \/><\/a><figcaption id=\"caption-attachment-64622\" class=\"wp-caption-text\">Gabriela Meza, abogada y Gerente de la Junta de Vigilancia del R\u00edo Lluta.<\/figcaption><\/figure>\n<p><strong>PUTAENDO.<\/strong>&#8211; Con la finalidad de buscar las herramientas para solventar una defensa s\u00f3lida ante la eventual llegada de grandes proyectos mineros, la Junta de Vigilancia del R\u00edo Putaendo, la Coordinadora Tres R\u00edos y el Movimiento Socioambiental Putraint\u00fa, se reunieron con la abogada Gabriela Meza, Gerente de la Junta de Vigilancia del R\u00edo Lluta y quien lider\u00f3 la oposici\u00f3n a la instalaci\u00f3n de la Minera Los Pumas.<br \/>\nLa visita de la profesional comenz\u00f3 en las oficinas de la JVRP, donde enfatiz\u00f3 varios puntos del proceso que llevaron adelante contra la Minera Los Pumas, que conllevar\u00eda a la instalaci\u00f3n de una treintena de proyectos mineros, a los cuales lograron oponerse por la v\u00eda legal.<br \/>\nPosteriormente la comitiva se traslad\u00f3 hasta el Embalse Chacrillas, donde conocieron en profundidad sus instalaciones y tuvieron la ocasi\u00f3n de intercambiar ideas y propuestas sobre la oposici\u00f3n a la eventual llegada de proyectos mineros de gran envergadura al interior del sector Los Patos.<br \/>\nEn este sentido, Gabriela Meza manifest\u00f3 que lo que hoy vive Putaendo es muy similar a lo que realizaron en Arica, e hizo un llamado a la comunidad a movilizarse y as\u00ed evitar la llegada de estos proyectos mineros \u201cpues Putaendo tiene una fuente de desarrollo muy importante que no se puede acabar con la instalaci\u00f3n de proyectos mineros de gran envergadura, y ah\u00ed la participaci\u00f3n de la comunidad es fundamental\u201d, argument\u00f3 la profesional que se mostr\u00f3 dispuesta a continuar asesorando a las organizaciones de Putaendo.<br \/>\nMisma visi\u00f3n fue la que expres\u00f3 el vocero del Movimiento Socioambiental Putraint\u00fa, \u00cdtalo Garc\u00eda, quien valor\u00f3 la concurrencia de esta destacada profesional, relevando la importancia que tiene para esta lucha de la comunidad que cada vecino de nuestra comuna asuma un rol protag\u00f3nico en la defensa de la comuna \u201cporque esta lucha es de todos y con esto estamos salvando el futuro de Putaendo\u201d, sostuvo el dirigente.<br \/>\n<strong>Patricio Gallado M.<\/strong><\/p>\n","protected":false},"excerpt":{"rendered":"<p>PUTAENDO.&#8211; Con la finalidad de buscar las herramientas para solventar una defensa s\u00f3lida ante la eventual llegada de grandes proyectos mineros, la Junta de Vigilancia del R\u00edo Putaendo, la Coordinadora Tres R\u00edos&#8230;<\/p>\n","protected":false},"author":482,"featured_media":64622,"comment_status":"open","ping_status":"open","sticky":false,"template":"","format":"standard","meta":{"advanced_seo_description":"","jetpack_seo_html_title":"","jetpack_seo_noindex":false,"_jetpack_memberships_contains_paid_content":false,"footnotes":""},"categories":[1],"tags":[],"class_list":["post-64621","post","type-post","status-publish","format-standard","has-post-thumbnail","hentry","category-cronica"],"jetpack_featured_media_url":"https:\/\/i0.wp.com\/eltrabajo.cl\/portal\/wp-content\/uploads\/2015\/12\/Abogada-Gabriela-Meza.jpg?fit=530%2C349&ssl=1","jetpack_sharing_enabled":true,"jetpack_likes_enabled":true,"jetpack-related-posts":[],"_links":{"self":[{"href":"https:\/\/eltrabajo.cl\/portal\/wp-json\/wp\/v2\/posts\/64621","targetHints":{"allow":["GET"]}}],"collection":[{"href":"https:\/\/eltrabajo.cl\/portal\/wp-json\/wp\/v2\/posts"}],"about":[{"href":"https:\/\/eltrabajo.cl\/portal\/wp-json\/wp\/v2\/types\/post"}],"author":[{"embeddable":true,"href":"https:\/\/eltrabajo.cl\/portal\/wp-json\/wp\/v2\/users\/482"}],"replies":[{"embeddable":true,"href":"https:\/\/eltrabajo.cl\/portal\/wp-json\/wp\/v2\/comments?post=64621"}],"version-history":[{"count":0,"href":"https:\/\/eltrabajo.cl\/portal\/wp-json\/wp\/v2\/posts\/64621\/revisions"}],"wp:featuredmedia":[{"embeddable":true,"href":"https:\/\/eltrabajo.cl\/portal\/wp-json\/wp\/v2\/media\/64622"}],"wp:attachment":[{"href":"https:\/\/eltrabajo.cl\/portal\/wp-json\/wp\/v2\/media?parent=64621"}],"wp:term":[{"taxonomy":"category","embeddable":true,"href":"https:\/\/eltrabajo.cl\/portal\/wp-json\/wp\/v2\/categories?post=64621"},{"taxonomy":"post_tag","embeddable":true,"href":"https:\/\/eltrabajo.cl\/portal\/wp-json\/wp\/v2\/tags?post=64621"}],"curies":[{"name":"wp","href":"https:\/\/api.w.org\/{rel}","templated":true}]}}