{"id":64624,"date":"2015-12-09T14:30:31","date_gmt":"2015-12-09T17:30:31","guid":{"rendered":"http:\/\/www.eltrabajo.cl\/portal\/?p=64624"},"modified":"2015-12-09T14:30:31","modified_gmt":"2015-12-09T17:30:31","slug":"egresa-1a-generacion-del-area-tecnico-profesional-de-colegio-panquehue","status":"publish","type":"post","link":"https:\/\/eltrabajo.cl\/portal\/egresa-1a-generacion-del-area-tecnico-profesional-de-colegio-panquehue\/","title":{"rendered":"Egresa 1\u00aa generaci\u00f3n del \u00e1rea t\u00e9cnico profesional de Colegio Panquehue"},"content":{"rendered":"<figure id=\"attachment_64625\" aria-describedby=\"caption-attachment-64625\" style=\"width: 300px\" class=\"wp-caption alignleft\"><a href=\"https:\/\/i0.wp.com\/www.eltrabajo.cl\/portal\/wp-content\/uploads\/2015\/12\/Egresan-alumnos-Colegio-Panquehue.jpg\"><img data-recalc-dims=\"1\" loading=\"lazy\" decoding=\"async\" class=\"wp-image-64625 size-medium\" src=\"https:\/\/i0.wp.com\/www.eltrabajo.cl\/portal\/wp-content\/uploads\/2015\/12\/Egresan-alumnos-Colegio-Panquehue-300x197.jpg?resize=300%2C197\" alt=\"Fueron 14 alumnos del \u00e1rea cient\u00edfico humanista y los 12 del t\u00e9cnico profesional, los que recibieron sus certificados de licencia de ense\u00f1anza media.\" width=\"300\" height=\"197\" srcset=\"https:\/\/i0.wp.com\/eltrabajo.cl\/portal\/wp-content\/uploads\/2015\/12\/Egresan-alumnos-Colegio-Panquehue.jpg?resize=300%2C197&amp;ssl=1 300w, https:\/\/i0.wp.com\/eltrabajo.cl\/portal\/wp-content\/uploads\/2015\/12\/Egresan-alumnos-Colegio-Panquehue.jpg?resize=200%2C131&amp;ssl=1 200w, https:\/\/i0.wp.com\/eltrabajo.cl\/portal\/wp-content\/uploads\/2015\/12\/Egresan-alumnos-Colegio-Panquehue.jpg?resize=228%2C150&amp;ssl=1 228w, https:\/\/i0.wp.com\/eltrabajo.cl\/portal\/wp-content\/uploads\/2015\/12\/Egresan-alumnos-Colegio-Panquehue.jpg?resize=400%2C263&amp;ssl=1 400w, https:\/\/i0.wp.com\/eltrabajo.cl\/portal\/wp-content\/uploads\/2015\/12\/Egresan-alumnos-Colegio-Panquehue.jpg?w=530&amp;ssl=1 530w\" sizes=\"auto, (max-width: 300px) 100vw, 300px\" \/><\/a><figcaption id=\"caption-attachment-64625\" class=\"wp-caption-text\">Fueron 14 alumnos del \u00e1rea cient\u00edfico humanista y los 12 del t\u00e9cnico profesional, los que recibieron sus certificados de licencia de ense\u00f1anza media.<\/figcaption><\/figure>\n<p><strong>PANQUEHUE.<\/strong>&#8211; Como un avance importante y que mejora la calidad de la educaci\u00f3n municipalizada, calific\u00f3 el alcalde Luis Pradenas la ceremonia de licenciatura de los cuartos medios del colegio Panquehue, m\u00e1s aun cuando se concret\u00f3 el egreso de la primera generaci\u00f3n de la especialidad T\u00e9cnico Profesional.<br \/>\nEl Director del Colegio Panquehue, Eduardo Caneo al hacer uso de la palabra, destac\u00f3 los avances que ha logrado este establecimiento educacional, informando que fue notificado por intermedio de la Agencia de Calidad del Ministerio de Educaci\u00f3n, que este establecimiento se encuentra a dos puntos de ser declarado colegio en calidad de aut\u00f3nomo.<br \/>\nActo seguido el alcalde Pradenas, record\u00f3 que siente una gran emoci\u00f3n, pues la propuesta de su administraci\u00f3n de crear un \u00e1rea t\u00e9cnica en el colegio Panquehue, hoy ya tiene su primer fruto, con el egreso de la primera generaci\u00f3n de profesionales en el \u00e1rea de electricidad y administraci\u00f3n de bodega.<br \/>\nFue as\u00ed que los 14 alumnos del \u00e1rea cient\u00edfico humanista y los 12 del t\u00e9cnico profesional, recibieron de manos de sus respectivos profesores jefes, sus certificados de licencia de ense\u00f1anza media.<\/p>\n","protected":false},"excerpt":{"rendered":"<p>PANQUEHUE.&#8211; Como un avance importante y que mejora la calidad de la educaci\u00f3n municipalizada, calific\u00f3 el alcalde Luis Pradenas la ceremonia de licenciatura de los cuartos medios del colegio Panquehue, m\u00e1s aun&#8230;<\/p>\n","protected":false},"author":482,"featured_media":64625,"comment_status":"open","ping_status":"open","sticky":false,"template":"","format":"standard","meta":{"advanced_seo_description":"","jetpack_seo_html_title":"","jetpack_seo_noindex":false,"_jetpack_memberships_contains_paid_content":false,"footnotes":""},"categories":[1],"tags":[],"class_list":["post-64624","post","type-post","status-publish","format-standard","has-post-thumbnail","hentry","category-cronica"],"jetpack_featured_media_url":"https:\/\/i0.wp.com\/eltrabajo.cl\/portal\/wp-content\/uploads\/2015\/12\/Egresan-alumnos-Colegio-Panquehue.jpg?fit=530%2C348&ssl=1","jetpack_sharing_enabled":true,"jetpack_likes_enabled":true,"jetpack-related-posts":[],"_links":{"self":[{"href":"https:\/\/eltrabajo.cl\/portal\/wp-json\/wp\/v2\/posts\/64624","targetHints":{"allow":["GET"]}}],"collection":[{"href":"https:\/\/eltrabajo.cl\/portal\/wp-json\/wp\/v2\/posts"}],"about":[{"href":"https:\/\/eltrabajo.cl\/portal\/wp-json\/wp\/v2\/types\/post"}],"author":[{"embeddable":true,"href":"https:\/\/eltrabajo.cl\/portal\/wp-json\/wp\/v2\/users\/482"}],"replies":[{"embeddable":true,"href":"https:\/\/eltrabajo.cl\/portal\/wp-json\/wp\/v2\/comments?post=64624"}],"version-history":[{"count":0,"href":"https:\/\/eltrabajo.cl\/portal\/wp-json\/wp\/v2\/posts\/64624\/revisions"}],"wp:featuredmedia":[{"embeddable":true,"href":"https:\/\/eltrabajo.cl\/portal\/wp-json\/wp\/v2\/media\/64625"}],"wp:attachment":[{"href":"https:\/\/eltrabajo.cl\/portal\/wp-json\/wp\/v2\/media?parent=64624"}],"wp:term":[{"taxonomy":"category","embeddable":true,"href":"https:\/\/eltrabajo.cl\/portal\/wp-json\/wp\/v2\/categories?post=64624"},{"taxonomy":"post_tag","embeddable":true,"href":"https:\/\/eltrabajo.cl\/portal\/wp-json\/wp\/v2\/tags?post=64624"}],"curies":[{"name":"wp","href":"https:\/\/api.w.org\/{rel}","templated":true}]}}