{"id":64627,"date":"2015-12-09T14:31:37","date_gmt":"2015-12-09T17:31:37","guid":{"rendered":"http:\/\/www.eltrabajo.cl\/portal\/?p=64627"},"modified":"2015-12-09T14:31:37","modified_gmt":"2015-12-09T17:31:37","slug":"carabineros-de-san-felipe-instauro-plan-de-servicios-navidad-segura","status":"publish","type":"post","link":"https:\/\/eltrabajo.cl\/portal\/carabineros-de-san-felipe-instauro-plan-de-servicios-navidad-segura\/","title":{"rendered":"Carabineros de San Felipe Instaur\u00f3 Plan de Servicios Navidad Segura"},"content":{"rendered":"<figure id=\"attachment_64628\" aria-describedby=\"caption-attachment-64628\" style=\"width: 300px\" class=\"wp-caption alignleft\"><a href=\"https:\/\/i0.wp.com\/www.eltrabajo.cl\/portal\/wp-content\/uploads\/2015\/12\/Mayor-Maureen-Espinoza1.jpg\"><img data-recalc-dims=\"1\" loading=\"lazy\" decoding=\"async\" class=\"wp-image-64628 size-medium\" src=\"https:\/\/i0.wp.com\/www.eltrabajo.cl\/portal\/wp-content\/uploads\/2015\/12\/Mayor-Maureen-Espinoza1-300x198.jpg?resize=300%2C198\" alt=\"Comisario de Carabineros, Mayor Maureen Espinoza.\" width=\"300\" height=\"198\" srcset=\"https:\/\/i0.wp.com\/eltrabajo.cl\/portal\/wp-content\/uploads\/2015\/12\/Mayor-Maureen-Espinoza1.jpg?resize=300%2C198&amp;ssl=1 300w, https:\/\/i0.wp.com\/eltrabajo.cl\/portal\/wp-content\/uploads\/2015\/12\/Mayor-Maureen-Espinoza1.jpg?resize=200%2C132&amp;ssl=1 200w, https:\/\/i0.wp.com\/eltrabajo.cl\/portal\/wp-content\/uploads\/2015\/12\/Mayor-Maureen-Espinoza1.jpg?resize=228%2C150&amp;ssl=1 228w, https:\/\/i0.wp.com\/eltrabajo.cl\/portal\/wp-content\/uploads\/2015\/12\/Mayor-Maureen-Espinoza1.jpg?resize=400%2C263&amp;ssl=1 400w, https:\/\/i0.wp.com\/eltrabajo.cl\/portal\/wp-content\/uploads\/2015\/12\/Mayor-Maureen-Espinoza1.jpg?w=530&amp;ssl=1 530w\" sizes=\"auto, (max-width: 300px) 100vw, 300px\" \/><\/a><figcaption id=\"caption-attachment-64628\" class=\"wp-caption-text\">Comisario de Carabineros, Mayor Maureen Espinoza.<\/figcaption><\/figure>\n<ul>\n<li><strong>El objetivo es combatir de la mejor forma el aumento de hechos delictivos, los cuales nacen a partir del incremento del comercio que provocan las fiestas de fin de a\u00f1o.<\/strong><\/li>\n<\/ul>\n<p>El mes de diciembre y, en especial, las fiestas de fin de a\u00f1o, provocan un aumento considerable en el flujo comercial de las ciudades, y San Felipe no es la excepci\u00f3n. El centro de la comuna se repleta de aconcag\u00fcinos que se acercan a las distintas tiendas del retail, negocios locales, ferias navide\u00f1as y puestos provisorios a comprar sus regalos de navidad y los productos necesarios para preparar la fiesta de a\u00f1o nuevo.<br \/>\nLo anterior se transforma en el caldo de cultivo ideal y el nicho perfecto para los delincuentes, que merodean por las arterias sanfelipe\u00f1as esperando el momento justo para poder llevar a cabo alg\u00fan il\u00edcito. El aumento en el n\u00famero de comerciantes y clientes es proporcional al crecimiento del hampa y es por esto que Carabineros de San Felipe ha dispuesto para protecci\u00f3n de la comunidad el servicio Plan Navidad Segura.<br \/>\nAs\u00ed lo inform\u00f3 la Comisario de Carabineros, Mayor Maureen Espinoza, quien explic\u00f3 que a una semana de implementado, el aumento de personal policial en las calles ya comienza a dar frutos puesto que \u00abel servicio ha arrojado importantes resultados ya que a la fecha tenemos cerca de 40 detenidos, dentro de los cuales, tenemos 25 por orden de aprehensi\u00f3n pendiente, 4 de ellos detenidos por robo y adem\u00e1s un n\u00famero importante de conductores que persisten en manejar bajo la influencia del alcohol o en estado de ebriedad\u00bb, detall\u00f3.<br \/>\nEn cuanto al incremento de robos en locales comerciales que ya se encuentran cerrados y a prop\u00f3sito de la detenci\u00f3n de un sujeto que en la madrugada del lunes intent\u00f3 sustraer especies de la tienda Abcdin, Espinoza asegur\u00f3 que \u00abhemos encontrado debilidades en la tiendas de San Felipe, los cierres perimetrales y los techos no cuentan con las medidas de seguridad adecuadas, por lo que hacemos el llamado a que, al igual que nosotros, los locatarios tomen las medidas tendientes a evitar que este tipo de delitos se produzcan\u00bb, enfatiz\u00f3.<br \/>\nEn ese mismo escenario, las tiendas comerciales se transforman en el escenario ideal para el actuar de \u2018los lanzas\u2019, quienes aprovechando las aglomeraciones y el descuido de las personas, no dudan en actuar. Ante esto, la Mayor ratific\u00f3 que la polic\u00eda uniformada est\u00e1 llevando a cabo un dispositivo particular para controlar este tipo de il\u00edcitos. \u00abDentro del plan de servicio Navidad Segura, adem\u00e1s del contingente que ustedes van a ver en las calles con su uniforme, tambi\u00e9n hay una importante cantidad de Carabineros que lo estar\u00e1n haciendo de civil, lo anterior con el prop\u00f3sito de poder detener y sacar de circulaci\u00f3n a estos sujetos que atentan contra la propiedad\u00bb, destac\u00f3 Espinoza.<br \/>\nPor \u00faltimo, junto con se\u00f1alar que el Plan de Servicios Navidad Segura se extender\u00e1 hasta la noche de a\u00f1o nuevo, la comisario de Carabineros se preocup\u00f3 de instruir a las personas que dejan pertenencias en sus veh\u00edculos mientras est\u00e1n de compras y aludi\u00f3 el adagio \u00abla oportunidad hace al ladr\u00f3n\u00bb, para especificar que bolsas, paquetes, carteras u otros enceres abandonados al interior de un autom\u00f3vil, son la tentaci\u00f3n perfecta para que los delincuentes atenten contra los bienes de los vecinos.<\/p>\n","protected":false},"excerpt":{"rendered":"<p>El objetivo es combatir de la mejor forma el aumento de hechos delictivos, los cuales nacen a partir del incremento del comercio que provocan las fiestas de fin de a\u00f1o. El mes&#8230;<\/p>\n","protected":false},"author":482,"featured_media":64628,"comment_status":"open","ping_status":"open","sticky":false,"template":"","format":"standard","meta":{"advanced_seo_description":"","jetpack_seo_html_title":"","jetpack_seo_noindex":false,"_jetpack_memberships_contains_paid_content":false,"footnotes":""},"categories":[1],"tags":[],"class_list":["post-64627","post","type-post","status-publish","format-standard","has-post-thumbnail","hentry","category-cronica"],"jetpack_featured_media_url":"https:\/\/i0.wp.com\/eltrabajo.cl\/portal\/wp-content\/uploads\/2015\/12\/Mayor-Maureen-Espinoza1.jpg?fit=530%2C349&ssl=1","jetpack_sharing_enabled":true,"jetpack_likes_enabled":true,"jetpack-related-posts":[],"_links":{"self":[{"href":"https:\/\/eltrabajo.cl\/portal\/wp-json\/wp\/v2\/posts\/64627","targetHints":{"allow":["GET"]}}],"collection":[{"href":"https:\/\/eltrabajo.cl\/portal\/wp-json\/wp\/v2\/posts"}],"about":[{"href":"https:\/\/eltrabajo.cl\/portal\/wp-json\/wp\/v2\/types\/post"}],"author":[{"embeddable":true,"href":"https:\/\/eltrabajo.cl\/portal\/wp-json\/wp\/v2\/users\/482"}],"replies":[{"embeddable":true,"href":"https:\/\/eltrabajo.cl\/portal\/wp-json\/wp\/v2\/comments?post=64627"}],"version-history":[{"count":0,"href":"https:\/\/eltrabajo.cl\/portal\/wp-json\/wp\/v2\/posts\/64627\/revisions"}],"wp:featuredmedia":[{"embeddable":true,"href":"https:\/\/eltrabajo.cl\/portal\/wp-json\/wp\/v2\/media\/64628"}],"wp:attachment":[{"href":"https:\/\/eltrabajo.cl\/portal\/wp-json\/wp\/v2\/media?parent=64627"}],"wp:term":[{"taxonomy":"category","embeddable":true,"href":"https:\/\/eltrabajo.cl\/portal\/wp-json\/wp\/v2\/categories?post=64627"},{"taxonomy":"post_tag","embeddable":true,"href":"https:\/\/eltrabajo.cl\/portal\/wp-json\/wp\/v2\/tags?post=64627"}],"curies":[{"name":"wp","href":"https:\/\/api.w.org\/{rel}","templated":true}]}}