{"id":64630,"date":"2015-12-09T14:32:38","date_gmt":"2015-12-09T17:32:38","guid":{"rendered":"http:\/\/www.eltrabajo.cl\/portal\/?p=64630"},"modified":"2015-12-09T14:32:38","modified_gmt":"2015-12-09T17:32:38","slug":"departamento-de-cultura-de-san-felipe-evalua-positivamente-labor-realizada-el-2015","status":"publish","type":"post","link":"https:\/\/eltrabajo.cl\/portal\/departamento-de-cultura-de-san-felipe-evalua-positivamente-labor-realizada-el-2015\/","title":{"rendered":"Departamento de Cultura de San Felipe eval\u00faa positivamente labor realizada el 2015"},"content":{"rendered":"<figure id=\"attachment_64631\" aria-describedby=\"caption-attachment-64631\" style=\"width: 300px\" class=\"wp-caption alignleft\"><a href=\"https:\/\/i0.wp.com\/www.eltrabajo.cl\/portal\/wp-content\/uploads\/2015\/12\/Ricardo-Ruiz-Coordinador-Comunal-de-Cultura-San-Felipe.jpg\"><img data-recalc-dims=\"1\" loading=\"lazy\" decoding=\"async\" class=\"wp-image-64631 size-medium\" src=\"https:\/\/i0.wp.com\/www.eltrabajo.cl\/portal\/wp-content\/uploads\/2015\/12\/Ricardo-Ruiz-Coordinador-Comunal-de-Cultura-San-Felipe-300x197.jpg?resize=300%2C197\" alt=\"Ricardo Ruiz, Coordinador Comunal de Cultura.\" width=\"300\" height=\"197\" srcset=\"https:\/\/i0.wp.com\/eltrabajo.cl\/portal\/wp-content\/uploads\/2015\/12\/Ricardo-Ruiz-Coordinador-Comunal-de-Cultura-San-Felipe.jpg?resize=300%2C197&amp;ssl=1 300w, https:\/\/i0.wp.com\/eltrabajo.cl\/portal\/wp-content\/uploads\/2015\/12\/Ricardo-Ruiz-Coordinador-Comunal-de-Cultura-San-Felipe.jpg?resize=200%2C131&amp;ssl=1 200w, https:\/\/i0.wp.com\/eltrabajo.cl\/portal\/wp-content\/uploads\/2015\/12\/Ricardo-Ruiz-Coordinador-Comunal-de-Cultura-San-Felipe.jpg?resize=228%2C150&amp;ssl=1 228w, https:\/\/i0.wp.com\/eltrabajo.cl\/portal\/wp-content\/uploads\/2015\/12\/Ricardo-Ruiz-Coordinador-Comunal-de-Cultura-San-Felipe.jpg?resize=400%2C263&amp;ssl=1 400w, https:\/\/i0.wp.com\/eltrabajo.cl\/portal\/wp-content\/uploads\/2015\/12\/Ricardo-Ruiz-Coordinador-Comunal-de-Cultura-San-Felipe.jpg?w=530&amp;ssl=1 530w\" sizes=\"auto, (max-width: 300px) 100vw, 300px\" \/><\/a><figcaption id=\"caption-attachment-64631\" class=\"wp-caption-text\">Ricardo Ruiz, Coordinador Comunal de Cultura.<\/figcaption><\/figure>\n<ul>\n<li><strong>Junto con el balance se invit\u00f3 a los sanfelipe\u00f1os a participar de actividades culturales de fin de a\u00f1o.<\/strong><\/li>\n<\/ul>\n<p>Cumpliendo con una de las promesas de campa\u00f1a del alcalde Patricio Freire de instaurar una pol\u00edtica cultural con participaci\u00f3n ciudadana, el Departamento de Cultura de la Municipalidad de San Felipe hizo un positivo balance de lo que han sido las actividades realizadas durante el 2015, las cuales, que han tenido una gran participaci\u00f3n de la ciudadan\u00eda.<br \/>\nRicardo Ruiz, Coordinador Comunal de Cultura, se mostr\u00f3 muy satisfecho con el trabajo realizado, aunque se puede lograr mayor presencia de los aconcag\u00fcinos en cada uno de los eventos realizados. \u201cEste a\u00f1o hemos logrado instalar una pol\u00edtica cultural que se extiende hasta el 2020 y que se llev\u00f3 a cabo con un trabajo de participaci\u00f3n ciudadana muy importante, en conjunto con el Consejo de la Cultura. Hemos tenido distintas actividades que el p\u00fablico ha recibido muy bien, partimos con los espect\u00e1culos de la Fundaci\u00f3n Teatro a mil, espect\u00e1culos internacionales de primer nivel, etc. Creemos que el trabajo que se est\u00e1 realizando en cultura es valorado por la comunidad, pero en ocasiones sentimos que no se participa todo lo que quisi\u00e9ramos y eso es producto que la gente no se informa\u201d, destac\u00f3.<br \/>\nBajo esa premisa, Ruiz hizo el llamado a que la comunidad busque la cartelera de actividades, la pueda descargar de la p\u00e1gina del municipio, del Facebook y pueda participar, se\u00f1alando adem\u00e1s que la programaci\u00f3n completa del mes de diciembre se puede retirar tambi\u00e9n en el Teatro Municipal y recordando que \u201ctodas las actividades son gratuitas y est\u00e1n pensadas en los sanfelipe\u00f1os, la familia y los aconcag\u00fcinos en general\u201d.<br \/>\nAprovechando la coyuntura, Ruiz dej\u00f3 abierta la invitaci\u00f3n a ser parte de las actividades culturales de fin de a\u00f1o, partiendo este viernes 11 de diciembre con la presentaci\u00f3n del libro Sagrada Ceniza, de autor\u00eda de la poetisa local Azucena Caballero, que se lanzar\u00e1 a las 19 horas en el Sal\u00f3n de Honor de la Municipalidad y posteriormente a las 20 horas en la plaza c\u00edvica de la ciudad la presentaci\u00f3n del montaje \u2018Un reino de Hielo\u2019, obra musical y teatral basada en la familia y la \u00e9poca navide\u00f1a y que tiene como argumento el libro que inspira la pel\u00edcula de Disney Frozen.<br \/>\nAdem\u00e1s, para las siguientes semanas est\u00e1 contemplada la Inauguraci\u00f3n de la Exposici\u00f3n Mi patria Campesina de don Norberto Oropesa, Premio Nacional de Artesan\u00eda, la cual se llevar\u00e1 cabo el lunes 14 a las 20 horas en Centro Almendral. El martes 15 se efectuar\u00e1 el concierto de la Orquesta Marga Marga, partir de las 20 horas en la Catedral de San Felipe y el 18 un show art\u00edstico en el marco de la inauguraci\u00f3n de la iluminaci\u00f3n y ornamentaci\u00f3n Navide\u00f1a de la plaza de Armas.<\/p>\n","protected":false},"excerpt":{"rendered":"<p>Junto con el balance se invit\u00f3 a los sanfelipe\u00f1os a participar de actividades culturales de fin de a\u00f1o. Cumpliendo con una de las promesas de campa\u00f1a del alcalde Patricio Freire de instaurar&#8230;<\/p>\n","protected":false},"author":482,"featured_media":64631,"comment_status":"open","ping_status":"open","sticky":false,"template":"","format":"standard","meta":{"advanced_seo_description":"","jetpack_seo_html_title":"","jetpack_seo_noindex":false,"_jetpack_memberships_contains_paid_content":false,"footnotes":""},"categories":[1],"tags":[],"class_list":["post-64630","post","type-post","status-publish","format-standard","has-post-thumbnail","hentry","category-cronica"],"jetpack_featured_media_url":"https:\/\/i0.wp.com\/eltrabajo.cl\/portal\/wp-content\/uploads\/2015\/12\/Ricardo-Ruiz-Coordinador-Comunal-de-Cultura-San-Felipe.jpg?fit=530%2C348&ssl=1","jetpack_sharing_enabled":true,"jetpack_likes_enabled":true,"jetpack-related-posts":[],"_links":{"self":[{"href":"https:\/\/eltrabajo.cl\/portal\/wp-json\/wp\/v2\/posts\/64630","targetHints":{"allow":["GET"]}}],"collection":[{"href":"https:\/\/eltrabajo.cl\/portal\/wp-json\/wp\/v2\/posts"}],"about":[{"href":"https:\/\/eltrabajo.cl\/portal\/wp-json\/wp\/v2\/types\/post"}],"author":[{"embeddable":true,"href":"https:\/\/eltrabajo.cl\/portal\/wp-json\/wp\/v2\/users\/482"}],"replies":[{"embeddable":true,"href":"https:\/\/eltrabajo.cl\/portal\/wp-json\/wp\/v2\/comments?post=64630"}],"version-history":[{"count":0,"href":"https:\/\/eltrabajo.cl\/portal\/wp-json\/wp\/v2\/posts\/64630\/revisions"}],"wp:featuredmedia":[{"embeddable":true,"href":"https:\/\/eltrabajo.cl\/portal\/wp-json\/wp\/v2\/media\/64631"}],"wp:attachment":[{"href":"https:\/\/eltrabajo.cl\/portal\/wp-json\/wp\/v2\/media?parent=64630"}],"wp:term":[{"taxonomy":"category","embeddable":true,"href":"https:\/\/eltrabajo.cl\/portal\/wp-json\/wp\/v2\/categories?post=64630"},{"taxonomy":"post_tag","embeddable":true,"href":"https:\/\/eltrabajo.cl\/portal\/wp-json\/wp\/v2\/tags?post=64630"}],"curies":[{"name":"wp","href":"https:\/\/api.w.org\/{rel}","templated":true}]}}