{"id":64633,"date":"2015-12-09T14:34:23","date_gmt":"2015-12-09T17:34:23","guid":{"rendered":"http:\/\/www.eltrabajo.cl\/portal\/?p=64633"},"modified":"2015-12-09T14:34:23","modified_gmt":"2015-12-09T17:34:23","slug":"temporada-de-piscinas-y-balnearios-comienza-con-estricto-plan-de-fiscalizaciones","status":"publish","type":"post","link":"https:\/\/eltrabajo.cl\/portal\/temporada-de-piscinas-y-balnearios-comienza-con-estricto-plan-de-fiscalizaciones\/","title":{"rendered":"Temporada de Piscinas y Balnearios comienza con estricto plan de fiscalizaciones"},"content":{"rendered":"<figure id=\"attachment_64634\" aria-describedby=\"caption-attachment-64634\" style=\"width: 300px\" class=\"wp-caption alignleft\"><a href=\"https:\/\/i0.wp.com\/www.eltrabajo.cl\/portal\/wp-content\/uploads\/2015\/12\/Mario-Mendez-Jefe-Oficina-Provincial-SEREMI-de-Salud-San-Felipe.jpg\"><img data-recalc-dims=\"1\" loading=\"lazy\" decoding=\"async\" class=\"wp-image-64634 size-medium\" src=\"https:\/\/i0.wp.com\/www.eltrabajo.cl\/portal\/wp-content\/uploads\/2015\/12\/Mario-Mendez-Jefe-Oficina-Provincial-SEREMI-de-Salud-San-Felipe-300x197.jpg?resize=300%2C197\" alt=\"Mario M\u00e9ndez, Jefe de la Oficina Provincial de la Seremi de Salud.\" width=\"300\" height=\"197\" srcset=\"https:\/\/i0.wp.com\/eltrabajo.cl\/portal\/wp-content\/uploads\/2015\/12\/Mario-Mendez-Jefe-Oficina-Provincial-SEREMI-de-Salud-San-Felipe.jpg?resize=300%2C197&amp;ssl=1 300w, https:\/\/i0.wp.com\/eltrabajo.cl\/portal\/wp-content\/uploads\/2015\/12\/Mario-Mendez-Jefe-Oficina-Provincial-SEREMI-de-Salud-San-Felipe.jpg?resize=200%2C131&amp;ssl=1 200w, https:\/\/i0.wp.com\/eltrabajo.cl\/portal\/wp-content\/uploads\/2015\/12\/Mario-Mendez-Jefe-Oficina-Provincial-SEREMI-de-Salud-San-Felipe.jpg?resize=228%2C150&amp;ssl=1 228w, https:\/\/i0.wp.com\/eltrabajo.cl\/portal\/wp-content\/uploads\/2015\/12\/Mario-Mendez-Jefe-Oficina-Provincial-SEREMI-de-Salud-San-Felipe.jpg?resize=400%2C263&amp;ssl=1 400w, https:\/\/i0.wp.com\/eltrabajo.cl\/portal\/wp-content\/uploads\/2015\/12\/Mario-Mendez-Jefe-Oficina-Provincial-SEREMI-de-Salud-San-Felipe.jpg?w=530&amp;ssl=1 530w\" sizes=\"auto, (max-width: 300px) 100vw, 300px\" \/><\/a><figcaption id=\"caption-attachment-64634\" class=\"wp-caption-text\">Mario M\u00e9ndez, Jefe de la Oficina Provincial de la Seremi de Salud.<\/figcaption><\/figure>\n<ul>\n<li><strong>Cada uno de estos lugares debe cumplir con diversos requisitos de higiene y seguridad que garanticen el bienestar de los usuarios.<\/strong><\/li>\n<\/ul>\n<p>El fin de semana pasado comenz\u00f3 oficialmente la Temporada de Piscinas y Balnearios en el Valle de Aconcagua y la Autoridad Sanitaria de forma paralela inici\u00f3 su proceso de fiscalizaci\u00f3n a los 37 centros de verano que solicitaron permiso para recibir p\u00fablico en la provincia de San Felipe.<br \/>\nMario M\u00e9ndez, Jefe de la Oficina Provincial de la Seremi de Salud, detall\u00f3 que los reglamentos y exigencias de piscinas y balnearios son independientes y que cada uno debe responder a las solicitudes y requerimientos que establece la autoridad sanitaria, para de esta forma, asegurar el bienestar de los visitantes a estos lugares. \u201cEn las distintas provincias ya hemos comenzado con el programa de fiscalizaci\u00f3n con nuestros inspectores, quienes van a hacer cumplir los reglamentos de piscinas y balnearios, que dicho sea de paso, son distintos uno de otro\u201d, aclar\u00f3.<br \/>\nAs\u00ed mismo, M\u00e9ndez detall\u00f3 que el reglamento de piscinas en Chile es muy riguroso, con exigencias muy dif\u00edciles de cumplir, mientras que los balnearios, aunque tienen que tomar medidas m\u00e1s flexibles, de todas formas \u201cdeben cumplir con condiciones m\u00ednimas suficientes como servicios higi\u00e9nicos autorizados, agua potable y que tengan un sistema de disposici\u00f3n de residuos s\u00f3lidos, adem\u00e1s de un sistema de control de roedores, particularmente para evitar el Hanta Virus y enfermedades similares que nos permitan reducir ese riesgo\u201d, enfatiz\u00f3 la autoridad.<br \/>\nEn relaci\u00f3n a las exigencias que se hace a las piscinas, el personero apunt\u00f3 que \u00e9stas son mucho mayores en relaci\u00f3n con el dispositivo donde se encuentra el agua, con los niveles de cloraci\u00f3n adecuados y tambi\u00e9n ba\u00f1os con agua potable, conexi\u00f3n a la red de alcantarillado, guardarrop\u00edas, camarines o lugares para cambio de ropa adecuados, servicio de duchas, pediluvios para la desinfecci\u00f3n de pies en el acceso a la piscina y otros detalles desde el punto de vista t\u00e9cnico que son mucho m\u00e1s rigurosos.<br \/>\nEs importante consignar que el reglamento de piscinas diferencia tres categor\u00edas: las p\u00fablicas, semip\u00fablicas y las privadas. En este caso la autoridad sanitaria debe controlar y fiscalizar el funcionamiento de las dos primeras como es el caso de la piscina del Estadio Fiscal en San Felipe.<br \/>\nEn cuanto a la existencia de piscinas particulares que sin autorizaci\u00f3n sanitaria abren su espacio al p\u00fablico, M\u00e9ndez adujo que es un poco difuso distinguir entre un espacio y otro. \u201cEstos conceptos de semip\u00fablicas y privadas establecen un l\u00edmite un poco dif\u00edcil de controlar y fiscalizar. Nosotros hemos recibido denuncias por parte de vecinos que nos indican que piletas de car\u00e1cter particular est\u00e1n desarrollando actividad comercial y la verdad es que eso no se puede hacer\u201d, destac\u00f3.<br \/>\nEn este escenario, M\u00e9ndez asume que las fiscalizaciones no siempre son suficientes y que la responsabilidad del p\u00fablico resulta fundamental a la hora de elegir un lugar de este tipo, exigiendo la autorizaci\u00f3n sanitaria vigente, sobretodo en esta fecha en que los establecimientos educacionales e instituciones p\u00fablicas y privadas comienzan a seleccionar y reservar espacios para sus paseos de fin de a\u00f1o.<br \/>\nBajo esa perspectiva M\u00e9ndez recalc\u00f3 que \u201caparte de la fiscalizaciones, hay que hacer un llamado a los turistas y personas que organizan este tipo de eventos de fin de a\u00f1o a que no se arriesguen. La verdad es que un paseo de curso o una actividad colectiva de empresa debe procurar que este tipo de actividades se hagan en espacios con autorizaci\u00f3n, sobre todo si es un lugar con piscina, deben cerciorarse de que cumpla con las exigencias que hace la autoridad sanitaria de tal manera que disminuyamos los riesgos de accidentes y situaciones de esa naturaleza\u201d, finaliz\u00f3.<br \/>\nCabe destacar, que en cada uno de los casos, la presencia de salvavidas es obligatoria, pues un balneario o piscina es siempre un lugar propenso a tener alg\u00fan tipo de accidente y dependiendo de la tama\u00f1o de la pileta y de la cantidad de personas que reciba, va a depender el n\u00famero de guarda vidas que debe supervisar la seguridad de los ba\u00f1istas.<\/p>\n","protected":false},"excerpt":{"rendered":"<p>Cada uno de estos lugares debe cumplir con diversos requisitos de higiene y seguridad que garanticen el bienestar de los usuarios. El fin de semana pasado comenz\u00f3 oficialmente la Temporada de Piscinas&#8230;<\/p>\n","protected":false},"author":482,"featured_media":64634,"comment_status":"open","ping_status":"open","sticky":false,"template":"","format":"standard","meta":{"advanced_seo_description":"","jetpack_seo_html_title":"","jetpack_seo_noindex":false,"_jetpack_memberships_contains_paid_content":false,"footnotes":""},"categories":[1],"tags":[],"class_list":["post-64633","post","type-post","status-publish","format-standard","has-post-thumbnail","hentry","category-cronica"],"jetpack_featured_media_url":"https:\/\/i0.wp.com\/eltrabajo.cl\/portal\/wp-content\/uploads\/2015\/12\/Mario-Mendez-Jefe-Oficina-Provincial-SEREMI-de-Salud-San-Felipe.jpg?fit=530%2C348&ssl=1","jetpack_sharing_enabled":true,"jetpack_likes_enabled":true,"jetpack-related-posts":[],"_links":{"self":[{"href":"https:\/\/eltrabajo.cl\/portal\/wp-json\/wp\/v2\/posts\/64633","targetHints":{"allow":["GET"]}}],"collection":[{"href":"https:\/\/eltrabajo.cl\/portal\/wp-json\/wp\/v2\/posts"}],"about":[{"href":"https:\/\/eltrabajo.cl\/portal\/wp-json\/wp\/v2\/types\/post"}],"author":[{"embeddable":true,"href":"https:\/\/eltrabajo.cl\/portal\/wp-json\/wp\/v2\/users\/482"}],"replies":[{"embeddable":true,"href":"https:\/\/eltrabajo.cl\/portal\/wp-json\/wp\/v2\/comments?post=64633"}],"version-history":[{"count":0,"href":"https:\/\/eltrabajo.cl\/portal\/wp-json\/wp\/v2\/posts\/64633\/revisions"}],"wp:featuredmedia":[{"embeddable":true,"href":"https:\/\/eltrabajo.cl\/portal\/wp-json\/wp\/v2\/media\/64634"}],"wp:attachment":[{"href":"https:\/\/eltrabajo.cl\/portal\/wp-json\/wp\/v2\/media?parent=64633"}],"wp:term":[{"taxonomy":"category","embeddable":true,"href":"https:\/\/eltrabajo.cl\/portal\/wp-json\/wp\/v2\/categories?post=64633"},{"taxonomy":"post_tag","embeddable":true,"href":"https:\/\/eltrabajo.cl\/portal\/wp-json\/wp\/v2\/tags?post=64633"}],"curies":[{"name":"wp","href":"https:\/\/api.w.org\/{rel}","templated":true}]}}