{"id":64637,"date":"2015-12-09T14:38:28","date_gmt":"2015-12-09T17:38:28","guid":{"rendered":"http:\/\/www.eltrabajo.cl\/portal\/?p=64637"},"modified":"2015-12-09T14:38:28","modified_gmt":"2015-12-09T17:38:28","slug":"en-prision-preventiva-quedo-conductor-que-atropello-a-ciclista-en-calle-larga","status":"publish","type":"post","link":"https:\/\/eltrabajo.cl\/portal\/en-prision-preventiva-quedo-conductor-que-atropello-a-ciclista-en-calle-larga\/","title":{"rendered":"En prisi\u00f3n preventiva qued\u00f3 conductor que atropell\u00f3 a ciclista en Calle Larga"},"content":{"rendered":"<figure id=\"attachment_64638\" aria-describedby=\"caption-attachment-64638\" style=\"width: 300px\" class=\"wp-caption alignleft\"><a href=\"https:\/\/i0.wp.com\/www.eltrabajo.cl\/portal\/wp-content\/uploads\/2015\/12\/condominio-atropello1.jpg\"><img data-recalc-dims=\"1\" loading=\"lazy\" decoding=\"async\" class=\"wp-image-64638 size-medium\" src=\"https:\/\/i0.wp.com\/www.eltrabajo.cl\/portal\/wp-content\/uploads\/2015\/12\/condominio-atropello1-300x198.jpg?resize=300%2C198\" alt=\"El conductor que conduc\u00eda en estado de ebriedad y que caus\u00f3 la muerte de un ciclista, qued\u00f3 bajo prisi\u00f3n preventiva por los cuatro meses que dure la investigaci\u00f3n.\" width=\"300\" height=\"198\" srcset=\"https:\/\/i0.wp.com\/eltrabajo.cl\/portal\/wp-content\/uploads\/2015\/12\/condominio-atropello1.jpg?resize=300%2C198&amp;ssl=1 300w, https:\/\/i0.wp.com\/eltrabajo.cl\/portal\/wp-content\/uploads\/2015\/12\/condominio-atropello1.jpg?resize=200%2C132&amp;ssl=1 200w, https:\/\/i0.wp.com\/eltrabajo.cl\/portal\/wp-content\/uploads\/2015\/12\/condominio-atropello1.jpg?resize=228%2C150&amp;ssl=1 228w, https:\/\/i0.wp.com\/eltrabajo.cl\/portal\/wp-content\/uploads\/2015\/12\/condominio-atropello1.jpg?resize=400%2C263&amp;ssl=1 400w, https:\/\/i0.wp.com\/eltrabajo.cl\/portal\/wp-content\/uploads\/2015\/12\/condominio-atropello1.jpg?w=530&amp;ssl=1 530w\" sizes=\"auto, (max-width: 300px) 100vw, 300px\" \/><\/a><figcaption id=\"caption-attachment-64638\" class=\"wp-caption-text\">El conductor que conduc\u00eda en estado de ebriedad y que caus\u00f3 la muerte de un ciclista, qued\u00f3 bajo prisi\u00f3n preventiva por los cuatro meses que dure la investigaci\u00f3n.<\/figcaption><\/figure>\n<ul>\n<li><strong>Es el primer formalizado por la Ley Emilia en la provincia y arriesga hasta 5 a\u00f1os de c\u00e1rcel.<\/strong><\/li>\n<\/ul>\n<p><strong>LOS ANDES.<\/strong>&#8211; En prisi\u00f3n preventiva qued\u00f3 el ingeniero J.L.G.R. (34) quien la ma\u00f1ana del s\u00e1bado atropell\u00f3 y dio muerte a un ciclista en el camino a Calle Larga, tras ser formalizado en el Tribunal de Garant\u00eda de Los Andes por la llamada \u2018Ley Emilia\u2019 que endurece las penas a quienes manejan borrachos y causan la muerte.<br \/>\nLa detenci\u00f3n del profesional, que de acuerdo al informe del intoxilyzer manejaba con 2.18 gramos de alcohol por mil en la sangre, fue ampliada hasta la ma\u00f1ana del domingo para que el Ministerio P\u00fablico pudiera reunir m\u00e1s antecedentes sobre este hecho que ha causado conmoci\u00f3n en la comuna de Calle Larga, ya que la v\u00edctima Miguel \u00c1ngel Chac\u00f3n (50) era ampliamente conocido.<br \/>\nEn la audiencia de formalizaci\u00f3n, el fiscal Alberto Gertosio, quien tambi\u00e9n se constituy\u00f3 en el lugar del accidente el pasado s\u00e1bado, se\u00f1al\u00f3 que el imputado conduc\u00eda en estado de ebriedad la camioneta Dodge New Ram de color negro por Calle Larga en direcci\u00f3n norte-sur y al llegar a la altura del ingreso al condominio Los Maitenes, \u201cel imputado debido a su estado de ebriedad perdi\u00f3 el control del m\u00f3vil, sobrepasando el eje central de la calzada e impactando de frente al ciclista quien lo hac\u00eda por la misma arteria en direcci\u00f3n opuesta, quedando \u00e9ste debajo de dicha camioneta\u201d.<br \/>\nAgreg\u00f3 que la causa de muerte de la v\u00edctima fueron las m\u00faltiples fracturas que sufri\u00f3 por el impacto de la camioneta, \u201csiendo la causa de muerte traumatismo esquel\u00e9tico visceral compatibles con accidente de tr\u00e1nsito\u201d.<br \/>\nPrecis\u00f3 que estos hechos son constitutivos del delito de conducci\u00f3n en estado de ebriedad causando muerte en calidad de consumado.<br \/>\nEl fiscal Gertosio dio lectura a la declaraci\u00f3n de un testigo que conduc\u00eda un autom\u00f3vil Hyundai Elantra que fue adelantado por la camioneta, \u201cla cual perdi\u00f3 el control colisionando con una persona que se desplazaba en una bicicleta desde sur a norte por la acera y el impacto se produjo cuando el conductor de la bicicleta bajaba la cuneta\u201d.<br \/>\nEl testigo refiere haberse detenido para ayudar al herido, constatando que \u00e9ste se encontraba debajo de la camioneta.<br \/>\nAdem\u00e1s se establece que el ciclista iba por la vereda y se baj\u00f3 a la calzada donde est\u00e1 el ingreso al condominio, momento en el cual recibi\u00f3 el brutal impacto de la camioneta cuyas huellas de frenada quedaron marcadas en el pavimento y ni siquiera hubo arrastre del cuerpo.<br \/>\nJustamente el fiscal Gertosio remarc\u00f3 que el ciclista iba por la vereda y al momento de bajar de ella, en el acceso al conjunto habitacional, fue impactado por la camioneta.<br \/>\nGertosio invoc\u00f3 la Ley Emilia para solicitar la prisi\u00f3n preventiva para el imputado por considerarlo un peligro para la seguridad de la sociedad, ya que si bien el profesional no tiene antecedentes penales, sabe muy bien que conducir un veh\u00edculo en estado de ebriedad est\u00e1 sancionado por la ley, \u201cpues desde el a\u00f1o pasado todas las personas comunes y corrientes hemos venido sabiendo de las campa\u00f1as a nivel gubernamental respecto de los manejos en estado de ebriedad a prop\u00f3sito de la promulgaci\u00f3n de la Ley Emilia, es decir todo el mundo sabe que quien conduce ebrio y mata tiene que abstenerse a las consecuencias, elevando las penas por parte del legislador para este delito\u201d.<br \/>\nEl representante del Ministerio P\u00fablico precis\u00f3 que la v\u00edctima iba a su lugar de trabajo y no tiene responsabilidad alguna en el accidente.<br \/>\nSin embargo, la abogada defensora Claudia Garibaldi Delucchi, quien pidi\u00f3 que la prensa saliera de sala para no divulgar los hechos (cosa que le fue denegada), rebati\u00f3 la solicitud de prisi\u00f3n preventiva, asegurando que lo \u00fanico que estaba establecido en esta etapa de la investigaci\u00f3n era que su representado manejaba ebrio y hab\u00eda fallecido un ciclista, \u201cpero lo que obra en la carpeta investigativa es el parte policial que da cuenta del hecho con una supuesta causa basal, pero no hay informe Siat del lugar donde se produce el impacto, por lo que no se le puede atribuir a mi representado culpa en el hecho, solo su responsabilidad por manejar en estado de ebriedad y no por causar la muerte de la v\u00edctima y desde esa perspectiva faltan antecedentes que no permitir\u00edan aplicar la medida tan gravosa de privaci\u00f3n de libertad\u201d.<br \/>\nTras la exposici\u00f3n de las partes, la Magistrado Valeria Crosa se\u00f1al\u00f3 que el delito de manejo en estado de ebriedad causando muerte se encuentra plenamente acreditado, as\u00ed como tambi\u00e9n la participaci\u00f3n del imputado, sumado a la pena asignada al delito y su gravedad, resolvi\u00f3 decretar la prisi\u00f3n preventiva por los cuatro meses que durar\u00e1 la investigaci\u00f3n.<\/p>\n","protected":false},"excerpt":{"rendered":"<p>Es el primer formalizado por la Ley Emilia en la provincia y arriesga hasta 5 a\u00f1os de c\u00e1rcel. LOS ANDES.&#8211; En prisi\u00f3n preventiva qued\u00f3 el ingeniero J.L.G.R. (34) quien la ma\u00f1ana del&#8230;<\/p>\n","protected":false},"author":482,"featured_media":64638,"comment_status":"open","ping_status":"open","sticky":false,"template":"","format":"standard","meta":{"advanced_seo_description":"","jetpack_seo_html_title":"","jetpack_seo_noindex":false,"_jetpack_memberships_contains_paid_content":false,"footnotes":""},"categories":[21],"tags":[],"class_list":["post-64637","post","type-post","status-publish","format-standard","has-post-thumbnail","hentry","category-policial"],"jetpack_featured_media_url":"https:\/\/i0.wp.com\/eltrabajo.cl\/portal\/wp-content\/uploads\/2015\/12\/condominio-atropello1.jpg?fit=530%2C349&ssl=1","jetpack_sharing_enabled":true,"jetpack_likes_enabled":true,"jetpack-related-posts":[],"_links":{"self":[{"href":"https:\/\/eltrabajo.cl\/portal\/wp-json\/wp\/v2\/posts\/64637","targetHints":{"allow":["GET"]}}],"collection":[{"href":"https:\/\/eltrabajo.cl\/portal\/wp-json\/wp\/v2\/posts"}],"about":[{"href":"https:\/\/eltrabajo.cl\/portal\/wp-json\/wp\/v2\/types\/post"}],"author":[{"embeddable":true,"href":"https:\/\/eltrabajo.cl\/portal\/wp-json\/wp\/v2\/users\/482"}],"replies":[{"embeddable":true,"href":"https:\/\/eltrabajo.cl\/portal\/wp-json\/wp\/v2\/comments?post=64637"}],"version-history":[{"count":0,"href":"https:\/\/eltrabajo.cl\/portal\/wp-json\/wp\/v2\/posts\/64637\/revisions"}],"wp:featuredmedia":[{"embeddable":true,"href":"https:\/\/eltrabajo.cl\/portal\/wp-json\/wp\/v2\/media\/64638"}],"wp:attachment":[{"href":"https:\/\/eltrabajo.cl\/portal\/wp-json\/wp\/v2\/media?parent=64637"}],"wp:term":[{"taxonomy":"category","embeddable":true,"href":"https:\/\/eltrabajo.cl\/portal\/wp-json\/wp\/v2\/categories?post=64637"},{"taxonomy":"post_tag","embeddable":true,"href":"https:\/\/eltrabajo.cl\/portal\/wp-json\/wp\/v2\/tags?post=64637"}],"curies":[{"name":"wp","href":"https:\/\/api.w.org\/{rel}","templated":true}]}}