{"id":64645,"date":"2015-12-09T14:44:29","date_gmt":"2015-12-09T17:44:29","guid":{"rendered":"http:\/\/www.eltrabajo.cl\/portal\/?p=64645"},"modified":"2015-12-09T14:44:29","modified_gmt":"2015-12-09T17:44:29","slug":"dos-jugadores-de-san-felipe-basket-a-la-seleccion-chilena-u18-2","status":"publish","type":"post","link":"https:\/\/eltrabajo.cl\/portal\/dos-jugadores-de-san-felipe-basket-a-la-seleccion-chilena-u18-2\/","title":{"rendered":"Dos jugadores de San Felipe Basket a la selecci\u00f3n chilena U18"},"content":{"rendered":"<figure id=\"attachment_64606\" aria-describedby=\"caption-attachment-64606\" style=\"width: 300px\" class=\"wp-caption alignleft\"><a href=\"https:\/\/i0.wp.com\/www.eltrabajo.cl\/portal\/wp-content\/uploads\/2015\/12\/seleccionados.jpg\"><img data-recalc-dims=\"1\" loading=\"lazy\" decoding=\"async\" class=\"wp-image-64606 size-medium\" src=\"https:\/\/i0.wp.com\/www.eltrabajo.cl\/portal\/wp-content\/uploads\/2015\/12\/seleccionados-300x197.jpg?resize=300%2C197\" alt=\"Lino S\u00e1ez y Tomas Gonz\u00e1lez ser\u00e1n parte del proceso selectivo que apunta al Pre Mundial en la serie U18 del pr\u00f3ximo a\u00f1o.\" width=\"300\" height=\"197\" srcset=\"https:\/\/i0.wp.com\/eltrabajo.cl\/portal\/wp-content\/uploads\/2015\/12\/seleccionados.jpg?resize=300%2C197&amp;ssl=1 300w, https:\/\/i0.wp.com\/eltrabajo.cl\/portal\/wp-content\/uploads\/2015\/12\/seleccionados.jpg?resize=200%2C131&amp;ssl=1 200w, https:\/\/i0.wp.com\/eltrabajo.cl\/portal\/wp-content\/uploads\/2015\/12\/seleccionados.jpg?resize=228%2C150&amp;ssl=1 228w, https:\/\/i0.wp.com\/eltrabajo.cl\/portal\/wp-content\/uploads\/2015\/12\/seleccionados.jpg?resize=400%2C263&amp;ssl=1 400w, https:\/\/i0.wp.com\/eltrabajo.cl\/portal\/wp-content\/uploads\/2015\/12\/seleccionados.jpg?w=530&amp;ssl=1 530w\" sizes=\"auto, (max-width: 300px) 100vw, 300px\" \/><\/a><figcaption id=\"caption-attachment-64606\" class=\"wp-caption-text\">Lino S\u00e1ez y Tomas Gonz\u00e1lez ser\u00e1n parte del proceso selectivo que apunta al Pre Mundial en la serie U18 del pr\u00f3ximo a\u00f1o.<\/figcaption><\/figure>\n<ul>\n<li><strong>A Lino S\u00e1ez y Tomas Gonz\u00e1lez, tambi\u00e9n se sumar\u00e1 Marcelo P\u00e9rez, tambi\u00e9n de la Asociaci\u00f3n de B\u00e1squetbol San Felipe.<\/strong><\/li>\n<\/ul>\n<p>No existen dudas en cuanto a que este a\u00f1o el b\u00e1squetbol se ha tomado el protagonismo en el \u00e1mbito deportivo de San Felipe y el valle de Aconcagua en general, porque no ha habido un mes en que en estas p\u00e1ginas no haya habido una noticia relevante en esta disciplina deportiva, lo que demuestra que en los cestos sanfelipe\u00f1os las cosas se est\u00e1n haciendo muy bien.<br \/>\nLo relevante para estos d\u00edas, es que los j\u00f3venes jugadores del club San Felipe Basket, Lino S\u00e1ez y Tomas Gonz\u00e1lez, fueron convocados a la Pre Selecci\u00f3n Chilena U18 que entre hoy mi\u00e9rcoles 9 y el 11 de diciembre iniciar\u00e1n el proceso con miras al Pre Mundial 2016.<br \/>\nS\u00e1ez y Gonz\u00e1lez, junto a otros 14 jugadores ser\u00e1n sometidos a diferentes test f\u00edsicos y m\u00e9dicos, que tendr\u00e1n lugar en el Centro de Alto Rendimiento (CAR) en la comuna de \u00d1u\u00f1oa.<\/p>\n","protected":false},"excerpt":{"rendered":"<p>A Lino S\u00e1ez y Tomas Gonz\u00e1lez, tambi\u00e9n se sumar\u00e1 Marcelo P\u00e9rez, tambi\u00e9n de la Asociaci\u00f3n de B\u00e1squetbol San Felipe. No existen dudas en cuanto a que este a\u00f1o el b\u00e1squetbol se ha&#8230;<\/p>\n","protected":false},"author":482,"featured_media":64606,"comment_status":"open","ping_status":"open","sticky":false,"template":"","format":"standard","meta":{"advanced_seo_description":"","jetpack_seo_html_title":"","jetpack_seo_noindex":false,"_jetpack_memberships_contains_paid_content":false,"footnotes":""},"categories":[19],"tags":[],"class_list":["post-64645","post","type-post","status-publish","format-standard","has-post-thumbnail","hentry","category-deportes"],"jetpack_featured_media_url":"https:\/\/i0.wp.com\/eltrabajo.cl\/portal\/wp-content\/uploads\/2015\/12\/seleccionados.jpg?fit=530%2C348&ssl=1","jetpack_sharing_enabled":true,"jetpack_likes_enabled":true,"jetpack-related-posts":[],"_links":{"self":[{"href":"https:\/\/eltrabajo.cl\/portal\/wp-json\/wp\/v2\/posts\/64645","targetHints":{"allow":["GET"]}}],"collection":[{"href":"https:\/\/eltrabajo.cl\/portal\/wp-json\/wp\/v2\/posts"}],"about":[{"href":"https:\/\/eltrabajo.cl\/portal\/wp-json\/wp\/v2\/types\/post"}],"author":[{"embeddable":true,"href":"https:\/\/eltrabajo.cl\/portal\/wp-json\/wp\/v2\/users\/482"}],"replies":[{"embeddable":true,"href":"https:\/\/eltrabajo.cl\/portal\/wp-json\/wp\/v2\/comments?post=64645"}],"version-history":[{"count":0,"href":"https:\/\/eltrabajo.cl\/portal\/wp-json\/wp\/v2\/posts\/64645\/revisions"}],"wp:featuredmedia":[{"embeddable":true,"href":"https:\/\/eltrabajo.cl\/portal\/wp-json\/wp\/v2\/media\/64606"}],"wp:attachment":[{"href":"https:\/\/eltrabajo.cl\/portal\/wp-json\/wp\/v2\/media?parent=64645"}],"wp:term":[{"taxonomy":"category","embeddable":true,"href":"https:\/\/eltrabajo.cl\/portal\/wp-json\/wp\/v2\/categories?post=64645"},{"taxonomy":"post_tag","embeddable":true,"href":"https:\/\/eltrabajo.cl\/portal\/wp-json\/wp\/v2\/tags?post=64645"}],"curies":[{"name":"wp","href":"https:\/\/api.w.org\/{rel}","templated":true}]}}