{"id":64647,"date":"2015-12-09T14:47:01","date_gmt":"2015-12-09T17:47:01","guid":{"rendered":"http:\/\/www.eltrabajo.cl\/portal\/?p=64647"},"modified":"2015-12-09T14:47:01","modified_gmt":"2015-12-09T17:47:01","slug":"gigantesco-arbol-cae-en-yungay-y-destruye-radiotaxi-frente-al-rodoviario-2","status":"publish","type":"post","link":"https:\/\/eltrabajo.cl\/portal\/gigantesco-arbol-cae-en-yungay-y-destruye-radiotaxi-frente-al-rodoviario-2\/","title":{"rendered":"Gigantesco \u00e1rbol cae en Yungay y destruye radiotaxi frente al rodoviario"},"content":{"rendered":"<figure id=\"attachment_64641\" aria-describedby=\"caption-attachment-64641\" style=\"width: 300px\" class=\"wp-caption alignleft\"><a href=\"https:\/\/i0.wp.com\/www.eltrabajo.cl\/portal\/wp-content\/uploads\/2015\/12\/caida-de-arbol-yungay-emergenciaconcagua.jpg\"><img data-recalc-dims=\"1\" loading=\"lazy\" decoding=\"async\" class=\"wp-image-64641 size-medium\" src=\"https:\/\/i0.wp.com\/www.eltrabajo.cl\/portal\/wp-content\/uploads\/2015\/12\/caida-de-arbol-yungay-emergenciaconcagua-300x198.jpg?resize=300%2C198\" alt=\"El \u00e1rbol qued\u00f3 cruzado sobre la calzada oriente, provocando verdaderos estragos en postes y cables del tendido el\u00e9ctrico adem\u00e1s de da\u00f1os a un radiotaxi. (Foto @EmergenciaA).\" width=\"300\" height=\"198\" srcset=\"https:\/\/i0.wp.com\/eltrabajo.cl\/portal\/wp-content\/uploads\/2015\/12\/caida-de-arbol-yungay-emergenciaconcagua.jpg?resize=300%2C198&amp;ssl=1 300w, https:\/\/i0.wp.com\/eltrabajo.cl\/portal\/wp-content\/uploads\/2015\/12\/caida-de-arbol-yungay-emergenciaconcagua.jpg?resize=200%2C132&amp;ssl=1 200w, https:\/\/i0.wp.com\/eltrabajo.cl\/portal\/wp-content\/uploads\/2015\/12\/caida-de-arbol-yungay-emergenciaconcagua.jpg?resize=227%2C150&amp;ssl=1 227w, https:\/\/i0.wp.com\/eltrabajo.cl\/portal\/wp-content\/uploads\/2015\/12\/caida-de-arbol-yungay-emergenciaconcagua.jpg?resize=400%2C264&amp;ssl=1 400w, https:\/\/i0.wp.com\/eltrabajo.cl\/portal\/wp-content\/uploads\/2015\/12\/caida-de-arbol-yungay-emergenciaconcagua.jpg?w=530&amp;ssl=1 530w\" sizes=\"auto, (max-width: 300px) 100vw, 300px\" \/><\/a><figcaption id=\"caption-attachment-64641\" class=\"wp-caption-text\">El \u00e1rbol qued\u00f3 cruzado sobre la calzada oriente, provocando verdaderos estragos en postes y cables del tendido el\u00e9ctrico adem\u00e1s de da\u00f1os a un radiotaxi. (Foto @EmergenciaA).<\/figcaption><\/figure>\n<p>Una providencial salvada tuvo el conductor de un radiotaxi cuyo veh\u00edculo fue aplastado por un gigantesco \u00e1rbol que la ma\u00f1ana de este martes se precipit\u00f3 a tierra en plena Avenida Yungay frente al Terminal Rodoviario.<br \/>\nEl hecho se registr\u00f3 alrededor de las 10 de la ma\u00f1ana, cuando por razones que no est\u00e1n del todo claras, ya que se trata de un \u00e1lamo con abundante follaje y sin signos visibles de deterioro o sequedad, cay\u00f3 repentinamente hacia el oriente, desprendi\u00e9ndose de ra\u00edz y cruz\u00e1ndose en toda la calzada, destruyendo a su paso al menos dos postes del tendido el\u00e9ctrico, provocando cortes de cables y del suministro energ\u00e9tico, al margen de destruir un veh\u00edculo radiotaxi cuyo conductor salv\u00f3 milagrosamente con vida.<br \/>\nEl hecho afortunadamente no dej\u00f3 personas heridas y se habr\u00eda originado al parecer por el mal estado de las ra\u00edces, trat\u00e1ndose de un \u00e1rbol de unos 20 metros de altura con abundante follaje, el que cay\u00f3 frente a la salida de buses, obligando a las m\u00e1quinas salir por San Mart\u00edn.<br \/>\nRicardo Le\u00f3n, encargado de Operaciones del municipio sanfelipe\u00f1o, se mostr\u00f3 bastante sorprendido con lo sucedido, asegurando que se trataba de \u00abuna especie que estaba verde y nada hac\u00eda sospechar que pudiera caer de esta manera\u00bb, seg\u00fan manifest\u00f3.<br \/>\nLe\u00f3n reconoci\u00f3 que es normal que en esta \u00e9poca caigan ramas de los \u00e1rboles \u00abpor el peso del follaje, pero que un \u00e1rbol caiga completo como este es bastante llamativo. Lamentablemente a veces las especies tienen algunos problemas que no son visibles, como me parece es este caso, ya que se precipit\u00f3 a tierra de ra\u00edz, donde habr\u00eda presentado el problema de acuerdo a nuestro t\u00e9cnico producto de la altura\u00bb, concuy\u00f3 Ricardo Le\u00f3n.<br \/>\nHasta el lugar concurrieron voluntarios de Bomberos junto a personal de Carabineros, Chilquinta y Municipalidad, quienes se abocaron a realizar las labores pertinentes para superar la emergencia y permitir que todo volviera a la normalidad.<br \/>\nRespecto al conductor del radiotaxi, identificado como Patricio Herrera, no sufri\u00f3 lesiones de ning\u00fan tipo, aunque el veh\u00edculo qued\u00f3 con da\u00f1os de consideraci\u00f3n.<\/p>\n<div class=\"tiled-gallery type-rectangular tiled-gallery-unresized\" data-original-width=\"640\" data-carousel-extra='null' itemscope itemtype=\"http:\/\/schema.org\/ImageGallery\" > <div class=\"gallery-row\" style=\"width: 640px; height: 213px;\" data-original-width=\"640\" data-original-height=\"213\" > <div class=\"gallery-group images-1\" style=\"width: 320px; height: 213px;\" data-original-width=\"320\" data-original-height=\"213\" > <div class=\"tiled-gallery-item tiled-gallery-item-large\" itemprop=\"associatedMedia\" itemscope itemtype=\"http:\/\/schema.org\/ImageObject\"> <a href=\"https:\/\/eltrabajo.cl\/portal\/caida-de-arbol-yungay\/\" border=\"0\" itemprop=\"url\"> <meta itemprop=\"width\" content=\"316\"> <meta itemprop=\"height\" content=\"209\"> <img decoding=\"async\" class=\"\" data-attachment-id=\"64643\" data-orig-file=\"https:\/\/eltrabajo.cl\/portal\/wp-content\/uploads\/2015\/12\/caida-de-arbol-yungay.jpg\" data-orig-size=\"530,350\" data-comments-opened=\"1\" data-image-meta=\"{&quot;aperture&quot;:&quot;0&quot;,&quot;credit&quot;:&quot;&quot;,&quot;camera&quot;:&quot;&quot;,&quot;caption&quot;:&quot;&quot;,&quot;created_timestamp&quot;:&quot;0&quot;,&quot;copyright&quot;:&quot;&quot;,&quot;focal_length&quot;:&quot;0&quot;,&quot;iso&quot;:&quot;0&quot;,&quot;shutter_speed&quot;:&quot;0&quot;,&quot;title&quot;:&quot;&quot;,&quot;orientation&quot;:&quot;0&quot;}\" data-image-title=\"caida de arbol yungay\" data-image-description=\"&lt;p&gt;Aparentemente el mal estado de las ra\u00edces habr\u00eda provocado que el antiguo \u00e1lamo se precipitara a tierra.&lt;\/p&gt; \" data-medium-file=\"https:\/\/i0.wp.com\/eltrabajo.cl\/portal\/wp-content\/uploads\/2015\/12\/caida-de-arbol-yungay.jpg?fit=300%2C198&#038;ssl=1\" data-large-file=\"https:\/\/i0.wp.com\/eltrabajo.cl\/portal\/wp-content\/uploads\/2015\/12\/caida-de-arbol-yungay.jpg?fit=530%2C350&#038;ssl=1\" src=\"https:\/\/i0.wp.com\/eltrabajo.cl\/portal\/wp-content\/uploads\/2015\/12\/caida-de-arbol-yungay.jpg?w=316&#038;h=209&#038;ssl=1\" srcset=\"https:\/\/i0.wp.com\/eltrabajo.cl\/portal\/wp-content\/uploads\/2015\/12\/caida-de-arbol-yungay.jpg?w=530&amp;ssl=1 530w, https:\/\/i0.wp.com\/eltrabajo.cl\/portal\/wp-content\/uploads\/2015\/12\/caida-de-arbol-yungay.jpg?resize=200%2C132&amp;ssl=1 200w, https:\/\/i0.wp.com\/eltrabajo.cl\/portal\/wp-content\/uploads\/2015\/12\/caida-de-arbol-yungay.jpg?resize=300%2C198&amp;ssl=1 300w, https:\/\/i0.wp.com\/eltrabajo.cl\/portal\/wp-content\/uploads\/2015\/12\/caida-de-arbol-yungay.jpg?resize=227%2C150&amp;ssl=1 227w, https:\/\/i0.wp.com\/eltrabajo.cl\/portal\/wp-content\/uploads\/2015\/12\/caida-de-arbol-yungay.jpg?resize=400%2C264&amp;ssl=1 400w\" width=\"316\" height=\"209\" loading=\"lazy\" data-original-width=\"316\" data-original-height=\"209\" itemprop=\"http:\/\/schema.org\/image\" title=\"caida de arbol yungay\" alt=\"Aparentemente el mal estado de las ra\u00edces habr\u00eda provocado que el antiguo \u00e1lamo se precipitara a tierra.\" style=\"width: 316px; height: 209px;\" \/> <\/a> <div class=\"tiled-gallery-caption\" itemprop=\"caption description\"> Aparentemente el mal estado de las ra\u00edces habr\u00eda provocado que el antiguo \u00e1lamo se precipitara a tierra. <\/div> <\/div> <\/div> <!-- close group --> <div class=\"gallery-group images-1\" style=\"width: 320px; height: 213px;\" data-original-width=\"320\" data-original-height=\"213\" > <div class=\"tiled-gallery-item tiled-gallery-item-large\" itemprop=\"associatedMedia\" itemscope itemtype=\"http:\/\/schema.org\/ImageObject\"> <a href=\"https:\/\/eltrabajo.cl\/portal\/caida-de-arbol-yungay-aconcaguaradio\/\" border=\"0\" itemprop=\"url\"> <meta itemprop=\"width\" content=\"316\"> <meta itemprop=\"height\" content=\"209\"> <img decoding=\"async\" class=\"\" data-attachment-id=\"64642\" data-orig-file=\"https:\/\/eltrabajo.cl\/portal\/wp-content\/uploads\/2015\/12\/caida-de-arbol-yungay-@aconcaguaradio.jpg\" data-orig-size=\"530,350\" data-comments-opened=\"1\" data-image-meta=\"{&quot;aperture&quot;:&quot;0&quot;,&quot;credit&quot;:&quot;&quot;,&quot;camera&quot;:&quot;&quot;,&quot;caption&quot;:&quot;&quot;,&quot;created_timestamp&quot;:&quot;0&quot;,&quot;copyright&quot;:&quot;&quot;,&quot;focal_length&quot;:&quot;0&quot;,&quot;iso&quot;:&quot;0&quot;,&quot;shutter_speed&quot;:&quot;0&quot;,&quot;title&quot;:&quot;&quot;,&quot;orientation&quot;:&quot;0&quot;}\" data-image-title=\"caida de arbol yungay @aconcaguaradio\" data-image-description=\"&lt;p&gt;El conductor del radiotaxi, Patricio Herrera, salv\u00f3 de milagro ya que iba pasando cuando cay\u00f3 el \u00e1rbol y fue golpeado por una de sus ramas. (Foto @aconcaguaradio).&lt;\/p&gt; \" data-medium-file=\"https:\/\/i0.wp.com\/eltrabajo.cl\/portal\/wp-content\/uploads\/2015\/12\/caida-de-arbol-yungay-%40aconcaguaradio.jpg?fit=300%2C198&#038;ssl=1\" data-large-file=\"https:\/\/i0.wp.com\/eltrabajo.cl\/portal\/wp-content\/uploads\/2015\/12\/caida-de-arbol-yungay-%40aconcaguaradio.jpg?fit=530%2C350&#038;ssl=1\" src=\"https:\/\/i0.wp.com\/eltrabajo.cl\/portal\/wp-content\/uploads\/2015\/12\/caida-de-arbol-yungay-%40aconcaguaradio.jpg?w=316&#038;h=209&#038;ssl=1\" width=\"316\" height=\"209\" loading=\"lazy\" data-original-width=\"316\" data-original-height=\"209\" itemprop=\"http:\/\/schema.org\/image\" title=\"caida de arbol yungay @aconcaguaradio\" alt=\"El conductor del radiotaxi, Patricio Herrera, salv\u00f3 de milagro ya que iba pasando cuando cay\u00f3 el \u00e1rbol y fue golpeado por una de sus ramas. (Foto @aconcaguaradio).\" style=\"width: 316px; height: 209px;\" \/> <\/a> <div class=\"tiled-gallery-caption\" itemprop=\"caption description\"> El conductor del radiotaxi, Patricio Herrera, salv\u00f3 de milagro ya que iba pasando cuando cay\u00f3 el \u00e1rbol y fue golpeado por una de sus ramas. (Foto @aconcaguaradio). <\/div> <\/div> <\/div> <!-- close group --> <\/div> <!-- close row --> <\/div>\n","protected":false},"excerpt":{"rendered":"<p>Una providencial salvada tuvo el conductor de un radiotaxi cuyo veh\u00edculo fue aplastado por un gigantesco \u00e1rbol que la ma\u00f1ana de este martes se precipit\u00f3 a tierra en plena Avenida Yungay frente&#8230;<\/p>\n","protected":false},"author":482,"featured_media":64641,"comment_status":"open","ping_status":"open","sticky":false,"template":"","format":"standard","meta":{"advanced_seo_description":"","jetpack_seo_html_title":"","jetpack_seo_noindex":false,"_jetpack_memberships_contains_paid_content":false,"footnotes":""},"categories":[21],"tags":[],"class_list":["post-64647","post","type-post","status-publish","format-standard","has-post-thumbnail","hentry","category-policial"],"jetpack_featured_media_url":"https:\/\/i0.wp.com\/eltrabajo.cl\/portal\/wp-content\/uploads\/2015\/12\/caida-de-arbol-yungay-emergenciaconcagua.jpg?fit=530%2C350&ssl=1","jetpack_sharing_enabled":true,"jetpack_likes_enabled":true,"jetpack-related-posts":[],"_links":{"self":[{"href":"https:\/\/eltrabajo.cl\/portal\/wp-json\/wp\/v2\/posts\/64647","targetHints":{"allow":["GET"]}}],"collection":[{"href":"https:\/\/eltrabajo.cl\/portal\/wp-json\/wp\/v2\/posts"}],"about":[{"href":"https:\/\/eltrabajo.cl\/portal\/wp-json\/wp\/v2\/types\/post"}],"author":[{"embeddable":true,"href":"https:\/\/eltrabajo.cl\/portal\/wp-json\/wp\/v2\/users\/482"}],"replies":[{"embeddable":true,"href":"https:\/\/eltrabajo.cl\/portal\/wp-json\/wp\/v2\/comments?post=64647"}],"version-history":[{"count":0,"href":"https:\/\/eltrabajo.cl\/portal\/wp-json\/wp\/v2\/posts\/64647\/revisions"}],"wp:featuredmedia":[{"embeddable":true,"href":"https:\/\/eltrabajo.cl\/portal\/wp-json\/wp\/v2\/media\/64641"}],"wp:attachment":[{"href":"https:\/\/eltrabajo.cl\/portal\/wp-json\/wp\/v2\/media?parent=64647"}],"wp:term":[{"taxonomy":"category","embeddable":true,"href":"https:\/\/eltrabajo.cl\/portal\/wp-json\/wp\/v2\/categories?post=64647"},{"taxonomy":"post_tag","embeddable":true,"href":"https:\/\/eltrabajo.cl\/portal\/wp-json\/wp\/v2\/tags?post=64647"}],"curies":[{"name":"wp","href":"https:\/\/api.w.org\/{rel}","templated":true}]}}