{"id":64650,"date":"2015-12-10T14:22:20","date_gmt":"2015-12-10T17:22:20","guid":{"rendered":"http:\/\/www.eltrabajo.cl\/portal\/?p=64650"},"modified":"2015-12-10T14:22:20","modified_gmt":"2015-12-10T17:22:20","slug":"una-vez-mas-san-felipe-basket-dejo-en-el-alto-a-la-ciudad-fuerte-y-feliz","status":"publish","type":"post","link":"https:\/\/eltrabajo.cl\/portal\/una-vez-mas-san-felipe-basket-dejo-en-el-alto-a-la-ciudad-fuerte-y-feliz\/","title":{"rendered":"Una vez m\u00e1s San Felipe Basket dej\u00f3 en el alto a la Ciudad Fuerte y Feliz"},"content":{"rendered":"<figure id=\"attachment_64651\" aria-describedby=\"caption-attachment-64651\" style=\"width: 300px\" class=\"wp-caption alignleft\"><img data-recalc-dims=\"1\" loading=\"lazy\" decoding=\"async\" class=\"wp-image-64651 size-medium\" src=\"https:\/\/i0.wp.com\/www.eltrabajo.cl\/portal\/wp-content\/uploads\/2015\/12\/san-felipe-basket-300x198.jpg?resize=300%2C198\" alt=\"San Felipe Basket tuvo un gran paso por la Copa Navidad donde su equipo U15 lleg\u00f3 a la final de su serie.\" width=\"300\" height=\"198\" srcset=\"https:\/\/i0.wp.com\/eltrabajo.cl\/portal\/wp-content\/uploads\/2015\/12\/san-felipe-basket.jpg?resize=300%2C198&amp;ssl=1 300w, https:\/\/i0.wp.com\/eltrabajo.cl\/portal\/wp-content\/uploads\/2015\/12\/san-felipe-basket.jpg?resize=200%2C132&amp;ssl=1 200w, https:\/\/i0.wp.com\/eltrabajo.cl\/portal\/wp-content\/uploads\/2015\/12\/san-felipe-basket.jpg?resize=227%2C150&amp;ssl=1 227w, https:\/\/i0.wp.com\/eltrabajo.cl\/portal\/wp-content\/uploads\/2015\/12\/san-felipe-basket.jpg?resize=400%2C264&amp;ssl=1 400w, https:\/\/i0.wp.com\/eltrabajo.cl\/portal\/wp-content\/uploads\/2015\/12\/san-felipe-basket.jpg?w=530&amp;ssl=1 530w\" sizes=\"auto, (max-width: 300px) 100vw, 300px\" \/><figcaption id=\"caption-attachment-64651\" class=\"wp-caption-text\">San Felipe Basket tuvo un gran paso por la Copa Navidad donde su equipo U15 lleg\u00f3 a la final de su serie.<\/figcaption><\/figure>\n<p>Entre el s\u00e1bado 5 y el lunes 7 de diciembre, en el Centro de Entrenamiento Ol\u00edmpico (CEO), se realiz\u00f3 una nueva versi\u00f3n de la tradicional Copa Navidad, un evento que organiza la Universidad Cat\u00f3lica y que en esta oportunidad reuni\u00f3 a parte de los mejores quintetos en las categor\u00edas, U13, U15 y U17 del pa\u00eds.<br \/>\nEste a\u00f1o los clubes participantes fueron: B\u00e1squet UC, Sergio Ceppi, Universidad de Chile, Los Lenes, Stadio Italiano, Providencia y San Felipe Basket, \u00e9l que cerr\u00f3 un a\u00f1o dorado y de ensue\u00f1o al llegar a la final en la categor\u00eda U15, aparte de tener destacadas presentaciones en las series U13 y U17 a pesar de dar varias licencias a sus rivales.<br \/>\nEn el partido decisivo en la competencia U15, los sanfelipe\u00f1os a base de mucho amor propio y una gran cuota de calidad estuvo muy cerca de alcanzar la gloria ante Providencia. \u201cFue un partidazo, en el que fuimos de menos a m\u00e1s; en un momento estuvimos 23 puntos abajo en el marcador, pero apenas ca\u00edmos por 3 puntos de diferencia\u201d, coment\u00f3 a nuestro medio el profesor Felipe Rodr\u00edguez, quien se mostr\u00f3 muy satisfecho por lo hecho por sus dirigidos en la capital. \u201cDemostramos que podemos competir de igual con cualquiera y en cualquier lugar, por eso el balance en la Copa Navidad es positivo\u201d, agreg\u00f3.<br \/>\nSin \u00e1nimo de buscar excusas, el coach explic\u00f3 el porqu\u00e9 lo dejaron conforme las actuaciones de los equipos sanfelipe\u00f1os. \u201cEn los U15 no pudimos contar con Sim\u00f3n Salgado y Nicol\u00e1s Porras. En la U13 (6\u00ba), nuestro mejor jugador Alonso Soto, se encontraba en Paraguay reforzando a Puerto Varas en el Sudamericano Escolar, y en la U17 (5\u00ba) cont\u00e1bamos con 4 jugadores ya que el resto se encontraba en viajes de estudios, por lo que debimos \u2018subir\u2019 a algunos chicos para completar el equipo, por eso estoy conforme, porque los tres equipos lo hicieron bien; siempre es bueno y positivo que a temprana edad puedan medirse con buenos equipos en series menores\u201d, analiz\u00f3 el cerebro t\u00e9cnico de San Felipe Basket, un club que casi de la nada pas\u00f3 a ser uno de los m\u00e1s importantes del pa\u00eds a nivel formativo.<\/p>\n","protected":false},"excerpt":{"rendered":"<p>Entre el s\u00e1bado 5 y el lunes 7 de diciembre, en el Centro de Entrenamiento Ol\u00edmpico (CEO), se realiz\u00f3 una nueva versi\u00f3n de la tradicional Copa Navidad, un evento que organiza la&#8230;<\/p>\n","protected":false},"author":482,"featured_media":64651,"comment_status":"open","ping_status":"open","sticky":false,"template":"","format":"standard","meta":{"advanced_seo_description":"","jetpack_seo_html_title":"","jetpack_seo_noindex":false,"_jetpack_memberships_contains_paid_content":false,"footnotes":""},"categories":[19],"tags":[],"class_list":["post-64650","post","type-post","status-publish","format-standard","has-post-thumbnail","hentry","category-deportes"],"jetpack_featured_media_url":"https:\/\/i0.wp.com\/eltrabajo.cl\/portal\/wp-content\/uploads\/2015\/12\/san-felipe-basket.jpg?fit=530%2C350&ssl=1","jetpack_sharing_enabled":true,"jetpack_likes_enabled":true,"jetpack-related-posts":[],"_links":{"self":[{"href":"https:\/\/eltrabajo.cl\/portal\/wp-json\/wp\/v2\/posts\/64650","targetHints":{"allow":["GET"]}}],"collection":[{"href":"https:\/\/eltrabajo.cl\/portal\/wp-json\/wp\/v2\/posts"}],"about":[{"href":"https:\/\/eltrabajo.cl\/portal\/wp-json\/wp\/v2\/types\/post"}],"author":[{"embeddable":true,"href":"https:\/\/eltrabajo.cl\/portal\/wp-json\/wp\/v2\/users\/482"}],"replies":[{"embeddable":true,"href":"https:\/\/eltrabajo.cl\/portal\/wp-json\/wp\/v2\/comments?post=64650"}],"version-history":[{"count":0,"href":"https:\/\/eltrabajo.cl\/portal\/wp-json\/wp\/v2\/posts\/64650\/revisions"}],"wp:featuredmedia":[{"embeddable":true,"href":"https:\/\/eltrabajo.cl\/portal\/wp-json\/wp\/v2\/media\/64651"}],"wp:attachment":[{"href":"https:\/\/eltrabajo.cl\/portal\/wp-json\/wp\/v2\/media?parent=64650"}],"wp:term":[{"taxonomy":"category","embeddable":true,"href":"https:\/\/eltrabajo.cl\/portal\/wp-json\/wp\/v2\/categories?post=64650"},{"taxonomy":"post_tag","embeddable":true,"href":"https:\/\/eltrabajo.cl\/portal\/wp-json\/wp\/v2\/tags?post=64650"}],"curies":[{"name":"wp","href":"https:\/\/api.w.org\/{rel}","templated":true}]}}