{"id":64654,"date":"2015-12-10T14:24:08","date_gmt":"2015-12-10T17:24:08","guid":{"rendered":"http:\/\/www.eltrabajo.cl\/portal\/?p=64654"},"modified":"2015-12-10T14:24:08","modified_gmt":"2015-12-10T17:24:08","slug":"myriam-hernandez-y-maria-jose-quintanilla-participaran-de-la-vii-version-del-festival-de-la-voz-de-panquehue","status":"publish","type":"post","link":"https:\/\/eltrabajo.cl\/portal\/myriam-hernandez-y-maria-jose-quintanilla-participaran-de-la-vii-version-del-festival-de-la-voz-de-panquehue\/","title":{"rendered":"Myriam Hern\u00e1ndez y Mar\u00eda Jos\u00e9 Quintanilla participar\u00e1n de la VII versi\u00f3n del Festival de la Voz de Panquehue"},"content":{"rendered":"<figure id=\"attachment_64655\" aria-describedby=\"caption-attachment-64655\" style=\"width: 300px\" class=\"wp-caption alignleft\"><img data-recalc-dims=\"1\" loading=\"lazy\" decoding=\"async\" class=\"wp-image-64655 size-medium\" src=\"https:\/\/i0.wp.com\/www.eltrabajo.cl\/portal\/wp-content\/uploads\/2015\/12\/Myriam-Hernandez-300x198.jpg?resize=300%2C198\" alt=\"El viernes 8 de enero se presentar\u00e1 Myriam Hern\u00e1ndez en el Festival de la Voz de Panquehue. \" width=\"300\" height=\"198\" srcset=\"https:\/\/i0.wp.com\/eltrabajo.cl\/portal\/wp-content\/uploads\/2015\/12\/Myriam-Hernandez.jpg?resize=300%2C198&amp;ssl=1 300w, https:\/\/i0.wp.com\/eltrabajo.cl\/portal\/wp-content\/uploads\/2015\/12\/Myriam-Hernandez.jpg?resize=200%2C132&amp;ssl=1 200w, https:\/\/i0.wp.com\/eltrabajo.cl\/portal\/wp-content\/uploads\/2015\/12\/Myriam-Hernandez.jpg?resize=228%2C150&amp;ssl=1 228w, https:\/\/i0.wp.com\/eltrabajo.cl\/portal\/wp-content\/uploads\/2015\/12\/Myriam-Hernandez.jpg?resize=400%2C263&amp;ssl=1 400w, https:\/\/i0.wp.com\/eltrabajo.cl\/portal\/wp-content\/uploads\/2015\/12\/Myriam-Hernandez.jpg?w=530&amp;ssl=1 530w\" sizes=\"auto, (max-width: 300px) 100vw, 300px\" \/><figcaption id=\"caption-attachment-64655\" class=\"wp-caption-text\">El viernes 8 de enero se presentar\u00e1 Myriam Hern\u00e1ndez en el Festival de la Voz de Panquehue.<\/figcaption><\/figure>\n<ul>\n<li><strong>El alcalde Luis Pradenas, a trav\u00e9s de una conferencia de prensa, inform\u00f3 que el evento se realizar\u00e1 los d\u00edas viernes 08 y s\u00e1bado 09 de enero, desde las 20 horas en el estadio Los Libertadores.<\/strong><\/li>\n<\/ul>\n<p><strong>PANQUEHUE.<\/strong>&#8211; Una novedosa y atractiva parrilla de artistas para la VII versi\u00f3n del Festival de la Voz de Panquehue, fue anunciada por el alcalde Luis Pradenas, a trav\u00e9s de una conferencia de prensa.<br \/>\nEl edil coment\u00f3 ante los medios de comunicaci\u00f3n del Valle de Aconcagua, que el evento, que es totalmente gratuito para la comunidad, se efectuar\u00e1 los d\u00edas viernes 08 y s\u00e1bado 09 de enero, desde las 20:00 horas en el estadio Los Libertadores en La Pirca.<br \/>\nEn lo que respecta a las canciones en competencia, los int\u00e9rpretes deber\u00e1n ser solistas y enviar sus temas a la Municipalidad de Panquehue a la Oficina de Partes, Camino Troncal 1166, Panquehue, o al correo electr\u00f3nico: alcaldiamunipanquehue@gmail.com. El plazo de recepci\u00f3n de los temas concluir\u00e1 el domingo 20 de diciembre a las 00:00 hrs; en el caso de los env\u00edos electr\u00f3nicos; y el lunes 21 de diciembre del 2015 a las 17.00 horas para los env\u00edos v\u00eda oficina de partes. Los participantes competir\u00e1n por premios de $ 500.000 m\u00e1s s\u00edmbolo del festival para el primer lugar; $ 300.000 mas s\u00edmbolo del festival para el segundo lugar y $ 200.000 m\u00e1s s\u00edmbolo del festival para el tercer lugar.<br \/>\nLa parrilla de artistas confirmados es la siguiente: el viernes 8 de enero del 2016, Obertura Folcl\u00f3rica (Ballet Folcl\u00f3rico de Vi\u00f1a Err\u00e1zuriz); Myriam Hern\u00e1ndez; 5 canciones de la competencia; Humor (Show de Che Copete); 05 canciones de la competencia; Numero art\u00edstico Local (Julio Valdez); Los Vikings 5. El s\u00e1bado 9 de enero 2016; Obertura Folcl\u00f3rica (grupo Folcl\u00f3rico Aucan); Mar\u00eda Jos\u00e9 Quintanilla; Canciones finalistas de la competencia; Humor (Fusi\u00f3n Humor); Numero local (Victoria Ojeda); Premiaci\u00f3n; Luis Lambis y la Sonora Malecon.<br \/>\nLa animaci\u00f3n para esta VII versi\u00f3n del Festival de la Voz de Panquehue, estar\u00e1 a cargo de Vanesa Osandon y Pablo Schilling.<br \/>\nEn lo que respecta a las medidas de seguridad, el alcalde Pradenas se\u00f1al\u00f3 que la organizaci\u00f3n de este festival tiene considerada la presencia durante las dos jornadas del show, Guardias de Seguridad Privados; Personal de Bomberos, del Cesfam de la comuna de Panquehue, Carabineros y Funcionarios de la Municipalidad de Panquehue, a cargo de la log\u00edstica.<\/p>\n","protected":false},"excerpt":{"rendered":"<p>El alcalde Luis Pradenas, a trav\u00e9s de una conferencia de prensa, inform\u00f3 que el evento se realizar\u00e1 los d\u00edas viernes 08 y s\u00e1bado 09 de enero, desde las 20 horas en el&#8230;<\/p>\n","protected":false},"author":482,"featured_media":64655,"comment_status":"open","ping_status":"open","sticky":false,"template":"","format":"standard","meta":{"advanced_seo_description":"","jetpack_seo_html_title":"","jetpack_seo_noindex":false,"_jetpack_memberships_contains_paid_content":false,"footnotes":""},"categories":[15],"tags":[],"class_list":["post-64654","post","type-post","status-publish","format-standard","has-post-thumbnail","hentry","category-comunidad"],"jetpack_featured_media_url":"https:\/\/i0.wp.com\/eltrabajo.cl\/portal\/wp-content\/uploads\/2015\/12\/Myriam-Hernandez.jpg?fit=530%2C349&ssl=1","jetpack_sharing_enabled":true,"jetpack_likes_enabled":true,"jetpack-related-posts":[],"_links":{"self":[{"href":"https:\/\/eltrabajo.cl\/portal\/wp-json\/wp\/v2\/posts\/64654","targetHints":{"allow":["GET"]}}],"collection":[{"href":"https:\/\/eltrabajo.cl\/portal\/wp-json\/wp\/v2\/posts"}],"about":[{"href":"https:\/\/eltrabajo.cl\/portal\/wp-json\/wp\/v2\/types\/post"}],"author":[{"embeddable":true,"href":"https:\/\/eltrabajo.cl\/portal\/wp-json\/wp\/v2\/users\/482"}],"replies":[{"embeddable":true,"href":"https:\/\/eltrabajo.cl\/portal\/wp-json\/wp\/v2\/comments?post=64654"}],"version-history":[{"count":0,"href":"https:\/\/eltrabajo.cl\/portal\/wp-json\/wp\/v2\/posts\/64654\/revisions"}],"wp:featuredmedia":[{"embeddable":true,"href":"https:\/\/eltrabajo.cl\/portal\/wp-json\/wp\/v2\/media\/64655"}],"wp:attachment":[{"href":"https:\/\/eltrabajo.cl\/portal\/wp-json\/wp\/v2\/media?parent=64654"}],"wp:term":[{"taxonomy":"category","embeddable":true,"href":"https:\/\/eltrabajo.cl\/portal\/wp-json\/wp\/v2\/categories?post=64654"},{"taxonomy":"post_tag","embeddable":true,"href":"https:\/\/eltrabajo.cl\/portal\/wp-json\/wp\/v2\/tags?post=64654"}],"curies":[{"name":"wp","href":"https:\/\/api.w.org\/{rel}","templated":true}]}}