{"id":64664,"date":"2015-12-10T14:30:58","date_gmt":"2015-12-10T17:30:58","guid":{"rendered":"http:\/\/www.eltrabajo.cl\/portal\/?p=64664"},"modified":"2015-12-10T14:30:58","modified_gmt":"2015-12-10T17:30:58","slug":"autoridades-se-reunen-con-joven-en-situacion-de-discapacidad-que-realizo-remplazo-laboral-en-la-aduana","status":"publish","type":"post","link":"https:\/\/eltrabajo.cl\/portal\/autoridades-se-reunen-con-joven-en-situacion-de-discapacidad-que-realizo-remplazo-laboral-en-la-aduana\/","title":{"rendered":"Autoridades se re\u00fanen con joven en situaci\u00f3n de discapacidad que realiz\u00f3 remplazo laboral en la Aduana"},"content":{"rendered":"<figure id=\"attachment_64665\" aria-describedby=\"caption-attachment-64665\" style=\"width: 300px\" class=\"wp-caption alignleft\"><img data-recalc-dims=\"1\" loading=\"lazy\" decoding=\"async\" class=\"wp-image-64665 size-medium\" src=\"https:\/\/i0.wp.com\/www.eltrabajo.cl\/portal\/wp-content\/uploads\/2015\/12\/Practica-en-aduana-2-300x197.jpg?resize=300%2C197\" alt=\"Diversas autoridades realizaron una visita a un joven en situaci\u00f3n de discapacidad, que efectu\u00f3 su pr\u00e1ctica profesional en la Aduana. \" width=\"300\" height=\"197\" srcset=\"https:\/\/i0.wp.com\/eltrabajo.cl\/portal\/wp-content\/uploads\/2015\/12\/Practica-en-aduana-2.jpg?resize=300%2C197&amp;ssl=1 300w, https:\/\/i0.wp.com\/eltrabajo.cl\/portal\/wp-content\/uploads\/2015\/12\/Practica-en-aduana-2.jpg?resize=200%2C131&amp;ssl=1 200w, https:\/\/i0.wp.com\/eltrabajo.cl\/portal\/wp-content\/uploads\/2015\/12\/Practica-en-aduana-2.jpg?resize=228%2C150&amp;ssl=1 228w, https:\/\/i0.wp.com\/eltrabajo.cl\/portal\/wp-content\/uploads\/2015\/12\/Practica-en-aduana-2.jpg?resize=400%2C263&amp;ssl=1 400w, https:\/\/i0.wp.com\/eltrabajo.cl\/portal\/wp-content\/uploads\/2015\/12\/Practica-en-aduana-2.jpg?w=530&amp;ssl=1 530w\" sizes=\"auto, (max-width: 300px) 100vw, 300px\" \/><figcaption id=\"caption-attachment-64665\" class=\"wp-caption-text\">Diversas autoridades realizaron una visita a un joven en situaci\u00f3n de discapacidad, que efectu\u00f3 su pr\u00e1ctica profesional en la Aduana.<\/figcaption><\/figure>\n<p><strong>LOS ANDES.<\/strong>&#8211; En el marco de la conmemoraci\u00f3n del D\u00eda de las Personas con Discapacidad, la gobernadora provincial de Los Andes, Mar\u00eda Victoria Rodr\u00edguez, y la directora regional del Servicio Nacional de la Discapacidad (Senadis), Marisol Torres, visitaron la Aduana de Los Andes con el fin de reunirse con su administradora, Silvia Mack, y conocer a Crist\u00f3bal Torres, joven en situaci\u00f3n de discapacidad que estudi\u00f3 el curso \u2018Gesti\u00f3n Aduanera\u2019 correspondiente al programa de capacitaci\u00f3n del Gobierno de la Presidenta Michelle Bachelet \u2018M\u00e1s Capaz\u2019.<br \/>\nCrist\u00f3bal, de 26 a\u00f1os, junto con doce estudiantes en situaci\u00f3n de discapacidad, tuvo la oportunidad de realizar su pr\u00e1ctica en la instituci\u00f3n. Fue su esfuerzo y motivaci\u00f3n lo que lo llev\u00f3 a hacer un remplazo laboral en el \u00e1rea Jur\u00eddica de Aduana Los Andes.<br \/>\nLa gobernadora provincial de Los Andes, Mar\u00eda Victoria Rodr\u00edguez, destac\u00f3 la labor efectuada por Aduanas, ya que \u201cestos j\u00f3venes tienen una esperanza en el futuro y la esperanza de tener una sociedad m\u00e1s inclusiva, con m\u00e1s igualdad de oportunidades. Esto es un ejemplo de inclusi\u00f3n y es lo que quiere el Gobierno de nuestra Presidenta Michelle Bachelet\u201d.<br \/>\nEn tanto, la directora regional de Senadis, Marisol Torres, se\u00f1al\u00f3 que \u201cestamos frente a un ejemplo concreto y que impact\u00f3 positivamente a la organizaci\u00f3n, por lo cual estamos dispuestos a acompa\u00f1arlos en una pol\u00edtica de inclusi\u00f3n laboral m\u00e1s efectiva y eficiente\u201d.<br \/>\n\u201cNos sentimos orgullosos de recibir a j\u00f3venes que le ganan a la vida d\u00eda a d\u00eda y que son ejemplo de esfuerzo. El Recurso Humano es clave para nosotros, y prueba de ello es el desarrollo de una pol\u00edtica de gesti\u00f3n de personas inclusiva\u201d, dijo la administradora de Aduana Los Andes, Silvia Mack.<br \/>\nPor su parte, Crist\u00f3bal Torres, estudiante del programa M\u00e1s Capaz que realiz\u00f3 su pr\u00e1ctica y un remplazo laboral en Aduana, expres\u00f3 que \u201cestuve trabajando con la parte legal, contrabando, boletas, todo eso. Todo bien, aqu\u00ed estuvimos bien acogidos. Estoy contento por las oportunidades que me han dado, y haberlo logrado. Siempre he luchado por salir adelante y aqu\u00ed estoy\u201d.<\/p>\n","protected":false},"excerpt":{"rendered":"<p>LOS ANDES.&#8211; En el marco de la conmemoraci\u00f3n del D\u00eda de las Personas con Discapacidad, la gobernadora provincial de Los Andes, Mar\u00eda Victoria Rodr\u00edguez, y la directora regional del Servicio Nacional de&#8230;<\/p>\n","protected":false},"author":482,"featured_media":64665,"comment_status":"open","ping_status":"open","sticky":false,"template":"","format":"standard","meta":{"advanced_seo_description":"","jetpack_seo_html_title":"","jetpack_seo_noindex":false,"_jetpack_memberships_contains_paid_content":false,"footnotes":""},"categories":[1],"tags":[],"class_list":["post-64664","post","type-post","status-publish","format-standard","has-post-thumbnail","hentry","category-cronica"],"jetpack_featured_media_url":"https:\/\/i0.wp.com\/eltrabajo.cl\/portal\/wp-content\/uploads\/2015\/12\/Practica-en-aduana-2.jpg?fit=530%2C348&ssl=1","jetpack_sharing_enabled":true,"jetpack_likes_enabled":true,"jetpack-related-posts":[],"_links":{"self":[{"href":"https:\/\/eltrabajo.cl\/portal\/wp-json\/wp\/v2\/posts\/64664","targetHints":{"allow":["GET"]}}],"collection":[{"href":"https:\/\/eltrabajo.cl\/portal\/wp-json\/wp\/v2\/posts"}],"about":[{"href":"https:\/\/eltrabajo.cl\/portal\/wp-json\/wp\/v2\/types\/post"}],"author":[{"embeddable":true,"href":"https:\/\/eltrabajo.cl\/portal\/wp-json\/wp\/v2\/users\/482"}],"replies":[{"embeddable":true,"href":"https:\/\/eltrabajo.cl\/portal\/wp-json\/wp\/v2\/comments?post=64664"}],"version-history":[{"count":0,"href":"https:\/\/eltrabajo.cl\/portal\/wp-json\/wp\/v2\/posts\/64664\/revisions"}],"wp:featuredmedia":[{"embeddable":true,"href":"https:\/\/eltrabajo.cl\/portal\/wp-json\/wp\/v2\/media\/64665"}],"wp:attachment":[{"href":"https:\/\/eltrabajo.cl\/portal\/wp-json\/wp\/v2\/media?parent=64664"}],"wp:term":[{"taxonomy":"category","embeddable":true,"href":"https:\/\/eltrabajo.cl\/portal\/wp-json\/wp\/v2\/categories?post=64664"},{"taxonomy":"post_tag","embeddable":true,"href":"https:\/\/eltrabajo.cl\/portal\/wp-json\/wp\/v2\/tags?post=64664"}],"curies":[{"name":"wp","href":"https:\/\/api.w.org\/{rel}","templated":true}]}}