{"id":64667,"date":"2015-12-10T14:33:01","date_gmt":"2015-12-10T17:33:01","guid":{"rendered":"http:\/\/www.eltrabajo.cl\/portal\/?p=64667"},"modified":"2015-12-10T14:33:01","modified_gmt":"2015-12-10T17:33:01","slug":"%ef%bb%bfen-centro-cultural-pedro-aguirre-cerda-presentan-muestra-pictorica-sobre-gabriela-mistral","status":"publish","type":"post","link":"https:\/\/eltrabajo.cl\/portal\/%ef%bb%bfen-centro-cultural-pedro-aguirre-cerda-presentan-muestra-pictorica-sobre-gabriela-mistral\/","title":{"rendered":"\ufeffEn centro Cultural Pedro Aguirre Cerda\u00a0presentan muestra pict\u00f3rica sobre Gabriela Mistral"},"content":{"rendered":"<figure id=\"attachment_64668\" aria-describedby=\"caption-attachment-64668\" style=\"width: 300px\" class=\"wp-caption alignleft\"><img data-recalc-dims=\"1\" loading=\"lazy\" decoding=\"async\" class=\"wp-image-64668 size-medium\" src=\"https:\/\/i0.wp.com\/www.eltrabajo.cl\/portal\/wp-content\/uploads\/2015\/12\/Muestra-Gabriela-Mistral-300x197.jpg?resize=300%2C197\" alt=\"La muestra est\u00e1 inspirada en la vida y obra de Gabriela Mistral, su figura como poetisa y su trascendencia cultural.\" width=\"300\" height=\"197\" srcset=\"https:\/\/i0.wp.com\/eltrabajo.cl\/portal\/wp-content\/uploads\/2015\/12\/Muestra-Gabriela-Mistral.jpg?resize=300%2C197&amp;ssl=1 300w, https:\/\/i0.wp.com\/eltrabajo.cl\/portal\/wp-content\/uploads\/2015\/12\/Muestra-Gabriela-Mistral.jpg?resize=200%2C131&amp;ssl=1 200w, https:\/\/i0.wp.com\/eltrabajo.cl\/portal\/wp-content\/uploads\/2015\/12\/Muestra-Gabriela-Mistral.jpg?resize=228%2C150&amp;ssl=1 228w, https:\/\/i0.wp.com\/eltrabajo.cl\/portal\/wp-content\/uploads\/2015\/12\/Muestra-Gabriela-Mistral.jpg?resize=400%2C263&amp;ssl=1 400w, https:\/\/i0.wp.com\/eltrabajo.cl\/portal\/wp-content\/uploads\/2015\/12\/Muestra-Gabriela-Mistral.jpg?w=530&amp;ssl=1 530w\" sizes=\"auto, (max-width: 300px) 100vw, 300px\" \/><figcaption id=\"caption-attachment-64668\" class=\"wp-caption-text\">La muestra est\u00e1 inspirada en la vida y obra de Gabriela Mistral, su figura como poetisa y su trascendencia cultural.<\/figcaption><\/figure>\n<ul>\n<li><strong>Como una forma de homenajear la figura de nuestra poetisa y su trascendencia.<\/strong><\/li>\n<\/ul>\n<p><strong>CALLE LARGA.-<\/strong> En la galer\u00eda de arte del Centro Cultural Presidente Pedro Aguirre Cerda de Calle Larga, se inaugur\u00f3 la exposici\u00f3n denominada \u2018Gabriela vuelve a Pocuro\u2019, del colectivo art\u00edstico Magenta, que incluye obras de destacados pintores de Aconcagua como Gilda Romero, In\u00e9s Campos, Mar\u00eda Elisa Sobarzo, Ximena Vega y Jorge Rodr\u00edguez.<br \/>\nLa presente muestra est\u00e1 inspirada en la vida y obra de Gabriela Mistral, como una forma de homenajear la figura de nuestra poetisa y su trascendencia no s\u00f3lo en el mundo de las letras sino adem\u00e1s en los universos pict\u00f3ricos de estos artistas.<br \/>\nGabriela Mistral vivi\u00f3 en Los Andes entre 1912 y 1918, periodo en el cual conoce a Pedro Aguirre Cerda y se establece una profunda amistad entre ambos por m\u00e1s de dos d\u00e9cadas, prueba de ello es la dedicatoria del libro Desolaci\u00f3n en su primera edici\u00f3n del a\u00f1o 1922, \u201cA don Pedro Aguirre Cerda y a la se\u00f1ora do\u00f1a Juana Aguirre a quienes debo las horas de paz que vivo\u201d, Gabriela Mistral.<br \/>\nPor su parte el futuro presidente, siendo ministro de justicia e instrucci\u00f3n primaria la nombra directora del liceo de ni\u00f1as de Punta Arenas en el a\u00f1o 1918. Luego le dedico a Gabriela su libro \u2018El problema agrario\u2019 en el a\u00f1o 1929 y posteriormente, ya siendo presidente promueve su candidatura para el premio Nobel de Literatura, el cual se le otorga el 10 de diciembre de 1945.<br \/>\nLa exposici\u00f3n \u2018Gabriela vuelve a Pocuro\u2019, se puede visitar de lunes a viernes de 10:00 a 19:00 horas, s\u00e1bados y domingos desde las 12:00 hasta las 19:00 horas y la entrada es liberada.<strong><br \/>\n<\/strong><\/p>\n","protected":false},"excerpt":{"rendered":"<p>Como una forma de homenajear la figura de nuestra poetisa y su trascendencia. CALLE LARGA.- En la galer\u00eda de arte del Centro Cultural Presidente Pedro Aguirre Cerda de Calle Larga, se inaugur\u00f3&#8230;<\/p>\n","protected":false},"author":482,"featured_media":64668,"comment_status":"open","ping_status":"open","sticky":false,"template":"","format":"standard","meta":{"advanced_seo_description":"","jetpack_seo_html_title":"","jetpack_seo_noindex":false,"_jetpack_memberships_contains_paid_content":false,"footnotes":""},"categories":[1],"tags":[],"class_list":["post-64667","post","type-post","status-publish","format-standard","has-post-thumbnail","hentry","category-cronica"],"jetpack_featured_media_url":"https:\/\/i0.wp.com\/eltrabajo.cl\/portal\/wp-content\/uploads\/2015\/12\/Muestra-Gabriela-Mistral.jpg?fit=530%2C348&ssl=1","jetpack_sharing_enabled":true,"jetpack_likes_enabled":true,"jetpack-related-posts":[],"_links":{"self":[{"href":"https:\/\/eltrabajo.cl\/portal\/wp-json\/wp\/v2\/posts\/64667","targetHints":{"allow":["GET"]}}],"collection":[{"href":"https:\/\/eltrabajo.cl\/portal\/wp-json\/wp\/v2\/posts"}],"about":[{"href":"https:\/\/eltrabajo.cl\/portal\/wp-json\/wp\/v2\/types\/post"}],"author":[{"embeddable":true,"href":"https:\/\/eltrabajo.cl\/portal\/wp-json\/wp\/v2\/users\/482"}],"replies":[{"embeddable":true,"href":"https:\/\/eltrabajo.cl\/portal\/wp-json\/wp\/v2\/comments?post=64667"}],"version-history":[{"count":0,"href":"https:\/\/eltrabajo.cl\/portal\/wp-json\/wp\/v2\/posts\/64667\/revisions"}],"wp:featuredmedia":[{"embeddable":true,"href":"https:\/\/eltrabajo.cl\/portal\/wp-json\/wp\/v2\/media\/64668"}],"wp:attachment":[{"href":"https:\/\/eltrabajo.cl\/portal\/wp-json\/wp\/v2\/media?parent=64667"}],"wp:term":[{"taxonomy":"category","embeddable":true,"href":"https:\/\/eltrabajo.cl\/portal\/wp-json\/wp\/v2\/categories?post=64667"},{"taxonomy":"post_tag","embeddable":true,"href":"https:\/\/eltrabajo.cl\/portal\/wp-json\/wp\/v2\/tags?post=64667"}],"curies":[{"name":"wp","href":"https:\/\/api.w.org\/{rel}","templated":true}]}}