{"id":64670,"date":"2015-12-10T14:35:40","date_gmt":"2015-12-10T17:35:40","guid":{"rendered":"http:\/\/www.eltrabajo.cl\/portal\/?p=64670"},"modified":"2015-12-10T14:35:40","modified_gmt":"2015-12-10T17:35:40","slug":"redescubren-nuevos-petroglifos-en-san-esteban","status":"publish","type":"post","link":"https:\/\/eltrabajo.cl\/portal\/redescubren-nuevos-petroglifos-en-san-esteban\/","title":{"rendered":"Redescubren nuevos petroglifos en San Esteban"},"content":{"rendered":"<figure id=\"attachment_64671\" aria-describedby=\"caption-attachment-64671\" style=\"width: 300px\" class=\"wp-caption alignleft\"><img data-recalc-dims=\"1\" loading=\"lazy\" decoding=\"async\" class=\"wp-image-64671 size-medium\" src=\"https:\/\/i0.wp.com\/www.eltrabajo.cl\/portal\/wp-content\/uploads\/2015\/12\/Luis-Pedreros-y-Lucila-Osandon-300x198.jpg?resize=300%2C198\" alt=\"Luis Pedreros y Lucila Ossandon, esposos que siempre asisten a los tours ecol\u00f3gicos.\" width=\"300\" height=\"198\" srcset=\"https:\/\/i0.wp.com\/eltrabajo.cl\/portal\/wp-content\/uploads\/2015\/12\/Luis-Pedreros-y-Lucila-Osandon.jpg?resize=300%2C198&amp;ssl=1 300w, https:\/\/i0.wp.com\/eltrabajo.cl\/portal\/wp-content\/uploads\/2015\/12\/Luis-Pedreros-y-Lucila-Osandon.jpg?resize=200%2C132&amp;ssl=1 200w, https:\/\/i0.wp.com\/eltrabajo.cl\/portal\/wp-content\/uploads\/2015\/12\/Luis-Pedreros-y-Lucila-Osandon.jpg?resize=227%2C150&amp;ssl=1 227w, https:\/\/i0.wp.com\/eltrabajo.cl\/portal\/wp-content\/uploads\/2015\/12\/Luis-Pedreros-y-Lucila-Osandon.jpg?resize=400%2C264&amp;ssl=1 400w, https:\/\/i0.wp.com\/eltrabajo.cl\/portal\/wp-content\/uploads\/2015\/12\/Luis-Pedreros-y-Lucila-Osandon.jpg?w=530&amp;ssl=1 530w\" sizes=\"auto, (max-width: 300px) 100vw, 300px\" \/><figcaption id=\"caption-attachment-64671\" class=\"wp-caption-text\">Luis Pedreros y Lucila Ossandon, esposos que siempre asisten a los tours ecol\u00f3gicos.<\/figcaption><\/figure>\n<p>Ya en el t\u00e9rmino de su segundo a\u00f1o est\u00e1 el programa Tours Ecol\u00f3gicos Patrimoniales que lleva a cabo el departamento de Cultura de la Municipalidad de San Felipe. Este domingo 6 se llev\u00f3 a cabo un paseo al sector de R\u00edo Colorado en la comuna de San Esteban y entre los atractivos a visitar, existe un sitio arqueol\u00f3gico cuyo nombre reciente ha sido Mensajes Robados. Es de singular inter\u00e9s porque se trata de una piedra \u00fanica en una puntilla sobre un acantilado de a lo menos 70 metros sobre el r\u00edo. Dicha piedra en alg\u00fan momento estuvo totalmente tallada, pero huaqueros, o ladrones de arqueolog\u00eda, las cincelaron y robaron aproximadamente 75% de los paneles.<br \/>\nEl grupo que visit\u00f3 el lugar, adem\u00e1s de admirar los hermosos paisajes y estar en contacto con esta piedra Mensajes Robados, se inspir\u00f3 con el relato del gu\u00eda y con la historia y prehistoria que tiene este sector. Luis Alejandro Pedreros Cuadra, un constante participante de las excursiones municipales, quiso investigar la inquietud que varios miembros de la excusi\u00f3n tuvieron al preguntarse si existir\u00edan m\u00e1s petroglifos por el sector. Es as\u00ed como, agitando sus brazos desde una puntilla a otra, se\u00f1al\u00f3 que hab\u00eda encontrado algo a unos 60 metros de distancia. Result\u00f3 ser un hallazgo fant\u00e1stico, con petroglifos de excelente tallado y un sol que realmente llam\u00f3 la atenci\u00f3n por su profundidad de tallado, dando muestras de ser m\u00e1s antiguo que el resto y con una t\u00e9cnica diferente.<br \/>\nLuis Pedreros expres\u00f3 con emoci\u00f3n lo que esto significaba para \u00e9l: \u201cAparte de una suerte, el solo hecho de tener mucho contacto con la naturaleza y con roquer\u00edos en distintas partes de la zona, me llev\u00f3 a la intuici\u00f3n de que podr\u00eda haber petroglifos en este sector. Y gracias a Dios y a la Madre Tierra, me dijo que si, y los encontr\u00e9 y aqu\u00ed estamos. Es un sentimiento bonito, emocionante, me alegra\u201d, dijo.<br \/>\nHay que mencionar que es muy \u00fatil seguir buscando ya que siempre puede descubrirse m\u00e1s, pero sobre todo, los asistentes estuvieron de acuerdo por unanimidad, en que el gobierno debe hacer algo mejor para proteger estos lugares.<br \/>\nRoberto Mercado Aced<\/p>\n","protected":false},"excerpt":{"rendered":"<p>Ya en el t\u00e9rmino de su segundo a\u00f1o est\u00e1 el programa Tours Ecol\u00f3gicos Patrimoniales que lleva a cabo el departamento de Cultura de la Municipalidad de San Felipe. Este domingo 6 se&#8230;<\/p>\n","protected":false},"author":482,"featured_media":64671,"comment_status":"open","ping_status":"open","sticky":false,"template":"","format":"standard","meta":{"advanced_seo_description":"","jetpack_seo_html_title":"","jetpack_seo_noindex":false,"_jetpack_memberships_contains_paid_content":false,"footnotes":""},"categories":[1],"tags":[],"class_list":["post-64670","post","type-post","status-publish","format-standard","has-post-thumbnail","hentry","category-cronica"],"jetpack_featured_media_url":"https:\/\/i0.wp.com\/eltrabajo.cl\/portal\/wp-content\/uploads\/2015\/12\/Luis-Pedreros-y-Lucila-Osandon.jpg?fit=530%2C350&ssl=1","jetpack_sharing_enabled":true,"jetpack_likes_enabled":true,"jetpack-related-posts":[],"_links":{"self":[{"href":"https:\/\/eltrabajo.cl\/portal\/wp-json\/wp\/v2\/posts\/64670","targetHints":{"allow":["GET"]}}],"collection":[{"href":"https:\/\/eltrabajo.cl\/portal\/wp-json\/wp\/v2\/posts"}],"about":[{"href":"https:\/\/eltrabajo.cl\/portal\/wp-json\/wp\/v2\/types\/post"}],"author":[{"embeddable":true,"href":"https:\/\/eltrabajo.cl\/portal\/wp-json\/wp\/v2\/users\/482"}],"replies":[{"embeddable":true,"href":"https:\/\/eltrabajo.cl\/portal\/wp-json\/wp\/v2\/comments?post=64670"}],"version-history":[{"count":0,"href":"https:\/\/eltrabajo.cl\/portal\/wp-json\/wp\/v2\/posts\/64670\/revisions"}],"wp:featuredmedia":[{"embeddable":true,"href":"https:\/\/eltrabajo.cl\/portal\/wp-json\/wp\/v2\/media\/64671"}],"wp:attachment":[{"href":"https:\/\/eltrabajo.cl\/portal\/wp-json\/wp\/v2\/media?parent=64670"}],"wp:term":[{"taxonomy":"category","embeddable":true,"href":"https:\/\/eltrabajo.cl\/portal\/wp-json\/wp\/v2\/categories?post=64670"},{"taxonomy":"post_tag","embeddable":true,"href":"https:\/\/eltrabajo.cl\/portal\/wp-json\/wp\/v2\/tags?post=64670"}],"curies":[{"name":"wp","href":"https:\/\/api.w.org\/{rel}","templated":true}]}}